{"id":75857,"date":"2023-09-15T16:40:03","date_gmt":"2023-09-15T14:40:03","guid":{"rendered":"https:\/\/www.errecom.com\/?p=75857"},"modified":"2023-09-15T16:43:46","modified_gmt":"2023-09-15T14:43:46","slug":"strato-di-ozono-e-clima-le-responsabilita-dellindustria-del-freddo-e-della-climatizzazione","status":"publish","type":"post","link":"https:\/\/www.errecom.com\/it\/strato-di-ozono-e-clima-le-responsabilita-dellindustria-del-freddo-e-della-climatizzazione\/","title":{"rendered":"Strato di ozono e clima: le responsabilit\u00e0 dell\u2019industria del freddo e della climatizzazione"},"content":{"rendered":"\t\t<div data-elementor-type=\"wp-post\" data-elementor-id=\"75857\" class=\"elementor elementor-75857\" data-elementor-post-type=\"post\">\n\t\t\t\t\t\t<section class=\"elementor-section elementor-top-section elementor-element elementor-element-52d745ca elementor-section-boxed elementor-section-height-default elementor-section-height-default\" data-id=\"52d745ca\" data-element_type=\"section\" id=\"article-head\">\n\t\t\t\t\t\t<div class=\"elementor-container elementor-column-gap-default\">\n\t\t\t\t\t<div class=\"elementor-column elementor-col-100 elementor-top-column elementor-element elementor-element-192e592b\" data-id=\"192e592b\" data-element_type=\"column\">\n\t\t\t<div class=\"elementor-widget-wrap elementor-element-populated\">\n\t\t\t\t\t\t<div class=\"elementor-element elementor-element-5a4b1f6d elementor-widget elementor-widget-heading\" data-id=\"5a4b1f6d\" data-element_type=\"widget\" data-widget_type=\"heading.default\">\n\t\t\t\t<div class=\"elementor-widget-container\">\n\t\t\t<h1 class=\"elementor-heading-title elementor-size-default\">Strato di ozono e clima: le responsabilit\u00e0 dell\u2019industria del freddo e della climatizzazione<\/h1>\t\t<\/div>\n\t\t\t\t<\/div>\n\t\t\t\t<div class=\"elementor-element elementor-element-2880ddfa elementor-widget elementor-widget-text-editor\" data-id=\"2880ddfa\" data-element_type=\"widget\" data-widget_type=\"text-editor.default\">\n\t\t\t\t<div class=\"elementor-widget-container\">\n\t\t\t\t\t\t\tLo strato di ozono: un elemento invisibile e impercettibile nella nostra atmosfera, eppure estremamente fondamentale per il futuro del pianeta e dell\u2019umanit\u00e0. Cos\u00ec importante che si \u00e8 deciso di celebrarne la tutela con l\u2019istituzione di un\u2019apposita giornata internazionale, il 16 settembre di ogni anno. Il settore del freddo \u00e8 altamente coinvolto in questa tematica considerando soprattutto l\u2019utilizzo massiccio avvenuto in passato dei gas refrigeranti CFC, principali protagonisti nella creazione del buco dell\u2019ozono.\t\t\t\t\t\t<\/div>\n\t\t\t\t<\/div>\n\t\t\t\t<div class=\"elementor-element elementor-element-4c12be96 elementor-widget elementor-widget-shortcode\" data-id=\"4c12be96\" data-element_type=\"widget\" data-widget_type=\"shortcode.default\">\n\t\t\t\t<div class=\"elementor-widget-container\">\n\t\t\t\t\t<div class=\"elementor-shortcode\"><span class=\"my-reading-time\"><span class=\"my-reading-time-label\">Tempo di lettura: <\/span><span class=\"my-reading-time-value\">4 min<\/span><\/span><\/div>\n\t\t\t\t<\/div>\n\t\t\t\t<\/div>\n\t\t\t\t\t<\/div>\n\t\t<\/div>\n\t\t\t\t\t<\/div>\n\t\t<\/section>\n\t\t\t\t<section class=\"elementor-section elementor-top-section elementor-element elementor-element-57b4227a elementor-section-boxed elementor-section-height-default elementor-section-height-default\" data-id=\"57b4227a\" data-element_type=\"section\">\n\t\t\t\t\t\t<div class=\"elementor-container elementor-column-gap-default\">\n\t\t\t\t\t<div class=\"elementor-column elementor-col-100 elementor-top-column elementor-element elementor-element-549d960\" data-id=\"549d960\" data-element_type=\"column\">\n\t\t\t<div class=\"elementor-widget-wrap elementor-element-populated\">\n\t\t\t\t\t\t<div class=\"elementor-element elementor-element-503bec1c elementor-widget elementor-widget-image\" data-id=\"503bec1c\" data-element_type=\"widget\" data-widget_type=\"image.default\">\n\t\t\t\t<div class=\"elementor-widget-container\">\n\t\t\t\t\t\t\t\t\t\t\t\t\t<img fetchpriority=\"high\" decoding=\"async\" width=\"1778\" height=\"1000\" src=\"https:\/\/www.errecom.com\/wp-content\/uploads\/2023\/09\/WORLD-OZONE-DAY-2023-2.png\" class=\"attachment-full size-full wp-image-75910\" alt=\"\" srcset=\"https:\/\/www.errecom.com\/wp-content\/uploads\/2023\/09\/WORLD-OZONE-DAY-2023-2.png 1778w, https:\/\/www.errecom.com\/wp-content\/uploads\/2023\/09\/WORLD-OZONE-DAY-2023-2-300x169.png 300w, https:\/\/www.errecom.com\/wp-content\/uploads\/2023\/09\/WORLD-OZONE-DAY-2023-2-1024x576.png 1024w, https:\/\/www.errecom.com\/wp-content\/uploads\/2023\/09\/WORLD-OZONE-DAY-2023-2-768x432.png 768w, https:\/\/www.errecom.com\/wp-content\/uploads\/2023\/09\/WORLD-OZONE-DAY-2023-2-1536x864.png 1536w, https:\/\/www.errecom.com\/wp-content\/uploads\/2023\/09\/WORLD-OZONE-DAY-2023-2-100x56.png 100w\" sizes=\"(max-width: 1778px) 100vw, 1778px\" \/>\t\t\t\t\t\t\t\t\t\t\t\t\t<\/div>\n\t\t\t\t<\/div>\n\t\t\t\t\t<\/div>\n\t\t<\/div>\n\t\t\t\t\t<\/div>\n\t\t<\/section>\n\t\t\t\t<section class=\"elementor-section elementor-top-section elementor-element elementor-element-2c882153 dc-has-condition dc-condition-contains elementor-section-boxed elementor-section-height-default elementor-section-height-default\" data-id=\"2c882153\" data-element_type=\"section\" id=\"article-body\">\n\t\t\t\t\t\t<div class=\"elementor-container elementor-column-gap-default\">\n\t\t\t\t\t<div class=\"elementor-column elementor-col-100 elementor-top-column elementor-element elementor-element-87d9926\" data-id=\"87d9926\" data-element_type=\"column\">\n\t\t\t<div class=\"elementor-widget-wrap elementor-element-populated\">\n\t\t\t\t\t\t<div class=\"elementor-element elementor-element-6be4e85e elementor-widget elementor-widget-text-editor\" data-id=\"6be4e85e\" data-element_type=\"widget\" data-widget_type=\"text-editor.default\">\n\t\t\t\t<div class=\"elementor-widget-container\">\n\t\t\t\t\t\t\t<p>Sono passati ormai oltre 35 anni da quando un gruppo di scienziati del British Antarctic Survey scopriva il buco dell\u2019ozono sopra l\u2019Antartide e, con esso, accresceva nella comunit\u00e0 mondiale la consapevolezza sulla pericolosit\u00e0 dei raggi UV. Lo strato di ozono, infatti, ricordiamo essere una parte sottile dell\u2019atmosfera terrestre designata ad assorbire le radiazioni ultraviolette del sole. Un assottigliamento di tale strato, pertanto, ne riduce inevitabilmente le capacit\u00e0 filtranti, permettendo alle radiazioni solari di raggiungere la superficie terrestre con gravi conseguenze sull\u2019ambiente e sulla salute degli esseri umani: tumori della pelle, danni agli occhi e alla vista, impatto negativo sulla produzione agricola e molto altro.<\/p><p>La causa principale di tale assottigliamento fu riscontrata nei <a href=\"https:\/\/www.interfred.it\/Aziende\/Refrigeranti\/CFC.asp\" target=\"_blank\" rel=\"noopener\">CFC (clorofluorocarburi)<\/a>, gas refrigeranti all\u2019epoca comunemente presenti in bombole spray, isolanti in schiuma e, soprattutto, largamente utilizzati nell\u2019industria della climatizzazione e della refrigerazione in quanto altamente stabili da un punto di vista chimico, non tossici, non infiammabili e prodotti ad un costo relativamente contenuto. <br \/>In seguito a tale scoperta, avvenuta nel 1985, l\u2019intero mondo si adoper\u00f2 per trovare una rapida soluzione. Il Protocollo di Montreal, firmato nel 1987, solo due anni dopo, sanc\u00ec definitivamente l\u2019impegno di 197 nazioni a eliminare gradualmente la produzione di CFC. Definito dai maggiori esponenti della comunit\u00e0 scientifica come \u201cil trattato ambientale di maggior successo della storia\u201d, il Protocollo di Montreal ha reso possibile a tutti gli effetti un\u2019inversione di tendenza. Come annunciato a inizio anno nel <a href=\"https:\/\/www.unep.org\/news-and-stories\/press-release\/ozone-layer-recovery-track-helping-avoid-global-warming-05degc\" target=\"_blank\" rel=\"noopener\">rapporto dell\u2019ONU<\/a> i risultati ottenuti dalle politiche messe a punto dal 1987 a oggi sono molto positivi. Se rimarranno in vigore, infatti, si prevede che lo strato di ozono torner\u00e0 ai valori del 1980 entro il 2040 (salvo attendere il 2045 per l\u2019Artico e il 2066 per l&#8217;Antartico).<\/p><p>Non mancano, tuttavia, le cattive notizie. Secondo uno studio condotto da un gruppo di scienziati della University of Bristol e del NOAA (National Oceanic and Atmospheric Administration), tra il 2010 e il 2020 \u00e8 stata rilevata in atmosfera <a href=\"https:\/\/www.newscientist.com\/article\/2367525-ozone-destroying-cfc-chemicals-are-on-the-rise-again-despite-ban\/\" target=\"_blank\" rel=\"noopener\">una concentrazione particolarmente elevata di 5 CFC<\/a>.<\/p><p>Sebbene gli esperti assicurino che questo fatto non interferir\u00e0 con le tempistiche ipotizzate per il ripristino dello strato di ozono, il team di ricerca ha stimato che questa concentrazione di CFC nell\u2019atmosfera ha influito negativamente sul surriscaldamento globale. Solo nel 2020, infatti, ha generato un incremento nel riscaldamento del pianeta equiparabile a quello generato dalle emissioni di CO<sub>2<\/sub> di un Paese come la Svizzera. Attenzione e rispetto delle norme, quindi, rimangono fondamentali.<\/p><p>Triste a dirlo, ma la questione del buco dell\u2019ozono ha, senza dubbio, contribuito a sensibilizzare l\u2019opinione pubblica e, nello specifico, la comunit\u00e0 del freddo sull\u2019importanza della tutela dell\u2019ambiente.<\/p><p>I passi compiuti dal 1985 lo dimostrano: dalla quasi totale assenza di consapevolezza circa i rischi ambientali dei clorofluorocarburi si \u00e8 arrivati ai gas refrigeranti a basso GWP che utilizziamo oggi, in un percorso compiuto non dall\u2019oggi al domani ma in quasi 40 anni di ricerca, errori e miglioramenti.<\/p><p>Il concetto stesso di perdita di gas refrigerante ha acquisito un valore diverso nel tempo, complice la stessa Normativa Europea F-Gas creata per regolamentare a fondo la gestione dei gas fluorurati prevedendo, inoltre, figure professionali certificate. La definizione di obiettivi chiari legati a deadline improrogabili e l\u2019inserimento di sanzioni specifiche in caso di inadempienza nelle riparazioni e nei controlli sottolinea, ancora di pi\u00f9, l\u2019attenzione globale rivolta al problema.<\/p><p>La mission di Errecom? Aumentare, sia nei professionisti del settore che negli utenti finali, la consapevolezza dell\u2019importanza della manutenzione, non solo in ottica risolutiva ma anche e soprattutto preventiva. Le notizie di oggi insegnano: non c\u2019\u00e8 pi\u00f9 tempo da perdere!<\/p>\t\t\t\t\t\t<\/div>\n\t\t\t\t<\/div>\n\t\t\t\t\t<\/div>\n\t\t<\/div>\n\t\t\t\t\t<\/div>\n\t\t<\/section>\n\t\t\t\t<\/div>\n\t\t","protected":false},"excerpt":{"rendered":"<p>Strato di ozono e clima: le responsabilit\u00e0 dell\u2019industria del freddo e della climatizzazione Lo strato di ozono: un elemento invisibile e impercettibile nella nostra atmosfera, eppure estremamente fondamentale per il futuro del pianeta e dell\u2019umanit\u00e0. Cos\u00ec importante che si \u00e8 deciso di celebrarne la tutela con l\u2019istituzione di un\u2019apposita giornata internazionale, il 16 settembre di [&hellip;]<\/p>\n <a href=\"https:\/\/www.errecom.com\/it\/strato-di-ozono-e-clima-le-responsabilita-dellindustria-del-freddo-e-della-climatizzazione\/\" class=\"more-link\" title=\"Read More\">Leggi di pi\u00f9<\/a>","protected":false},"author":7,"featured_media":75892,"comment_status":"closed","ping_status":"closed","sticky":false,"template":"","format":"standard","meta":{"_acf_changed":false,"footnotes":""},"categories":[55],"tags":[],"yst_prominent_words":[],"class_list":["post-75857","post","type-post","status-publish","format-standard","has-post-thumbnail","hentry","category-manutenzione-impianti-ac-r"],"acf":[],"_links":{"self":[{"href":"https:\/\/www.errecom.com\/it\/wp-json\/wp\/v2\/posts\/75857","targetHints":{"allow":["GET"]}}],"collection":[{"href":"https:\/\/www.errecom.com\/it\/wp-json\/wp\/v2\/posts"}],"about":[{"href":"https:\/\/www.errecom.com\/it\/wp-json\/wp\/v2\/types\/post"}],"author":[{"embeddable":true,"href":"https:\/\/www.errecom.com\/it\/wp-json\/wp\/v2\/users\/7"}],"replies":[{"embeddable":true,"href":"https:\/\/www.errecom.com\/it\/wp-json\/wp\/v2\/comments?post=75857"}],"version-history":[{"count":14,"href":"https:\/\/www.errecom.com\/it\/wp-json\/wp\/v2\/posts\/75857\/revisions"}],"predecessor-version":[{"id":75926,"href":"https:\/\/www.errecom.com\/it\/wp-json\/wp\/v2\/posts\/75857\/revisions\/75926"}],"wp:featuredmedia":[{"embeddable":true,"href":"https:\/\/www.errecom.com\/it\/wp-json\/wp\/v2\/media\/75892"}],"wp:attachment":[{"href":"https:\/\/www.errecom.com\/it\/wp-json\/wp\/v2\/media?parent=75857"}],"wp:term":[{"taxonomy":"category","embeddable":true,"href":"https:\/\/www.errecom.com\/it\/wp-json\/wp\/v2\/categories?post=75857"},{"taxonomy":"post_tag","embeddable":true,"href":"https:\/\/www.errecom.com\/it\/wp-json\/wp\/v2\/tags?post=75857"},{"taxonomy":"yst_prominent_words","embeddable":true,"href":"https:\/\/www.errecom.com\/it\/wp-json\/wp\/v2\/yst_prominent_words?post=75857"}],"curies":[{"name":"wp","href":"https:\/\/api.w.org\/{rel}","templated":true}]}}