{"id":74247,"date":"2023-05-19T09:27:00","date_gmt":"2023-05-19T07:27:00","guid":{"rendered":"https:\/\/www.errecom.com\/?p=74247"},"modified":"2023-05-22T10:24:47","modified_gmt":"2023-05-22T08:24:47","slug":"errecom-speaker-al-xx-convegno-europeo-del-freddo-e-del-condizionamento","status":"publish","type":"post","link":"https:\/\/www.errecom.com\/it\/errecom-speaker-al-xx-convegno-europeo-del-freddo-e-del-condizionamento\/","title":{"rendered":"Errecom speaker al XX Convegno Europeo del freddo e del condizionamento"},"content":{"rendered":"\t\t<div data-elementor-type=\"wp-post\" data-elementor-id=\"74247\" class=\"elementor elementor-74247\" data-elementor-post-type=\"post\">\n\t\t\t\t\t\t<section class=\"elementor-section elementor-top-section elementor-element elementor-element-1cb6cc04 elementor-section-boxed elementor-section-height-default elementor-section-height-default\" data-id=\"1cb6cc04\" data-element_type=\"section\" id=\"article-head\">\n\t\t\t\t\t\t<div class=\"elementor-container elementor-column-gap-default\">\n\t\t\t\t\t<div class=\"elementor-column elementor-col-100 elementor-top-column elementor-element elementor-element-35f93996\" data-id=\"35f93996\" data-element_type=\"column\">\n\t\t\t<div class=\"elementor-widget-wrap elementor-element-populated\">\n\t\t\t\t\t\t<div class=\"elementor-element elementor-element-d29029c elementor-widget elementor-widget-video\" data-id=\"d29029c\" data-element_type=\"widget\" data-settings=\"{&quot;youtube_url&quot;:&quot;https:\\\/\\\/youtu.be\\\/rWXRJEjVLfs&quot;,&quot;show_image_overlay&quot;:&quot;yes&quot;,&quot;image_overlay&quot;:{&quot;url&quot;:&quot;https:\\\/\\\/www.errecom.com\\\/wp-content\\\/uploads\\\/2023\\\/05\\\/copertina_youtube.png&quot;,&quot;id&quot;:74290,&quot;size&quot;:&quot;&quot;,&quot;alt&quot;:&quot;&quot;,&quot;source&quot;:&quot;library&quot;},&quot;video_type&quot;:&quot;youtube&quot;,&quot;controls&quot;:&quot;yes&quot;}\" data-widget_type=\"video.default\">\n\t\t\t\t<div class=\"elementor-widget-container\">\n\t\t\t\t\t<div class=\"elementor-wrapper elementor-open-inline\">\n\t\t\t<div class=\"elementor-video\"><\/div>\t\t\t\t<div class=\"elementor-custom-embed-image-overlay\" style=\"background-image: url(https:\/\/www.errecom.com\/wp-content\/uploads\/2023\/05\/copertina_youtube.png);\">\n\t\t\t\t\t\t\t\t\t\t\t\t\t\t\t\t<div class=\"elementor-custom-embed-play\" role=\"button\" aria-label=\"Riproduci video\" tabindex=\"0\">\n\t\t\t\t\t\t\t<i aria-hidden=\"true\" class=\"eicon-play\"><\/i>\t\t\t\t\t\t\t<span class=\"elementor-screen-only\">Riproduci video<\/span>\n\t\t\t\t\t\t<\/div>\n\t\t\t\t\t\t\t\t\t<\/div>\n\t\t\t\t\t<\/div>\n\t\t\t\t<\/div>\n\t\t\t\t<\/div>\n\t\t\t\t<div class=\"elementor-element elementor-element-2a26831f elementor-widget elementor-widget-heading\" data-id=\"2a26831f\" data-element_type=\"widget\" data-widget_type=\"heading.default\">\n\t\t\t\t<div class=\"elementor-widget-container\">\n\t\t\t<h1 class=\"elementor-heading-title elementor-size-default\">Errecom speaker al XX Convegno Europeo del freddo e del condizionamento<\/h1>\t\t<\/div>\n\t\t\t\t<\/div>\n\t\t\t\t<div class=\"elementor-element elementor-element-58f11bc7 elementor-widget elementor-widget-text-editor\" data-id=\"58f11bc7\" data-element_type=\"widget\" data-widget_type=\"text-editor.default\">\n\t\t\t\t<div class=\"elementor-widget-container\">\n\t\t\t\t\t\t\t<p>Sul palco del pi\u00f9 importante evento europeo del freddo, Errecom ci sar\u00e0. Anche questa volta. Il XX Convegno Europeo riconferma la presenza di Errecom, unica azienda chimica ad intervenire sulle ultime tecnologie della refrigerazione e climatizzazione al fianco dei principali OEM, player e protagonisti del settore.<\/p>\t\t\t\t\t\t<\/div>\n\t\t\t\t<\/div>\n\t\t\t\t<div class=\"elementor-element elementor-element-59ffd54 elementor-widget elementor-widget-shortcode\" data-id=\"59ffd54\" data-element_type=\"widget\" data-widget_type=\"shortcode.default\">\n\t\t\t\t<div class=\"elementor-widget-container\">\n\t\t\t\t\t<div class=\"elementor-shortcode\"><span class=\"my-reading-time\"><span class=\"my-reading-time-label\">Tempo di lettura: <\/span><span class=\"my-reading-time-value\">4 min<\/span><\/span><\/div>\n\t\t\t\t<\/div>\n\t\t\t\t<\/div>\n\t\t\t\t\t<\/div>\n\t\t<\/div>\n\t\t\t\t\t<\/div>\n\t\t<\/section>\n\t\t\t\t<section class=\"elementor-section elementor-top-section elementor-element elementor-element-124fa20f dc-has-condition dc-condition-contains elementor-section-boxed elementor-section-height-default elementor-section-height-default\" data-id=\"124fa20f\" data-element_type=\"section\" id=\"article-body\">\n\t\t\t\t\t\t<div class=\"elementor-container elementor-column-gap-default\">\n\t\t\t\t\t<div class=\"elementor-column elementor-col-100 elementor-top-column elementor-element elementor-element-53917fbf\" data-id=\"53917fbf\" data-element_type=\"column\">\n\t\t\t<div class=\"elementor-widget-wrap elementor-element-populated\">\n\t\t\t\t\t\t<div class=\"elementor-element elementor-element-32a87c26 elementor-widget elementor-widget-text-editor\" data-id=\"32a87c26\" data-element_type=\"widget\" data-widget_type=\"text-editor.default\">\n\t\t\t\t<div class=\"elementor-widget-container\">\n\t\t\t\t\t\t\t<p>L\u2019appuntamento \u00e8 previsto per l\u20198 e il 9 giugno 2023 e torna quest\u2019anno nella sede storica, il Politecnico di Milano, dopo l\u2019ultima edizione del 2021 che, causa pandemia, era stata svolta in versione ibrida. Organizzato da Centro Studi Galileo con il patrocinio del Ministero dell\u2019Ambiente e della Sicurezza Energetica, il <a href=\"https:\/\/www.centrogalileo.it\/convegni\/\" target=\"_blank\" rel=\"noopener\">Convegno Europeo<\/a> rappresenta a tutti gli effetti l\u2019evento di riferimento per delineare il futuro del settore HVAC\/R.<br \/>Anche per questa ventesima edizione, fondamentale la collaborazione con i maggiori esponenti di ambiente e refrigerazione: Nazioni Unite, AREA (Unione di ventiquattro associazioni del Freddo Europeo), IIF\/IIR (Istituto Internazionale del Freddo, Parigi), ATF (Associazione Italiana dei Tecnici del Freddo) e REI (Renewable Energy Institute).<\/p><p>Tra i 40 speaker sar\u00e0 presente anche Errecom, con l\u2019intervento della Dr.ssa Stefania Pompeo, Laboratory Manager, dal titolo \u201cEfficienza: il driver per un futuro sostenibile\u201d.<\/p><p>Quella che il settore HVAC\/R dovr\u00e0 affrontare in questi anni \u00e8 una sfida senza eguali che pu\u00f2 trovare risposta solo in percorsi di crescita sostenibili. I numeri dell\u2019International Energy Agency parlano chiaro: il fabbisogno energetico globale dei climatizzatori triplicher\u00e0 entro il 2050, rendendo necessario un aumento di capacit\u00e0 elettrica equivalente a quella complessivamente usata oggi da Stati Uniti, UE e Giappone. Il surriscaldamento globale sta rendendo la climatizzazione un bene di sopravvivenza al pari della refrigerazione e questa esigenza, se non controllata in termini di sostenibilit\u00e0, rischia di peggiorare ulteriormente la situazione ambientale. Da un lato, si rende necessario aumentare l\u2019energia prodotta da fonti rinnovabili, dall\u2019altro si fa sempre pi\u00f9 determinante la necessit\u00e0 di incrementare l\u2019efficienza degli impianti. Tra le diverse best practice di manutenzione necessarie a tale scopo troviamo un\u2019attivit\u00e0 tanto semplice quanto sottovalutata: la pulizia. E proprio su tale argomento si focalizzer\u00e0 l\u2019intervento della Dr.ssa Pompeo, previsto nella seconda sessione dell\u20198 giugno. Filtri, batterie alettate e linee frigorifere: \u00e8 specialmente qui che contaminanti di varia origine e natura si accumulano, riducendo le prestazioni dell\u2019impianto e, di conseguenza, incrementandone i consumi energetici. Anche un intervento semplice come la pulizia, per\u00f2, pu\u00f2 comportare un impatto sull\u2019ambiente, ecco perch\u00e9 \u00e8 necessario agire con competenza e professionalit\u00e0. Se in certi casi quando, come e con che frequenza intervenire sono domande le cui risposte possono essere lasciate all\u2019esperienza dei tecnici del settore, in altri serve avvalersi della garanzia di test puntuali e professionali per accertarsi del raggiungimento dell\u2019obiettivo. Evitare inutili sprechi di prodotto e ridurre al minimo l\u2019utilizzo di liquidi di lavaggio il cui smaltimento va eseguito correttamente sono solo alcuni degli aspetti legati alla pulizia delle linee frigorifere che impattano ulteriormente sull\u2019ambiente.<\/p><p>Creare consapevolezza: \u00e8 questo l\u2019obiettivo principale di Errecom che presenzier\u00e0 con estremo orgoglio per la terza volta al Convegno Europeo.<\/p><p>Scienza e tecnologia devono necessariamente evolversi e stare al passo con i tempi per rendere sostenibile il settore del freddo ma, troppo spesso, ci si dimentica che le rivoluzioni pi\u00f9 grandi partono dalla base. Serve istruire e formare i tecnici HVAC\/R che ogni giorno vivono sul campo in prima persona le problematiche e la gestione di tali impianti. L\u2019efficienza dei sistemi \u00e8 anche nelle loro mani e sta ai leader del settore fornire loro gli strumenti pi\u00f9 idonei per permettergli di eseguire interventi professionali, efficaci e sostenibili.<\/p>\t\t\t\t\t\t<\/div>\n\t\t\t\t<\/div>\n\t\t\t\t\t<\/div>\n\t\t<\/div>\n\t\t\t\t\t<\/div>\n\t\t<\/section>\n\t\t\t\t<\/div>\n\t\t","protected":false},"excerpt":{"rendered":"<p>Errecom speaker al XX Convegno Europeo del freddo e del condizionamento Sul palco del pi\u00f9 importante evento europeo del freddo, Errecom ci sar\u00e0. Anche questa volta. Il XX Convegno Europeo riconferma la presenza di Errecom, unica azienda chimica ad intervenire sulle ultime tecnologie della refrigerazione e climatizzazione al fianco dei principali OEM, player e protagonisti [&hellip;]<\/p>\n <a href=\"https:\/\/www.errecom.com\/it\/errecom-speaker-al-xx-convegno-europeo-del-freddo-e-del-condizionamento\/\" class=\"more-link\" title=\"Read More\">Leggi di pi\u00f9<\/a>","protected":false},"author":7,"featured_media":74318,"comment_status":"closed","ping_status":"closed","sticky":false,"template":"","format":"standard","meta":{"_acf_changed":false,"footnotes":""},"categories":[52],"tags":[],"yst_prominent_words":[],"class_list":["post-74247","post","type-post","status-publish","format-standard","has-post-thumbnail","hentry","category-eventi"],"acf":[],"_links":{"self":[{"href":"https:\/\/www.errecom.com\/it\/wp-json\/wp\/v2\/posts\/74247","targetHints":{"allow":["GET"]}}],"collection":[{"href":"https:\/\/www.errecom.com\/it\/wp-json\/wp\/v2\/posts"}],"about":[{"href":"https:\/\/www.errecom.com\/it\/wp-json\/wp\/v2\/types\/post"}],"author":[{"embeddable":true,"href":"https:\/\/www.errecom.com\/it\/wp-json\/wp\/v2\/users\/7"}],"replies":[{"embeddable":true,"href":"https:\/\/www.errecom.com\/it\/wp-json\/wp\/v2\/comments?post=74247"}],"version-history":[{"count":31,"href":"https:\/\/www.errecom.com\/it\/wp-json\/wp\/v2\/posts\/74247\/revisions"}],"predecessor-version":[{"id":74343,"href":"https:\/\/www.errecom.com\/it\/wp-json\/wp\/v2\/posts\/74247\/revisions\/74343"}],"wp:featuredmedia":[{"embeddable":true,"href":"https:\/\/www.errecom.com\/it\/wp-json\/wp\/v2\/media\/74318"}],"wp:attachment":[{"href":"https:\/\/www.errecom.com\/it\/wp-json\/wp\/v2\/media?parent=74247"}],"wp:term":[{"taxonomy":"category","embeddable":true,"href":"https:\/\/www.errecom.com\/it\/wp-json\/wp\/v2\/categories?post=74247"},{"taxonomy":"post_tag","embeddable":true,"href":"https:\/\/www.errecom.com\/it\/wp-json\/wp\/v2\/tags?post=74247"},{"taxonomy":"yst_prominent_words","embeddable":true,"href":"https:\/\/www.errecom.com\/it\/wp-json\/wp\/v2\/yst_prominent_words?post=74247"}],"curies":[{"name":"wp","href":"https:\/\/api.w.org\/{rel}","templated":true}]}}