{"id":73415,"date":"2024-02-13T14:40:24","date_gmt":"2024-02-13T13:40:24","guid":{"rendered":"https:\/\/www.errecom.com\/?p=73415"},"modified":"2024-02-13T15:21:52","modified_gmt":"2024-02-13T14:21:52","slug":"sostenibilita-ed-efficienza-energetica-per-lhvac","status":"publish","type":"post","link":"https:\/\/www.errecom.com\/it\/sostenibilita-ed-efficienza-energetica-per-lhvac\/","title":{"rendered":"Sostenibilit\u00e0 ed efficienza energetica per l\u2019HVAC"},"content":{"rendered":"\t\t<div data-elementor-type=\"wp-post\" data-elementor-id=\"73415\" class=\"elementor elementor-73415\" data-elementor-post-type=\"post\">\n\t\t\t\t\t\t<section class=\"elementor-section elementor-top-section elementor-element elementor-element-7e0a3a3f elementor-section-boxed elementor-section-height-default elementor-section-height-default\" data-id=\"7e0a3a3f\" data-element_type=\"section\" id=\"article-head\">\n\t\t\t\t\t\t<div class=\"elementor-container elementor-column-gap-default\">\n\t\t\t\t\t<div class=\"elementor-column elementor-col-100 elementor-top-column elementor-element elementor-element-6c42660\" data-id=\"6c42660\" data-element_type=\"column\">\n\t\t\t<div class=\"elementor-widget-wrap elementor-element-populated\">\n\t\t\t\t\t\t<div class=\"elementor-element elementor-element-2a64c862 elementor-widget elementor-widget-heading\" data-id=\"2a64c862\" data-element_type=\"widget\" data-widget_type=\"heading.default\">\n\t\t\t\t<div class=\"elementor-widget-container\">\n\t\t\t<h1 class=\"elementor-heading-title elementor-size-default\">Sostenibilit\u00e0 ed efficienza energetica per l\u2019HVAC<\/h1>\t\t<\/div>\n\t\t\t\t<\/div>\n\t\t\t\t<div class=\"elementor-element elementor-element-134eed5b elementor-widget elementor-widget-text-editor\" data-id=\"134eed5b\" data-element_type=\"widget\" data-widget_type=\"text-editor.default\">\n\t\t\t\t<div class=\"elementor-widget-container\">\n\t\t\t\t\t\t\tSostenibilit\u00e0 ed efficienza energetica: per celebrarle basta un giorno, per ottenerle anni di ricerca, impegno costante e una strategia future-oriented. Istituita ufficialmente l\u2019anno scorso nella data del 16 febbraio a seguito della conversione del Decreto Legge n.17\/2022 dal Parlamento italiano, la Giornata Nazionale del Risparmio Energetico e degli Stili di Vita Sostenibili ha come scopo quello di promuovere a livello nazionale la tutela dell\u2019ambiente e delle risorse naturali.\t\t\t\t\t\t<\/div>\n\t\t\t\t<\/div>\n\t\t\t\t<div class=\"elementor-element elementor-element-4808506 elementor-widget elementor-widget-shortcode\" data-id=\"4808506\" data-element_type=\"widget\" data-widget_type=\"shortcode.default\">\n\t\t\t\t<div class=\"elementor-widget-container\">\n\t\t\t\t\t<div class=\"elementor-shortcode\"><span class=\"my-reading-time\"><span class=\"my-reading-time-label\">Tempo di lettura: <\/span><span class=\"my-reading-time-value\">4 min<\/span><\/span><\/div>\n\t\t\t\t<\/div>\n\t\t\t\t<\/div>\n\t\t\t\t\t<\/div>\n\t\t<\/div>\n\t\t\t\t\t<\/div>\n\t\t<\/section>\n\t\t\t\t<section class=\"elementor-section elementor-top-section elementor-element elementor-element-72470d26 elementor-section-boxed elementor-section-height-default elementor-section-height-default\" data-id=\"72470d26\" data-element_type=\"section\">\n\t\t\t\t\t\t<div class=\"elementor-container elementor-column-gap-default\">\n\t\t\t\t\t<div class=\"elementor-column elementor-col-100 elementor-top-column elementor-element elementor-element-24d21535\" data-id=\"24d21535\" data-element_type=\"column\">\n\t\t\t<div class=\"elementor-widget-wrap elementor-element-populated\">\n\t\t\t\t\t\t<div class=\"elementor-element elementor-element-6133ca6b elementor-widget elementor-widget-image\" data-id=\"6133ca6b\" data-element_type=\"widget\" data-widget_type=\"image.default\">\n\t\t\t\t<div class=\"elementor-widget-container\">\n\t\t\t\t\t\t\t\t\t\t\t\t\t<img fetchpriority=\"high\" decoding=\"async\" width=\"1152\" height=\"648\" src=\"https:\/\/www.errecom.com\/wp-content\/uploads\/2023\/02\/GIORNATA-DEL-RISPARMIO.jpg\" class=\"attachment-full size-full wp-image-73426\" alt=\"\" srcset=\"https:\/\/www.errecom.com\/wp-content\/uploads\/2023\/02\/GIORNATA-DEL-RISPARMIO.jpg 1152w, https:\/\/www.errecom.com\/wp-content\/uploads\/2023\/02\/GIORNATA-DEL-RISPARMIO-300x169.jpg 300w, https:\/\/www.errecom.com\/wp-content\/uploads\/2023\/02\/GIORNATA-DEL-RISPARMIO-1024x576.jpg 1024w, https:\/\/www.errecom.com\/wp-content\/uploads\/2023\/02\/GIORNATA-DEL-RISPARMIO-768x432.jpg 768w, https:\/\/www.errecom.com\/wp-content\/uploads\/2023\/02\/GIORNATA-DEL-RISPARMIO-100x56.jpg 100w\" sizes=\"(max-width: 1152px) 100vw, 1152px\" \/>\t\t\t\t\t\t\t\t\t\t\t\t\t<\/div>\n\t\t\t\t<\/div>\n\t\t\t\t\t<\/div>\n\t\t<\/div>\n\t\t\t\t\t<\/div>\n\t\t<\/section>\n\t\t\t\t<section class=\"elementor-section elementor-top-section elementor-element elementor-element-49a11c0 dc-has-condition dc-condition-contains elementor-section-boxed elementor-section-height-default elementor-section-height-default\" data-id=\"49a11c0\" data-element_type=\"section\" id=\"article-body\">\n\t\t\t\t\t\t<div class=\"elementor-container elementor-column-gap-default\">\n\t\t\t\t\t<div class=\"elementor-column elementor-col-100 elementor-top-column elementor-element elementor-element-4564feb7\" data-id=\"4564feb7\" data-element_type=\"column\">\n\t\t\t<div class=\"elementor-widget-wrap elementor-element-populated\">\n\t\t\t\t\t\t<div class=\"elementor-element elementor-element-55305db7 elementor-widget elementor-widget-text-editor\" data-id=\"55305db7\" data-element_type=\"widget\" data-widget_type=\"text-editor.default\">\n\t\t\t\t<div class=\"elementor-widget-container\">\n\t\t\t\t\t\t\t<p>Uno stile di vita, una scelta, uno dei temi pi\u00f9 dibattuti degli ultimi decenni: la sostenibilit\u00e0. Estremamente attuale, sfidante e a volte, purtroppo, addirittura sfruttata come trend per cavalcare l\u2019onda del momento. Definita come \u201ccondizione di uno sviluppo in grado di assicurare il soddisfacimento dei bisogni della generazione presente senza compromettere la possibilit\u00e0 delle generazioni future di realizzare i propri\u201d, la sostenibilit\u00e0 richiede una gestione responsabile ed equilibrata delle attuali esigenze economiche, sociali e ambientali. E, proprio per questo, non pu\u00f2 esistere sostenibilit\u00e0 senza efficienza energetica: evitare gli sprechi, abbattere le emissioni di CO<sub>2<\/sub> e diminuire i consumi di impianti, strutture e edifici fa parte dei principali obiettivi di governi, istituzioni e aziende votati alla sostenibilit\u00e0. Lo scopo della Giornata Nazionale del Risparmio Energetico e degli Stili di Vita Sostenibili \u00e8 proprio questo: sensibilizzare il Paese a tali tematiche, promuovendo attivit\u00e0, eventi e iniziative che incrementino la consapevolezza dei cittadini e stimolino comportamenti virtuosi in tema di sostenibilit\u00e0. Ne \u00e8 un chiaro esempio l\u2019iniziativa della trasmissione radiofonica Caterpillar di Rai Radio 2, <a href=\"https:\/\/www.raiplaysound.it\/articoli\/2021\/11\/Millumino-di-Meno-a40952e7-b8ec-44f3-967e-6d3c776df5e2.html\" target=\"_blank\" rel=\"noopener\">M\u2019illumino di Meno<\/a>, addirittura precedente all\u2019istituzione della giornata e risalente al lontano 2005 quando, in occasione dell\u2019entrata in vigore del Protocollo di Kyoto, il programma propose agli ascoltatori di spegnere le luci con l\u2019obiettivo di ridurre l\u2019impatto ambientale. Negli anni la campagna green si \u00e8 evoluta, proponendo e condividendo svariate idee e progetti: piantare alberi, scegliere la bici anzich\u00e9 l\u2019auto, fare scelte di consumo pi\u00f9 sostenibili, evitare lo spreco alimentare, riciclare correttamente, ricorrere all\u2019energia pulita. Diversi gli enti e le associazioni che partecipano da anni all\u2019iniziativa radiofonica, come il Fai, ad esempio, che per quest\u2019anno ha organizzato cene a lume di candela in location esclusive e men\u00f9 realizzati con ingredienti a km zero.<\/p><p>Il settore HVAC, dal canto suo, \u00e8 ormai da diversi anni al centro della questione energetica e della salvaguardia del pianeta. \u00c8 sempre pi\u00f9 condivisa tra gli esperti la consapevolezza che il settore del freddo possa e debba contribuire a migliorare l\u2019efficienza energetica di edifici e trasporti a favore di una maggiore sostenibilit\u00e0 e un migliore stile di vita della comunit\u00e0 mondiale.<\/p><p>Anche Errecom, in qualit\u00e0 di attore del settore si impegna per fare la sua parte e lo dimostra l\u2019ottenimento per il secondo anno consecutivo del Sustainability Award, che annovera <a href=\"https:\/\/forbes.it\/2022\/10\/20\/sustainability-award-kon-group-e-credit-suisse-premiano-le-eccellenze-della-sostenibilita\/\" target=\"_blank\" rel=\"noopener\">Errecom tra le prime 100 aziende sostenibili in Italia<\/a>. Nello specifico, \u00e8 attraverso la chimica che l\u2019azienda bresciana contribuisce a migliorare l\u2019efficienza delle pompe di calore e degli impianti di climatizzazione e refrigerazione. Tali sistemi, infatti, non vanno intesi unicamente come un insieme di componenti meccanici. Al loro funzionamento contribuiscono anche il gas refrigerante e il lubrificante, elementi che, se trascurati, con il passare del tempo subiscono inevitabilmente un decadimento chimico provocando micro-perdite, oil fouling, umidit\u00e0 e acidit\u00e0. Senza considerare lo sporco e la polvere che, inevitabilmente, con il passare del tempo tendono ad accumularsi sulle batterie alettate delle unit\u00e0 interne ed esterne. Manutenzione e pulizia quindi, le parole d\u2019ordine!<\/p><p>Oltre all\u2019attenzione del laboratorio chimico nella ricerca di prodotti sempre pi\u00f9 all\u2019avanguardia per l\u2019incremento dell\u2019efficienza e una manutenzione sostenibile degli impianti, inoltre, Errecom \u00e8 da anni impegnata anche nella promozione di incontri formativi, <a href=\"https:\/\/www.youtube.com\/watch?t=7218&amp;v=BZJfpy-wARk&amp;feature=youtu.be\" target=\"_blank\" rel=\"noopener\">webinar<\/a> e interventi volti ad incrementare sensibilit\u00e0 e consapevolezza circa la possibilit\u00e0 di rendere pi\u00f9 green il settore dell\u2019HVAC. Per ottenere maggiori informazioni sulla manutenzione degli impianti AC\/R <a href=\"https:\/\/www.errecom.com\/it\/errecom-academy\/\" target=\"_blank\" rel=\"noopener\">iscrivetevi ad Errecom Academy<\/a>! \u00c8 facile, veloce e\u2026 gratuito!<\/p>\t\t\t\t\t\t<\/div>\n\t\t\t\t<\/div>\n\t\t\t\t\t<\/div>\n\t\t<\/div>\n\t\t\t\t\t<\/div>\n\t\t<\/section>\n\t\t\t\t<\/div>\n\t\t","protected":false},"excerpt":{"rendered":"<p>Sostenibilit\u00e0 ed efficienza energetica per l\u2019HVAC Sostenibilit\u00e0 ed efficienza energetica: per celebrarle basta un giorno, per ottenerle anni di ricerca, impegno costante e una strategia future-oriented. Istituita ufficialmente l\u2019anno scorso nella data del 16 febbraio a seguito della conversione del Decreto Legge n.17\/2022 dal Parlamento italiano, la Giornata Nazionale del Risparmio Energetico e degli Stili [&hellip;]<\/p>\n <a href=\"https:\/\/www.errecom.com\/it\/sostenibilita-ed-efficienza-energetica-per-lhvac\/\" class=\"more-link\" title=\"Read More\">Leggi di pi\u00f9<\/a>","protected":false},"author":7,"featured_media":73426,"comment_status":"closed","ping_status":"closed","sticky":false,"template":"","format":"standard","meta":{"_acf_changed":false,"footnotes":""},"categories":[55],"tags":[],"yst_prominent_words":[],"class_list":["post-73415","post","type-post","status-publish","format-standard","has-post-thumbnail","hentry","category-manutenzione-impianti-ac-r"],"acf":[],"_links":{"self":[{"href":"https:\/\/www.errecom.com\/it\/wp-json\/wp\/v2\/posts\/73415","targetHints":{"allow":["GET"]}}],"collection":[{"href":"https:\/\/www.errecom.com\/it\/wp-json\/wp\/v2\/posts"}],"about":[{"href":"https:\/\/www.errecom.com\/it\/wp-json\/wp\/v2\/types\/post"}],"author":[{"embeddable":true,"href":"https:\/\/www.errecom.com\/it\/wp-json\/wp\/v2\/users\/7"}],"replies":[{"embeddable":true,"href":"https:\/\/www.errecom.com\/it\/wp-json\/wp\/v2\/comments?post=73415"}],"version-history":[{"count":19,"href":"https:\/\/www.errecom.com\/it\/wp-json\/wp\/v2\/posts\/73415\/revisions"}],"predecessor-version":[{"id":73448,"href":"https:\/\/www.errecom.com\/it\/wp-json\/wp\/v2\/posts\/73415\/revisions\/73448"}],"wp:featuredmedia":[{"embeddable":true,"href":"https:\/\/www.errecom.com\/it\/wp-json\/wp\/v2\/media\/73426"}],"wp:attachment":[{"href":"https:\/\/www.errecom.com\/it\/wp-json\/wp\/v2\/media?parent=73415"}],"wp:term":[{"taxonomy":"category","embeddable":true,"href":"https:\/\/www.errecom.com\/it\/wp-json\/wp\/v2\/categories?post=73415"},{"taxonomy":"post_tag","embeddable":true,"href":"https:\/\/www.errecom.com\/it\/wp-json\/wp\/v2\/tags?post=73415"},{"taxonomy":"yst_prominent_words","embeddable":true,"href":"https:\/\/www.errecom.com\/it\/wp-json\/wp\/v2\/yst_prominent_words?post=73415"}],"curies":[{"name":"wp","href":"https:\/\/api.w.org\/{rel}","templated":true}]}}