{"id":66327,"date":"2022-08-01T09:00:00","date_gmt":"2022-08-01T07:00:00","guid":{"rendered":"https:\/\/www.errecom.com\/?p=66327"},"modified":"2022-11-18T09:38:58","modified_gmt":"2022-11-18T08:38:58","slug":"caldo-estremo-climatizzazione-necessaria-per-sopravvivere","status":"publish","type":"post","link":"https:\/\/www.errecom.com\/it\/caldo-estremo-climatizzazione-necessaria-per-sopravvivere\/","title":{"rendered":"Caldo estremo: climatizzazione necessaria per sopravvivere?"},"content":{"rendered":"\t\t<div data-elementor-type=\"wp-post\" data-elementor-id=\"66327\" class=\"elementor elementor-66327\" data-elementor-post-type=\"post\">\n\t\t\t\t\t\t<section class=\"elementor-section elementor-top-section elementor-element elementor-element-6afaad2b elementor-section-boxed elementor-section-height-default elementor-section-height-default\" data-id=\"6afaad2b\" data-element_type=\"section\" id=\"article-head\">\n\t\t\t\t\t\t<div class=\"elementor-container elementor-column-gap-default\">\n\t\t\t\t\t<div class=\"elementor-column elementor-col-100 elementor-top-column elementor-element elementor-element-3347435b\" data-id=\"3347435b\" data-element_type=\"column\">\n\t\t\t<div class=\"elementor-widget-wrap elementor-element-populated\">\n\t\t\t\t\t\t<div class=\"elementor-element elementor-element-4eee475a elementor-widget elementor-widget-heading\" data-id=\"4eee475a\" data-element_type=\"widget\" data-widget_type=\"heading.default\">\n\t\t\t\t<div class=\"elementor-widget-container\">\n\t\t\t<h1 class=\"elementor-heading-title elementor-size-default\">Caldo estremo: climatizzazione necessaria per sopravvivere?<\/h1>\t\t<\/div>\n\t\t\t\t<\/div>\n\t\t\t\t<div class=\"elementor-element elementor-element-530026bf elementor-widget elementor-widget-text-editor\" data-id=\"530026bf\" data-element_type=\"widget\" data-widget_type=\"text-editor.default\">\n\t\t\t\t<div class=\"elementor-widget-container\">\n\t\t\t\t\t\t\tOndate di calore e siccit\u00e0. Il caldo del mese di giugno \u00e8 stato decisamente sopra la media in quasi tutto il continente europeo, al punto che la comunit\u00e0 scientifica sta studiando un preoccupante fenomeno: le temperature a cui non potremo sopravvivere e che renderanno la climatizzazione un bene primario.\t\t\t\t\t\t<\/div>\n\t\t\t\t<\/div>\n\t\t\t\t<div class=\"elementor-element elementor-element-60949df2 elementor-widget elementor-widget-shortcode\" data-id=\"60949df2\" data-element_type=\"widget\" data-widget_type=\"shortcode.default\">\n\t\t\t\t<div class=\"elementor-widget-container\">\n\t\t\t\t\t<div class=\"elementor-shortcode\"><span class=\"my-reading-time\"><span class=\"my-reading-time-label\">Tempo di lettura: <\/span><span class=\"my-reading-time-value\">4 min<\/span><\/span><\/div>\n\t\t\t\t<\/div>\n\t\t\t\t<\/div>\n\t\t\t\t\t<\/div>\n\t\t<\/div>\n\t\t\t\t\t<\/div>\n\t\t<\/section>\n\t\t\t\t<section class=\"elementor-section elementor-top-section elementor-element elementor-element-6931e43d elementor-section-boxed elementor-section-height-default elementor-section-height-default\" data-id=\"6931e43d\" data-element_type=\"section\">\n\t\t\t\t\t\t<div class=\"elementor-container elementor-column-gap-default\">\n\t\t\t\t\t<div class=\"elementor-column elementor-col-100 elementor-top-column elementor-element elementor-element-1b76df70\" data-id=\"1b76df70\" data-element_type=\"column\">\n\t\t\t<div class=\"elementor-widget-wrap elementor-element-populated\">\n\t\t\t\t\t\t<div class=\"elementor-element elementor-element-4847b49b elementor-widget elementor-widget-image\" data-id=\"4847b49b\" data-element_type=\"widget\" data-widget_type=\"image.default\">\n\t\t\t\t<div class=\"elementor-widget-container\">\n\t\t\t\t\t\t\t\t\t\t\t\t\t<img fetchpriority=\"high\" decoding=\"async\" width=\"1152\" height=\"648\" src=\"https:\/\/www.errecom.com\/wp-content\/uploads\/2022\/07\/BULBO-UMIDO.jpg\" class=\"attachment-full size-full wp-image-66328\" alt=\"\" srcset=\"https:\/\/www.errecom.com\/wp-content\/uploads\/2022\/07\/BULBO-UMIDO.jpg 1152w, https:\/\/www.errecom.com\/wp-content\/uploads\/2022\/07\/BULBO-UMIDO-300x169.jpg 300w, https:\/\/www.errecom.com\/wp-content\/uploads\/2022\/07\/BULBO-UMIDO-1024x576.jpg 1024w, https:\/\/www.errecom.com\/wp-content\/uploads\/2022\/07\/BULBO-UMIDO-768x432.jpg 768w, https:\/\/www.errecom.com\/wp-content\/uploads\/2022\/07\/BULBO-UMIDO-100x56.jpg 100w\" sizes=\"(max-width: 1152px) 100vw, 1152px\" \/>\t\t\t\t\t\t\t\t\t\t\t\t\t<\/div>\n\t\t\t\t<\/div>\n\t\t\t\t\t<\/div>\n\t\t<\/div>\n\t\t\t\t\t<\/div>\n\t\t<\/section>\n\t\t\t\t<section class=\"elementor-section elementor-top-section elementor-element elementor-element-41374182 dc-has-condition dc-condition-contains elementor-section-boxed elementor-section-height-default elementor-section-height-default\" data-id=\"41374182\" data-element_type=\"section\" id=\"article-body\">\n\t\t\t\t\t\t<div class=\"elementor-container elementor-column-gap-default\">\n\t\t\t\t\t<div class=\"elementor-column elementor-col-100 elementor-top-column elementor-element elementor-element-22ed0c5\" data-id=\"22ed0c5\" data-element_type=\"column\">\n\t\t\t<div class=\"elementor-widget-wrap elementor-element-populated\">\n\t\t\t\t\t\t<div class=\"elementor-element elementor-element-1b4561dd elementor-widget elementor-widget-text-editor\" data-id=\"1b4561dd\" data-element_type=\"widget\" data-widget_type=\"text-editor.default\">\n\t\t\t\t<div class=\"elementor-widget-container\">\n\t\t\t\t\t\t\t<p>La scorsa estate il clima torrido dell\u2019Oregon ha registrato temperature superiori a quelle massime di Las Vegas, provocando la morte anomala e improvvisa di 63 persone. Sempre in quel periodo i media canadesi riportavano notizie simili: battuti i record di temperatura giornalieri per il terzo giorno consecutivo con 49,6\u00b0C e circa 200 morti.<\/p><p>Gli studi degli scienziati per\u00f2 fanno ulteriormente riflettere: ad uccidere non sono solo le temperature estreme, ma piuttosto specifiche condizioni di calore e umidit\u00e0 che, se presenti simultaneamente, risultano impossibili da gestire per il corpo umano. L\u2019avverarsi di condizioni di questo genere era previsto dalla met\u00e0 del secolo; tuttavia, i dati emersi dalle stazioni meteorologiche dimostrano che hanno anticipato il loro arrivo.<\/p><p>Nello specifico, il fenomeno denominato \u201ctemperatura di bulbo umido\u201d avviene quando l\u2019umidit\u00e0 relativa \u00e8 maggiore del 95% e le temperature raggiungono i 35\u00b0C: si tratta di un punto oltre il quale il corpo umano non riesce pi\u00f9 a raffreddarsi in quanto non in grado di gestire la sudorazione e la sua evaporazione. <a href=\"https:\/\/www.science.org\/doi\/10.1126\/sciadv.aaw1838\" target=\"_blank\" rel=\"noopener\">Come spiegato da Radley Horton<\/a>, ricercatore e professore presso la Columbia University e tra i massimi studiosi di tale fenomeno, le gocce di sudore presenti sulla pelle riescono a trasformarsi in stato gassoso e ad evaporare solo se l\u2019aria che circonda il corpo \u00e8 sufficientemente secca. Livelli di umidit\u00e0 estremi, pertanto, ostacolano l\u2019evaporazione di queste gocce d\u2019acqua e impediscono al corpo di abbassare la temperatura interna. Apparentemente non c\u2019\u00e8 nulla che possa evitare o quanto meno rendere sopportabile questo processo per il corpo umano. Anche in caso di individui sani senza patologie pregresse, che indossano vestiti traspiranti, siedono all\u2019ombra e hanno a disposizione una riserva infinita di acqua: il loro corpo non reggerebbe.<\/p><p>Tra le zone in cui queste condizioni iniziano a verificarsi troviamo, al momento, l\u2019Australia del nord, il sud dell\u2019Asia, le coste del Medio Oriente, il Golfo del Messico, il sud est degli Stati Uniti e il sud ovest del Nord America. Ma il problema non riguarda solo loro: il rischio \u00e8 che nel futuro prossimo tale fenomeno possa espandersi anche ad altre aree della Terra.<\/p><p>Il cambiamento climatico e il riscaldamento globale, quindi, stanno mettendo a dura prova la sopravvivenza della popolazione, rendendo necessaria la ridefinizione di priorit\u00e0 ed esigenze sociali. \u00c8 inevitabile: in futuro, si far\u00e0 sempre pi\u00f9 ricorso all\u2019aria condizionata. Utilizzata con l\u2019obiettivo di migliorare il benessere e la qualit\u00e0 della vita delle persone negli ambienti chiusi, la climatizzazione, di questo passo, rischia di diventare un bene primario, indispensabile quindi per la sopravvivenza della popolazione.<br \/>Necessit\u00e0, questa, che porta inevitabilmente alla gestione di una duplice sfida.<br \/>Da un lato, c\u2019\u00e8 l\u2019esigenza di rendere accessibile la climatizzazione anche in tutti quei Paesi poveri da un punto di vista energetico che, peraltro, molto probabilmente saranno tra i primi a subire questi drammatici cambiamenti climatici. In aggiunta, poi, la previsione di un maggiore utilizzo dell\u2019aria condizionata si scontra con la necessit\u00e0 globale di ridurre le emissioni di CO2 per contrastare il cambiamento climatico e tutelare il pianeta. Ecco, quindi, che entra in gioco il ruolo fondamentale ricoperto dalle aziende del settore, le quali, per invertire la rotta, dovranno impegnarsi sempre pi\u00f9 per garantire soluzioni innovative che massimizzino e mantengano nel tempo l\u2019efficienza degli impianti.<br \/>Progettazione, produzione, funzionamento e manutenzione: l\u2019attenzione deve essere posta sull\u2019intera vita del sistema, perch\u00e9 solo cos\u00ec, nonostante l\u2019incremento che si registrer\u00e0 nell\u2019utilizzo della climatizzazione, si potranno ridurre le emissioni di CO2 nell\u2019atmosfera.<\/p><p>Errecom \u00e8 pronta: a collaborare con i player del settore, a condividere il proprio know-how con i tecnici del freddo per una manutenzione ottimale degli impianti, a promuovere la sostenibilit\u00e0 in ogni sua forma. Chi si unisce a noi?<\/p>\t\t\t\t\t\t<\/div>\n\t\t\t\t<\/div>\n\t\t\t\t\t<\/div>\n\t\t<\/div>\n\t\t\t\t\t<\/div>\n\t\t<\/section>\n\t\t\t\t<\/div>\n\t\t","protected":false},"excerpt":{"rendered":"<p>Caldo estremo: climatizzazione necessaria per sopravvivere? Ondate di calore e siccit\u00e0. Il caldo del mese di giugno \u00e8 stato decisamente sopra la media in quasi tutto il continente europeo, al punto che la comunit\u00e0 scientifica sta studiando un preoccupante fenomeno: le temperature a cui non potremo sopravvivere e che renderanno la climatizzazione un bene primario. [&hellip;]<\/p>\n <a href=\"https:\/\/www.errecom.com\/it\/caldo-estremo-climatizzazione-necessaria-per-sopravvivere\/\" class=\"more-link\" title=\"Read More\">Leggi di pi\u00f9<\/a>","protected":false},"author":7,"featured_media":66328,"comment_status":"closed","ping_status":"closed","sticky":false,"template":"","format":"standard","meta":{"_acf_changed":false,"footnotes":""},"categories":[98],"tags":[],"yst_prominent_words":[],"class_list":["post-66327","post","type-post","status-publish","format-standard","has-post-thumbnail","hentry","category-novita"],"acf":[],"_links":{"self":[{"href":"https:\/\/www.errecom.com\/it\/wp-json\/wp\/v2\/posts\/66327","targetHints":{"allow":["GET"]}}],"collection":[{"href":"https:\/\/www.errecom.com\/it\/wp-json\/wp\/v2\/posts"}],"about":[{"href":"https:\/\/www.errecom.com\/it\/wp-json\/wp\/v2\/types\/post"}],"author":[{"embeddable":true,"href":"https:\/\/www.errecom.com\/it\/wp-json\/wp\/v2\/users\/7"}],"replies":[{"embeddable":true,"href":"https:\/\/www.errecom.com\/it\/wp-json\/wp\/v2\/comments?post=66327"}],"version-history":[{"count":18,"href":"https:\/\/www.errecom.com\/it\/wp-json\/wp\/v2\/posts\/66327\/revisions"}],"predecessor-version":[{"id":72072,"href":"https:\/\/www.errecom.com\/it\/wp-json\/wp\/v2\/posts\/66327\/revisions\/72072"}],"wp:featuredmedia":[{"embeddable":true,"href":"https:\/\/www.errecom.com\/it\/wp-json\/wp\/v2\/media\/66328"}],"wp:attachment":[{"href":"https:\/\/www.errecom.com\/it\/wp-json\/wp\/v2\/media?parent=66327"}],"wp:term":[{"taxonomy":"category","embeddable":true,"href":"https:\/\/www.errecom.com\/it\/wp-json\/wp\/v2\/categories?post=66327"},{"taxonomy":"post_tag","embeddable":true,"href":"https:\/\/www.errecom.com\/it\/wp-json\/wp\/v2\/tags?post=66327"},{"taxonomy":"yst_prominent_words","embeddable":true,"href":"https:\/\/www.errecom.com\/it\/wp-json\/wp\/v2\/yst_prominent_words?post=66327"}],"curies":[{"name":"wp","href":"https:\/\/api.w.org\/{rel}","templated":true}]}}