{"id":58896,"date":"2021-12-17T21:21:00","date_gmt":"2021-12-17T20:21:00","guid":{"rendered":"https:\/\/www.errecom.com\/?p=58896"},"modified":"2022-11-18T10:41:12","modified_gmt":"2022-11-18T09:41:12","slug":"errecom-solidita-per-un-futuro-ricco-di-sfide","status":"publish","type":"post","link":"https:\/\/www.errecom.com\/it\/errecom-solidita-per-un-futuro-ricco-di-sfide\/","title":{"rendered":"Errecom: solidit\u00e0 per un futuro ricco di sfide"},"content":{"rendered":"\t\t<div data-elementor-type=\"wp-post\" data-elementor-id=\"58896\" class=\"elementor elementor-58896\" data-elementor-post-type=\"post\">\n\t\t\t\t\t\t<section class=\"elementor-section elementor-top-section elementor-element elementor-element-6575d6e3 elementor-section-boxed elementor-section-height-default elementor-section-height-default\" data-id=\"6575d6e3\" data-element_type=\"section\" id=\"article-head\">\n\t\t\t\t\t\t<div class=\"elementor-container elementor-column-gap-default\">\n\t\t\t\t\t<div class=\"elementor-column elementor-col-100 elementor-top-column elementor-element elementor-element-82fbec7\" data-id=\"82fbec7\" data-element_type=\"column\">\n\t\t\t<div class=\"elementor-widget-wrap elementor-element-populated\">\n\t\t\t\t\t\t<div class=\"elementor-element elementor-element-65172d4a elementor-widget elementor-widget-heading\" data-id=\"65172d4a\" data-element_type=\"widget\" data-widget_type=\"heading.default\">\n\t\t\t\t<div class=\"elementor-widget-container\">\n\t\t\t<h1 class=\"elementor-heading-title elementor-size-default\">Errecom: solidit\u00e0 per un futuro ricco di sfide<\/h1>\t\t<\/div>\n\t\t\t\t<\/div>\n\t\t\t\t<div class=\"elementor-element elementor-element-130f01a2 elementor-widget elementor-widget-text-editor\" data-id=\"130f01a2\" data-element_type=\"widget\" data-widget_type=\"text-editor.default\">\n\t\t\t\t<div class=\"elementor-widget-container\">\n\t\t\t\t\t\t\tAnche Errecom sotto la lente del Giornale di Brescia in occasione della sedicesima edizione di Bilanci. Annoverata tra le top 1000 aziende della provincia per fatturato, Errecom \u00e8 salita al 772\u00b0 posto nella classifica del triennio 2018\/2020 stilata dalla redazione in collaborazione con l\u2019Universit\u00e0 degli Studi di Brescia, dando grande prova agli stakeholder di essere una realt\u00e0 solida, in continua e rapida espansione.\t\t\t\t\t\t<\/div>\n\t\t\t\t<\/div>\n\t\t\t\t<div class=\"elementor-element elementor-element-1db81df1 elementor-widget elementor-widget-shortcode\" data-id=\"1db81df1\" data-element_type=\"widget\" data-widget_type=\"shortcode.default\">\n\t\t\t\t<div class=\"elementor-widget-container\">\n\t\t\t\t\t<div class=\"elementor-shortcode\"><span class=\"my-reading-time\"><span class=\"my-reading-time-label\">Tempo di lettura: <\/span><span class=\"my-reading-time-value\">6 min<\/span><\/span><\/div>\n\t\t\t\t<\/div>\n\t\t\t\t<\/div>\n\t\t\t\t\t<\/div>\n\t\t<\/div>\n\t\t\t\t\t<\/div>\n\t\t<\/section>\n\t\t\t\t<section class=\"elementor-section elementor-top-section elementor-element elementor-element-4ecc1fea elementor-section-boxed elementor-section-height-default elementor-section-height-default\" data-id=\"4ecc1fea\" data-element_type=\"section\">\n\t\t\t\t\t\t<div class=\"elementor-container elementor-column-gap-default\">\n\t\t\t\t\t<div class=\"elementor-column elementor-col-100 elementor-top-column elementor-element elementor-element-25c691c1\" data-id=\"25c691c1\" data-element_type=\"column\">\n\t\t\t<div class=\"elementor-widget-wrap elementor-element-populated\">\n\t\t\t\t\t\t<div class=\"elementor-element elementor-element-2c16fe12 elementor-widget elementor-widget-image\" data-id=\"2c16fe12\" data-element_type=\"widget\" data-widget_type=\"image.default\">\n\t\t\t\t<div class=\"elementor-widget-container\">\n\t\t\t\t\t\t\t\t\t\t\t\t\t<img fetchpriority=\"high\" decoding=\"async\" width=\"1152\" height=\"648\" src=\"https:\/\/www.errecom.com\/wp-content\/uploads\/2021\/12\/fatturato-NEWS.jpeg\" class=\"attachment-full size-full wp-image-58898\" alt=\"\" srcset=\"https:\/\/www.errecom.com\/wp-content\/uploads\/2021\/12\/fatturato-NEWS.jpeg 1152w, https:\/\/www.errecom.com\/wp-content\/uploads\/2021\/12\/fatturato-NEWS-300x169.jpeg 300w, https:\/\/www.errecom.com\/wp-content\/uploads\/2021\/12\/fatturato-NEWS-1024x576.jpeg 1024w, https:\/\/www.errecom.com\/wp-content\/uploads\/2021\/12\/fatturato-NEWS-768x432.jpeg 768w, https:\/\/www.errecom.com\/wp-content\/uploads\/2021\/12\/fatturato-NEWS-100x56.jpeg 100w\" sizes=\"(max-width: 1152px) 100vw, 1152px\" \/>\t\t\t\t\t\t\t\t\t\t\t\t\t<\/div>\n\t\t\t\t<\/div>\n\t\t\t\t\t<\/div>\n\t\t<\/div>\n\t\t\t\t\t<\/div>\n\t\t<\/section>\n\t\t\t\t<section class=\"elementor-section elementor-top-section elementor-element elementor-element-3569a15c dc-has-condition dc-condition-contains elementor-section-boxed elementor-section-height-default elementor-section-height-default\" data-id=\"3569a15c\" data-element_type=\"section\" id=\"article-body\">\n\t\t\t\t\t\t<div class=\"elementor-container elementor-column-gap-default\">\n\t\t\t\t\t<div class=\"elementor-column elementor-col-100 elementor-top-column elementor-element elementor-element-26bb906b\" data-id=\"26bb906b\" data-element_type=\"column\">\n\t\t\t<div class=\"elementor-widget-wrap elementor-element-populated\">\n\t\t\t\t\t\t<div class=\"elementor-element elementor-element-68272edc elementor-widget elementor-widget-text-editor\" data-id=\"68272edc\" data-element_type=\"widget\" data-widget_type=\"text-editor.default\">\n\t\t\t\t<div class=\"elementor-widget-container\">\n\t\t\t\t\t\t\t<p>Mettere in evidenza lo stato di salute economica e finanziaria delle principali aziende della provincia dopo l\u2019impatto con il virus Sars-CoV-2: questo il focus dell\u2019edizione di quest\u2019anno.<br \/>Fatturato, valore aggiunto, utile netto e capitale investito tra i principali punti di forza delle\u00a0<a href=\"https:\/\/bilanci.giornaledibrescia.it\/\" target=\"_blank\" rel=\"noopener\">1000 imprese bresciane<\/a>\u00a0che, numeri alla mano, hanno dimostrato di essere riuscite a sopravvivere alla pandemia con risultati meritevoli di nota.<\/p><p>Da un paragone con le altre aziende italiane, quelle bresciane sembrano presentare dati pi\u00f9 confortanti nel 2020, primo tra tutti il fatturato: in diminuzione \u201csolo\u201d del 7,4% contro il 13% di quelle italiane. In realt\u00e0, non solo il giro d\u2019affari delle aziende bresciane \u00e8 diminuito con un tasso inferiore alla media italiana, ma in certi casi \u00e8 persino cresciuto. Per quanto la pandemia sia stata fonte di crisi per molte imprese, soprattutto quelle pi\u00f9 piccole e giovani, per altre ha significato l\u2019opportunit\u00e0 di nuovi inizi e la ridefinizione di modelli operativi e strategici in grado non solo di gestire la crisi ma soprattutto di anticipare la ripresa e rilanciare il business. Dalla\u00a0<a href=\"https:\/\/bilanci.giornaledibrescia.it\/2020\/streaming\" target=\"_blank\" rel=\"noopener\">presentazione dei bilanci tenuta dal Dr. Teodori<\/a>, professore ordinario di Economia Aziendale presso l\u2019Unibs, risulta che ben il 35% delle imprese bresciane ha aumentato il fatturato, e che il 25% ha registrato contestualmente a questo incremento anche una crescita del reddito operativo (EBIT). Errecom appartiene ad entrambe queste categorie: tra il 2019 e il 2020, infatti, il fatturato dell\u2019azienda chimica \u00e8 passato da 9.762.000 \u20ac a quasi 13.000.000 \u20ac, registrando un aumento di oltre il 33%, mentre il reddito operativo si \u00e8 pi\u00f9 che triplicato, passando da 462.000 \u20ac a 1.489.000 \u20ac.<\/p><p>Numeri che hanno dell\u2019incredibile e che portano a chiedersi come si sia arrivati ad una crescita cos\u00ec esplosiva. Lo spiega Ivan Fogliata, analista finanziario e membro del Consiglio di Amministrazione di Alto Adige S\u00fcdtirol Bank AG:\u00a0<em>\u201cLo sviluppo dei volumi e della redditivit\u00e0 di Errecom SPA \u00e8 figlio di un mix di crescita organica e di incremento della marginalit\u00e0. Si osserva la produzione di un importante flusso di cassa operativo che l\u2019azienda ha prontamente reinvestito nello sviluppo degli asset aziendali\u201d.<\/em><\/p><p>E in effetti, gran parte del suo successo, Errecom lo deve allo straordinario percorso che ha intrapreso recentemente, basando la propria crescita su strategie di qualit\u00e0 fondate contemporaneamente su volumi e marginalit\u00e0 in espansione. Negli ultimi due anni, infatti, l\u2019azienda ha reinvestito la totalit\u00e0 del proprio cash flow nel brand, nella razionalizzazione delle sedi operative, in migliorie degli ambienti lavorativi e, non ultimo, in innovazioni tecnologiche per il reparto produttivo.<br \/>Innovazione, quest\u2019ultima, che porta il nome di Industria 4.0: il progetto avviato da Errecom dal 2017 per rendere possibile la pianificazione di un mix tecnologico di automazione, informatizzazione, connessione e programmazione. Dalla\u00a0<a href=\"https:\/\/www.errecom.com\/it\/nuova-linea-produttiva-4-0errecom-ancora-piu-smart\/\" target=\"_blank\" rel=\"noopener\">nuova linea di riempimento dei prodotti liquidi<\/a>, che ha permesso un aumento significativo della produttivit\u00e0 aziendale raggiungendo i 3000 pz\/h per i flaconi fino ad 1 litro, alle macchine per il confezionamento siringhe, che garantisce la produzione di 500 pz\/h con controllo al 100%. Automazione, efficienza e qualit\u00e0. Con Industria 4.0 il processo produttivo di Errecom \u00e8 diventato ancora pi\u00f9 smart, performante e sostenibile: costi di produzione ridotti, conformit\u00e0 dei prodotti al 100%, risparmio energetico.<\/p><p>Investimenti importanti hanno toccato anche l\u2019ambito immobiliare con l\u2019acquisizione di pi\u00f9 di 5.000 mq coperti adiacenti alla sede di Corzano. L\u2019espansione degli spazi aziendali non solo migliorer\u00e0 il layout produttivo ma consentir\u00e0 di ampliare anche il dipartimento R&amp;D e, pi\u00f9 in generale, creare un ambiente di lavoro ancora pi\u00f9 employee-friendly. Fondamentale per la propriet\u00e0 la promozione del benessere sul luogo di lavoro. Un asset imprescindibile che garantir\u00e0 maggiore produttivit\u00e0 e migliore qualit\u00e0 del lavoro: tutti aspetti che, senza dubbio, si proietteranno direttamente sui profitti aziendali.<br \/>Una scelta strategica questa che, peraltro, contribuir\u00e0 a valorizzare ulteriormente brand e immagine aziendale, gi\u00e0 oggetto di intenso studio da parte dell\u2019azienda. Proprio a tal proposito, \u00e8 stato recentemente stimato e messo a bilancio il valore del brand Errecom: 1.3 milioni di euro. E in effetti, sono diversi i progetti introdotti e gli investimenti sostenuti in tal senso nell\u2019ultimo biennio: dal Print Lab recentemente rinnovato con l\u2019obiettivo di garantire un controllo serrato sulla stampa di packaging ed etichette e assicurare un\u2019accurata e minuziosa cura dell\u2019immagine, ad Errecom Academy con masterclass, webinar e corsi di formazione on-site che faranno di Errecom un polo formativo d\u2019eccellenza per i tecnici operanti nel settore della climatizzazione e refrigerazione. Ulteriore diffusione del brand sui mercati di riferimento \u00e8 resa possibile da Errecom Brand Ambassador: un progetto ideato per rendere protagonisti i tecnici pi\u00f9 fidelizzati al marchio. Professionisti altamente qualificati del settore della refrigerazione e climatizzazione che oltre a vantare una conoscenza dettagliata del brand Errecom e dei suoi prodotti, sono legati all\u2019azienda da una forte condivisione di valori e filosofia.<\/p><p>Questi i punti chiave che, in questo ultimo triennio, hanno giocato un ruolo fondamentale per la crescita e l\u2019evoluzione di Errecom, contribuendo a renderla la realt\u00e0 solida e all\u2019avanguardia che conosciamo oggi.<\/p><p>Ed \u00e8 soprattutto su questa solidit\u00e0 che si fonderanno le sfide future. Sempre maggiore l\u2019impegno in materia di sostenibilit\u00e0 ambientale, economica e sociale. Progetti specifici che rappresentano il naturale proseguimento di un mindset aziendale che, in modo particolare nel 2021, \u00e8 stato premiato, con il\u00a0<a href=\"https:\/\/www.errecom.com\/it\/errecom-su-forbes-tra-le-top-100-eccellenze-sostenibili-italiane\/\" target=\"_blank\" rel=\"noopener\">Sustainability Award<\/a>\u00a0e riconosciuto con il rating di legalit\u00e0. E proprio con lo scopo di aumentare la trasparenza i bilanci di Errecom SPA sono sottoposti alla revisione legale di una societ\u00e0 esterna.<\/p><p>Automazione e innovazione continueranno, ovviamente, ad occupare un posto in prima linea negli investimenti aziendali, ma a fare la vera differenza in Errecom continueranno ad essere le persone. In programma, oltre al proseguimento della convenzione tirocini con l\u2019Universit\u00e0 degli Studi di Brescia per la ricerca di nuovi talenti c\u2019\u00e8 anche l\u2019ampliamento dell\u2019organico e la creazione di nuovi ruoli e figure aziendali.<\/p>\t\t\t\t\t\t<\/div>\n\t\t\t\t<\/div>\n\t\t\t\t\t<\/div>\n\t\t<\/div>\n\t\t\t\t\t<\/div>\n\t\t<\/section>\n\t\t\t\t<\/div>\n\t\t","protected":false},"excerpt":{"rendered":"<p>Errecom: solidit\u00e0 per un futuro ricco di sfide Anche Errecom sotto la lente del Giornale di Brescia in occasione della sedicesima edizione di Bilanci. Annoverata tra le top 1000 aziende della provincia per fatturato, Errecom \u00e8 salita al 772\u00b0 posto nella classifica del triennio 2018\/2020 stilata dalla redazione in collaborazione con l\u2019Universit\u00e0 degli Studi di [&hellip;]<\/p>\n <a href=\"https:\/\/www.errecom.com\/it\/errecom-solidita-per-un-futuro-ricco-di-sfide\/\" class=\"more-link\" title=\"Read More\">Leggi di pi\u00f9<\/a>","protected":false},"author":1,"featured_media":58898,"comment_status":"closed","ping_status":"open","sticky":false,"template":"","format":"standard","meta":{"_acf_changed":false,"footnotes":""},"categories":[51],"tags":[],"yst_prominent_words":[],"class_list":["post-58896","post","type-post","status-publish","format-standard","has-post-thumbnail","hentry","category-dietro-le-quinte"],"acf":[],"_links":{"self":[{"href":"https:\/\/www.errecom.com\/it\/wp-json\/wp\/v2\/posts\/58896","targetHints":{"allow":["GET"]}}],"collection":[{"href":"https:\/\/www.errecom.com\/it\/wp-json\/wp\/v2\/posts"}],"about":[{"href":"https:\/\/www.errecom.com\/it\/wp-json\/wp\/v2\/types\/post"}],"author":[{"embeddable":true,"href":"https:\/\/www.errecom.com\/it\/wp-json\/wp\/v2\/users\/1"}],"replies":[{"embeddable":true,"href":"https:\/\/www.errecom.com\/it\/wp-json\/wp\/v2\/comments?post=58896"}],"version-history":[{"count":8,"href":"https:\/\/www.errecom.com\/it\/wp-json\/wp\/v2\/posts\/58896\/revisions"}],"predecessor-version":[{"id":72193,"href":"https:\/\/www.errecom.com\/it\/wp-json\/wp\/v2\/posts\/58896\/revisions\/72193"}],"wp:featuredmedia":[{"embeddable":true,"href":"https:\/\/www.errecom.com\/it\/wp-json\/wp\/v2\/media\/58898"}],"wp:attachment":[{"href":"https:\/\/www.errecom.com\/it\/wp-json\/wp\/v2\/media?parent=58896"}],"wp:term":[{"taxonomy":"category","embeddable":true,"href":"https:\/\/www.errecom.com\/it\/wp-json\/wp\/v2\/categories?post=58896"},{"taxonomy":"post_tag","embeddable":true,"href":"https:\/\/www.errecom.com\/it\/wp-json\/wp\/v2\/tags?post=58896"},{"taxonomy":"yst_prominent_words","embeddable":true,"href":"https:\/\/www.errecom.com\/it\/wp-json\/wp\/v2\/yst_prominent_words?post=58896"}],"curies":[{"name":"wp","href":"https:\/\/api.w.org\/{rel}","templated":true}]}}