{"id":58499,"date":"2021-07-18T18:59:43","date_gmt":"2021-07-18T16:59:43","guid":{"rendered":"https:\/\/www.errecom.com\/?p=58499"},"modified":"2022-11-18T11:25:40","modified_gmt":"2022-11-18T10:25:40","slug":"vetrine-gelato-previeni-il-calo-di-efficienza","status":"publish","type":"post","link":"https:\/\/www.errecom.com\/it\/vetrine-gelato-previeni-il-calo-di-efficienza\/","title":{"rendered":"Vetrine gelato: previeni il calo di efficienza"},"content":{"rendered":"\t\t<div data-elementor-type=\"wp-post\" data-elementor-id=\"58499\" class=\"elementor elementor-58499\" data-elementor-post-type=\"post\">\n\t\t\t\t\t\t<section class=\"elementor-section elementor-top-section elementor-element elementor-element-6575d6e3 elementor-section-boxed elementor-section-height-default elementor-section-height-default\" data-id=\"6575d6e3\" data-element_type=\"section\" id=\"article-head\">\n\t\t\t\t\t\t<div class=\"elementor-container elementor-column-gap-default\">\n\t\t\t\t\t<div class=\"elementor-column elementor-col-100 elementor-top-column elementor-element elementor-element-82fbec7\" data-id=\"82fbec7\" data-element_type=\"column\">\n\t\t\t<div class=\"elementor-widget-wrap elementor-element-populated\">\n\t\t\t\t\t\t<div class=\"elementor-element elementor-element-65172d4a elementor-widget elementor-widget-heading\" data-id=\"65172d4a\" data-element_type=\"widget\" data-widget_type=\"heading.default\">\n\t\t\t\t<div class=\"elementor-widget-container\">\n\t\t\t<h1 class=\"elementor-heading-title elementor-size-default\">Vetrine gelato: previeni il calo di efficienza<\/h1>\t\t<\/div>\n\t\t\t\t<\/div>\n\t\t\t\t<div class=\"elementor-element elementor-element-130f01a2 elementor-widget elementor-widget-text-editor\" data-id=\"130f01a2\" data-element_type=\"widget\" data-widget_type=\"text-editor.default\">\n\t\t\t\t<div class=\"elementor-widget-container\">\n\t\t\t\t\t\t\tGelatai all\u2019appello! Questo \u00e8 un periodo di altissima stagione per voi, e non potete permettere che i sistemi di refrigerazione delle vostre gelaterie si blocchino a causa di problemi che avreste potuto prevenire. Leggete l\u2019articolo per evitare la formazione di micro-falle nelle vostre vetrine gelato: assicuratevi una stagione senza intoppi e all\u2019insegna del risparmio energetico!\t\t\t\t\t\t<\/div>\n\t\t\t\t<\/div>\n\t\t\t\t<div class=\"elementor-element elementor-element-1db81df1 elementor-widget elementor-widget-shortcode\" data-id=\"1db81df1\" data-element_type=\"widget\" data-widget_type=\"shortcode.default\">\n\t\t\t\t<div class=\"elementor-widget-container\">\n\t\t\t\t\t<div class=\"elementor-shortcode\"><span class=\"my-reading-time\"><span class=\"my-reading-time-label\">Tempo di lettura: <\/span><span class=\"my-reading-time-value\">4 min<\/span><\/span><\/div>\n\t\t\t\t<\/div>\n\t\t\t\t<\/div>\n\t\t\t\t\t<\/div>\n\t\t<\/div>\n\t\t\t\t\t<\/div>\n\t\t<\/section>\n\t\t\t\t<section class=\"elementor-section elementor-top-section elementor-element elementor-element-4ecc1fea elementor-section-boxed elementor-section-height-default elementor-section-height-default\" data-id=\"4ecc1fea\" data-element_type=\"section\">\n\t\t\t\t\t\t<div class=\"elementor-container elementor-column-gap-default\">\n\t\t\t\t\t<div class=\"elementor-column elementor-col-100 elementor-top-column elementor-element elementor-element-25c691c1\" data-id=\"25c691c1\" data-element_type=\"column\">\n\t\t\t<div class=\"elementor-widget-wrap elementor-element-populated\">\n\t\t\t\t\t\t<div class=\"elementor-element elementor-element-2c16fe12 elementor-widget elementor-widget-image\" data-id=\"2c16fe12\" data-element_type=\"widget\" data-widget_type=\"image.default\">\n\t\t\t\t<div class=\"elementor-widget-container\">\n\t\t\t\t\t\t\t\t\t\t\t\t\t<img fetchpriority=\"high\" decoding=\"async\" width=\"1152\" height=\"648\" src=\"https:\/\/www.errecom.com\/wp-content\/uploads\/2021\/07\/Extreme-Ultra-White-NEWS.jpg\" class=\"attachment-full size-full wp-image-58501\" alt=\"\" srcset=\"https:\/\/www.errecom.com\/wp-content\/uploads\/2021\/07\/Extreme-Ultra-White-NEWS.jpg 1152w, https:\/\/www.errecom.com\/wp-content\/uploads\/2021\/07\/Extreme-Ultra-White-NEWS-300x169.jpg 300w, https:\/\/www.errecom.com\/wp-content\/uploads\/2021\/07\/Extreme-Ultra-White-NEWS-1024x576.jpg 1024w, https:\/\/www.errecom.com\/wp-content\/uploads\/2021\/07\/Extreme-Ultra-White-NEWS-768x432.jpg 768w, https:\/\/www.errecom.com\/wp-content\/uploads\/2021\/07\/Extreme-Ultra-White-NEWS-100x56.jpg 100w\" sizes=\"(max-width: 1152px) 100vw, 1152px\" \/>\t\t\t\t\t\t\t\t\t\t\t\t\t<\/div>\n\t\t\t\t<\/div>\n\t\t\t\t\t<\/div>\n\t\t<\/div>\n\t\t\t\t\t<\/div>\n\t\t<\/section>\n\t\t\t\t<section class=\"elementor-section elementor-top-section elementor-element elementor-element-3569a15c dc-has-condition dc-condition-contains elementor-section-boxed elementor-section-height-default elementor-section-height-default\" data-id=\"3569a15c\" data-element_type=\"section\" id=\"article-body\">\n\t\t\t\t\t\t<div class=\"elementor-container elementor-column-gap-default\">\n\t\t\t\t\t<div class=\"elementor-column elementor-col-100 elementor-top-column elementor-element elementor-element-26bb906b\" data-id=\"26bb906b\" data-element_type=\"column\">\n\t\t\t<div class=\"elementor-widget-wrap elementor-element-populated\">\n\t\t\t\t\t\t<div class=\"elementor-element elementor-element-68272edc elementor-widget elementor-widget-text-editor\" data-id=\"68272edc\" data-element_type=\"widget\" data-widget_type=\"text-editor.default\">\n\t\t\t\t<div class=\"elementor-widget-container\">\n\t\t\t\t\t\t\t<p>Gli italiani ne consumano circa 6 chili pro capite ogni anno: dai gusti tradizionali a quelli pi\u00f9 bizzarri, il gelato \u00e8 senza dubbio uno degli alimenti pi\u00f9 apprezzati nel Bel Paese.<\/p><p>Non solo l\u2019Italia per\u00f2, il gelato \u00e8 un dolce amato in tutto il mondo, al punto che sono state istituite vere e proprie giornate per celebrarlo. L\u2019Europa ha optato per il 24 marzo, finora l\u2019unica giornata mondiale che il Parlamento Europeo ha dedicato ad un alimento, mentre gli Stati Uniti hanno scelto, fin dai tempi del Presidente Reagan, la terza domenica di luglio.<\/p><p>Attribuire la paternit\u00e0 a questo alimento non \u00e8 facile. Il gelato sembrerebbe, infatti, avere origini antichissime, e appartenere agli usi e alle tradizioni di culture tanto diverse quanto lontane tra loro. Dai greci del 500 a.C., che amavano preparare bevande rinfrescanti con poco limone, miele, succo di melograno e neve o ghiaccio, agli arabi in Sicilia, soliti mescolare la neve dell\u2019Etna con succhi di frutta. Sembra, per\u00f2, essere la nostra meravigliosa Firenze del Cinquecento a poter rivendicare l\u2019invenzione del gelato \u201cmoderno\u201d, inteso come quello realizzato con latte, panna e uova.<\/p><p>Il progresso delle tecnologie e i cambiamenti sociali ne hanno poi permesso l\u2019evoluzione nei secoli, arrivando alla produzione del gelato industriale verso la fine degli anni 40 del Novecento, e del primo secchiello formato famiglia negli anni 70.<\/p><p>Il gelato sembra non conoscere epoche, quindi, n\u00e9 tantomeno crisi. Dall\u2019ultimo\u00a0<a href=\"https:\/\/www.ansa.it\/canale_terraegusto\/notizie\/business\/2020\/12\/16\/deliveroo-gelato-a-domicilio-cresce-del-113-nel-2020_03e10699-7a73-4c43-906d-256b8db88df9.html\" target=\"_blank\" rel=\"noopener\">report di \u201cGelato-Delivery\u201d<\/a>, osservatorio nato dalla collaborazione tra Deliveroo e Sistema Gelato (societ\u00e0 operante nella consulenza strategica alla filiera del gelato), il 2020 non \u00e8 stato solo l\u2019anno della pandemia, ma anche quello del gelato a domicilio. Con una crescita del 113% degli ordini rispetto al 2019, il gelato si \u00e8 confermato essere tra gli alimenti pi\u00f9 amati degli italiani, addirittura al punto che il boom degli ordini \u00e8 stato registrato fuori stagione, con uno straordinario +312% tra settembre e novembre rispetto allo stesso periodo dello scorso anno.<\/p><p>A fronte di questi dati, pertanto, comprendiamo come le vetrine gelato non siano semplici elementi di arredo per una gelateria, ma anche sistemi di refrigerazione altamente tecnologici, fondamentali per garantire la conservazione del gelato alla giusta temperatura, tant\u2019\u00e8 che la loro rottura o malfunzionamento potrebbero provocare ingenti danni economici ai proprietari di una gelateria.<\/p><p>Negli anni, vibrazioni, deterioramento dei dispositivi di tenuta, acidit\u00e0, e alterazione del gas refrigerante e\/o del lubrificante possono portare, infatti, alla formazione di piccole falle nelle componenti in gomma o metallo degli impianti frigoriferi. Da queste micro-rotture fuoriesce gas refrigerante, provocando una drastica riduzione dell\u2019efficienza degli impianti stessi.<\/p><p>Prendiamo ad esempio il caso delle vetrine gelato: per funzionare correttamente devono mantenere una temperatura tra i -12\u00b0C e i -15\u00b0C. Qualora questo non avvenga \u00e8 probabile che nell\u2019impianto siano presenti micro-falle.<\/p><p>Cosa fare, quindi, in questi casi? Sostituire la vetrina gelato con una nuova? Assolutamente no! Sul mercato esistono infatti turafalle che, una volta inseriti nell\u2019impianto, risolvono il problema delle perdite di gas refrigerante ripristinando l\u2019originale efficienza della vetrina.<\/p><p><a href=\"https:\/\/shop.errecom.com\/prodotto\/extreme-ultra-white\/\" target=\"_blank\" rel=\"noopener\">Extreme Ultra White<\/a>\u00a0\u00e8 il turafalle sviluppato dal dipartimento R&amp;D di Errecom per impianti di refrigerazione con compressore ermetico, quali frigoriferi domestici e industriali, cantinette vino e, appunto, vetrine gelato! Privo di polimeri, Extreme Ultra White sigilla in modo permanente perdite di gas refrigerante fino a 0.3 mm, senza reagire a umidit\u00e0 ed ossigeno.<\/p><p>La sua applicazione, specifica per i gas refrigeranti R600, R290 e R134a, \u00e8 sicura sia per l\u2019operatore che per l\u2019impianto e riduce significativamente il rumore del compressore. Spesso usato per risolvere i problemi sopra descritti, Extreme Ultra White \u00e8 in realt\u00e0 ideale per essere usato anche in ottica preventiva: una volta inserito nella vetrina gelato, infatti, rimarr\u00e0 in circolo nelle linee frigorifere dell\u2019impianto agendo prontamente in caso di eventuale sviluppo di micro-falle.<\/p>\t\t\t\t\t\t<\/div>\n\t\t\t\t<\/div>\n\t\t\t\t\t<\/div>\n\t\t<\/div>\n\t\t\t\t\t<\/div>\n\t\t<\/section>\n\t\t\t\t<\/div>\n\t\t","protected":false},"excerpt":{"rendered":"<p>Vetrine gelato: previeni il calo di efficienza Gelatai all\u2019appello! Questo \u00e8 un periodo di altissima stagione per voi, e non potete permettere che i sistemi di refrigerazione delle vostre gelaterie si blocchino a causa di problemi che avreste potuto prevenire. Leggete l\u2019articolo per evitare la formazione di micro-falle nelle vostre vetrine gelato: assicuratevi una stagione [&hellip;]<\/p>\n <a href=\"https:\/\/www.errecom.com\/it\/vetrine-gelato-previeni-il-calo-di-efficienza\/\" class=\"more-link\" title=\"Read More\">Leggi di pi\u00f9<\/a>","protected":false},"author":1,"featured_media":58501,"comment_status":"closed","ping_status":"open","sticky":false,"template":"","format":"standard","meta":{"_acf_changed":false,"footnotes":""},"categories":[54],"tags":[],"yst_prominent_words":[],"class_list":["post-58499","post","type-post","status-publish","format-standard","has-post-thumbnail","hentry","category-riparazione-perdite-gas-refrigerante"],"acf":[],"_links":{"self":[{"href":"https:\/\/www.errecom.com\/it\/wp-json\/wp\/v2\/posts\/58499","targetHints":{"allow":["GET"]}}],"collection":[{"href":"https:\/\/www.errecom.com\/it\/wp-json\/wp\/v2\/posts"}],"about":[{"href":"https:\/\/www.errecom.com\/it\/wp-json\/wp\/v2\/types\/post"}],"author":[{"embeddable":true,"href":"https:\/\/www.errecom.com\/it\/wp-json\/wp\/v2\/users\/1"}],"replies":[{"embeddable":true,"href":"https:\/\/www.errecom.com\/it\/wp-json\/wp\/v2\/comments?post=58499"}],"version-history":[{"count":11,"href":"https:\/\/www.errecom.com\/it\/wp-json\/wp\/v2\/posts\/58499\/revisions"}],"predecessor-version":[{"id":72367,"href":"https:\/\/www.errecom.com\/it\/wp-json\/wp\/v2\/posts\/58499\/revisions\/72367"}],"wp:featuredmedia":[{"embeddable":true,"href":"https:\/\/www.errecom.com\/it\/wp-json\/wp\/v2\/media\/58501"}],"wp:attachment":[{"href":"https:\/\/www.errecom.com\/it\/wp-json\/wp\/v2\/media?parent=58499"}],"wp:term":[{"taxonomy":"category","embeddable":true,"href":"https:\/\/www.errecom.com\/it\/wp-json\/wp\/v2\/categories?post=58499"},{"taxonomy":"post_tag","embeddable":true,"href":"https:\/\/www.errecom.com\/it\/wp-json\/wp\/v2\/tags?post=58499"},{"taxonomy":"yst_prominent_words","embeddable":true,"href":"https:\/\/www.errecom.com\/it\/wp-json\/wp\/v2\/yst_prominent_words?post=58499"}],"curies":[{"name":"wp","href":"https:\/\/api.w.org\/{rel}","templated":true}]}}