{"id":58327,"date":"2021-09-16T17:37:15","date_gmt":"2021-09-16T15:37:15","guid":{"rendered":"https:\/\/www.errecom.com\/?p=58327"},"modified":"2022-11-18T11:16:14","modified_gmt":"2022-11-18T10:16:14","slug":"strato-dellozonocosa-fa-errecom-per-proteggerlo","status":"publish","type":"post","link":"https:\/\/www.errecom.com\/it\/strato-dellozonocosa-fa-errecom-per-proteggerlo\/","title":{"rendered":"Strato dell\u2019ozono:<br>cosa fa Errecom per proteggerlo"},"content":{"rendered":"\t\t<div data-elementor-type=\"wp-post\" data-elementor-id=\"58327\" class=\"elementor elementor-58327\" data-elementor-post-type=\"post\">\n\t\t\t\t\t\t<section class=\"elementor-section elementor-top-section elementor-element elementor-element-6575d6e3 elementor-section-boxed elementor-section-height-default elementor-section-height-default\" data-id=\"6575d6e3\" data-element_type=\"section\" id=\"article-head\">\n\t\t\t\t\t\t<div class=\"elementor-container elementor-column-gap-default\">\n\t\t\t\t\t<div class=\"elementor-column elementor-col-100 elementor-top-column elementor-element elementor-element-82fbec7\" data-id=\"82fbec7\" data-element_type=\"column\">\n\t\t\t<div class=\"elementor-widget-wrap elementor-element-populated\">\n\t\t\t\t\t\t<div class=\"elementor-element elementor-element-65172d4a elementor-widget elementor-widget-heading\" data-id=\"65172d4a\" data-element_type=\"widget\" data-widget_type=\"heading.default\">\n\t\t\t\t<div class=\"elementor-widget-container\">\n\t\t\t<h1 class=\"elementor-heading-title elementor-size-default\">Strato dell\u2019ozono: <br>\ncosa fa Errecom per proteggerlo\n<\/h1>\t\t<\/div>\n\t\t\t\t<\/div>\n\t\t\t\t<div class=\"elementor-element elementor-element-130f01a2 elementor-widget elementor-widget-text-editor\" data-id=\"130f01a2\" data-element_type=\"widget\" data-widget_type=\"text-editor.default\">\n\t\t\t\t<div class=\"elementor-widget-container\">\n\t\t\t\t\t\t\tDal recente incontro dell\u2019ORM, composto dai massimi esperti e ricercatori dell\u2019ozono, emerge una certezza: nonostante lo strato di ozono stratosferico sia in via di recupero grazie alle misure di contenimento adottate negli ultimi anni, non bisogna abbassare la guardia.\t\t\t\t\t\t<\/div>\n\t\t\t\t<\/div>\n\t\t\t\t<div class=\"elementor-element elementor-element-1db81df1 elementor-widget elementor-widget-shortcode\" data-id=\"1db81df1\" data-element_type=\"widget\" data-widget_type=\"shortcode.default\">\n\t\t\t\t<div class=\"elementor-widget-container\">\n\t\t\t\t\t<div class=\"elementor-shortcode\"><span class=\"my-reading-time\"><span class=\"my-reading-time-label\">Tempo di lettura: <\/span><span class=\"my-reading-time-value\">3 min<\/span><\/span><\/div>\n\t\t\t\t<\/div>\n\t\t\t\t<\/div>\n\t\t\t\t\t<\/div>\n\t\t<\/div>\n\t\t\t\t\t<\/div>\n\t\t<\/section>\n\t\t\t\t<section class=\"elementor-section elementor-top-section elementor-element elementor-element-4ecc1fea elementor-section-boxed elementor-section-height-default elementor-section-height-default\" data-id=\"4ecc1fea\" data-element_type=\"section\">\n\t\t\t\t\t\t<div class=\"elementor-container elementor-column-gap-default\">\n\t\t\t\t\t<div class=\"elementor-column elementor-col-100 elementor-top-column elementor-element elementor-element-25c691c1\" data-id=\"25c691c1\" data-element_type=\"column\">\n\t\t\t<div class=\"elementor-widget-wrap elementor-element-populated\">\n\t\t\t\t\t\t<div class=\"elementor-element elementor-element-2c16fe12 elementor-widget elementor-widget-image\" data-id=\"2c16fe12\" data-element_type=\"widget\" data-widget_type=\"image.default\">\n\t\t\t\t<div class=\"elementor-widget-container\">\n\t\t\t\t\t\t\t\t\t\t\t\t\t<img fetchpriority=\"high\" decoding=\"async\" width=\"1152\" height=\"648\" src=\"https:\/\/www.errecom.com\/wp-content\/uploads\/2021\/09\/ozone-NEWS.png\" class=\"attachment-full size-full wp-image-58332\" alt=\"\" srcset=\"https:\/\/www.errecom.com\/wp-content\/uploads\/2021\/09\/ozone-NEWS.png 1152w, https:\/\/www.errecom.com\/wp-content\/uploads\/2021\/09\/ozone-NEWS-300x169.png 300w, https:\/\/www.errecom.com\/wp-content\/uploads\/2021\/09\/ozone-NEWS-1024x576.png 1024w, https:\/\/www.errecom.com\/wp-content\/uploads\/2021\/09\/ozone-NEWS-768x432.png 768w, https:\/\/www.errecom.com\/wp-content\/uploads\/2021\/09\/ozone-NEWS-100x56.png 100w\" sizes=\"(max-width: 1152px) 100vw, 1152px\" \/>\t\t\t\t\t\t\t\t\t\t\t\t\t<\/div>\n\t\t\t\t<\/div>\n\t\t\t\t\t<\/div>\n\t\t<\/div>\n\t\t\t\t\t<\/div>\n\t\t<\/section>\n\t\t\t\t<section class=\"elementor-section elementor-top-section elementor-element elementor-element-3569a15c dc-has-condition dc-condition-contains elementor-section-boxed elementor-section-height-default elementor-section-height-default\" data-id=\"3569a15c\" data-element_type=\"section\" id=\"article-body\">\n\t\t\t\t\t\t<div class=\"elementor-container elementor-column-gap-default\">\n\t\t\t\t\t<div class=\"elementor-column elementor-col-100 elementor-top-column elementor-element elementor-element-26bb906b\" data-id=\"26bb906b\" data-element_type=\"column\">\n\t\t\t<div class=\"elementor-widget-wrap elementor-element-populated\">\n\t\t\t\t\t\t<div class=\"elementor-element elementor-element-68272edc elementor-widget elementor-widget-text-editor\" data-id=\"68272edc\" data-element_type=\"widget\" data-widget_type=\"text-editor.default\">\n\t\t\t\t<div class=\"elementor-widget-container\">\n\t\t\t\t\t\t\t<p>Era il 1995, quando lo scienziato messicano Mario Molina ricevette il premio Nobel per la chimica per aver scoperto il potere distruttivo dei CFC (clorofluorocarburi) sullo strato dell\u2019ozono. Insieme a lui il collega Frank Sherwood Rowland, che coni\u00f2 il termine utilizzato tutt\u2019oggi \u201cbuco nell\u2019ozono\u201d, ad indicare l\u2019anomalo assottigliamento dello strato di ozono, causa dell\u2019aumento esponenziale delle radiazioni UV sulla superficie terrestre. Chimici visionari, senza dubbio, il cui lavoro \u00e8 stato un immenso contributo per il futuro del pianeta.<\/p><p>Fu grazie alle loro ricerche e ai loro studi, infatti, che i governi dei singoli Paesi iniziarono ad interrogarsi sul da farsi, finendo per adottare una soluzione globale: il Protocollo di Montreal, volto a proteggere il pianeta da quei gas denominati ODS (ozone depleting sustances), responsabili del buco dell\u2019ozono.<\/p><p>Il trattato internazionale dapprima viet\u00f2 l\u2019utilizzo dei CFC sostituendoli con gli HFC (idrofluorocarburi), mentre, successivamente, riconobbe anche il limite di questi ultimi, tanto sicuri per lo strato dell\u2019ozono, quanto potenti gas serra con un effetto di riscaldamento globale fino a 23.000 volte maggiore della CO2.<\/p><p>Da questa consapevolezza, l\u2019introduzione dell\u2019emendamento di Kigali a gennaio 2019, che ha previsto l\u2019aggiunta degli HFC all\u2019elenco delle sostanze controllate nell\u2019ambito del protocollo di Montreal, a favore di gas con un pi\u00f9 basso potenziale di riscaldamento globale.<\/p><p>Da trattato internazionale per combattere il problema dell\u2019assottigliamento dello strato dell\u2019ozono, il Protocollo di Montreal \u00e8 diventato cos\u00ec a tutti gli effetti uno strumento fondamentale nella lotta contro il cambiamento climatico, nonch\u00e9 testimonianza di uno dei pi\u00f9 grandi successi in materia ambientale.<\/p><p>L\u2019importanza di questo trattato internazionale \u00e8 stata confermata anche da una recente ricerca pubblicata sulla rivista scientifica Nature dallo scienziato del clima Mark Ross England.<br \/>L\u2019esperto analizza due diversi scenari climatici: uno, in cui non sono posti limiti di utilizzo ai CFC e uno in cui il loro impiego viene contenuto, evidenziando che in quest\u2019ultimo caso il riscaldamento della superficie artica e lo scioglimento dei ghiacciai sono solo la met\u00e0 di quanto lo siano nel primo scenario.<\/p><p>Ma cosa c\u2019entra Errecom con lo strato dell\u2019ozono? Molto pi\u00f9 di quanto si possa immaginare!<\/p><p>Dal 2001, infatti, l\u2019azienda bresciana studia e sviluppa nel proprio laboratorio chimico turafalle innovativi, con l\u2019obiettivo di localizzare e sigillare in maniera permanente le perdite di gas refrigerante che possono svilupparsi sugli impianti di climatizzazione e refrigerazione residenziale, commerciale e industriale. Errecom ha la soluzione al problema quindi, ma in realt\u00e0 offre molto di pi\u00f9. I turafalle e gli additivi venduti da vent\u2019anni in oltre 130 Paesi del mondo, infatti, sono ideali per essere utilizzati anche in ottica di strategia preventiva. Da un lato il turafalle liquido\u00a0<a href=\"https:\/\/www.errecom.com\/it\/extreme-ultra\/\" target=\"_blank\" rel=\"noopener\">Extreme Ultra<\/a>, una volta inserito, rimane nell\u2019impianto e sigilla eventuali perdite che possono venire a crearsi nel tempo. Dall\u2019altro gli additivi come\u00a0<a href=\"https:\/\/shop.errecom.com\/prodotto\/no-acid-ultra\/\" target=\"_blank\" rel=\"noopener\">No-Acid Ultra<\/a>\u00a0o\u00a0<a href=\"https:\/\/shop.errecom.com\/prodotto\/super-dry-ultra\/\" target=\"_blank\" rel=\"noopener\">Super-Dry Ultra<\/a>\u00a0risolvono e prevengono rispettivamente il problema dell\u2019acidit\u00e0 e dell\u2019umidit\u00e0 nei sistemi, entrambi potenziali cause della creazione di falle.\u00a0<\/p>\t\t\t\t\t\t<\/div>\n\t\t\t\t<\/div>\n\t\t\t\t\t<\/div>\n\t\t<\/div>\n\t\t\t\t\t<\/div>\n\t\t<\/section>\n\t\t\t\t<\/div>\n\t\t","protected":false},"excerpt":{"rendered":"<p>Strato dell\u2019ozono: cosa fa Errecom per proteggerlo Dal recente incontro dell\u2019ORM, composto dai massimi esperti e ricercatori dell\u2019ozono, emerge una certezza: nonostante lo strato di ozono stratosferico sia in via di recupero grazie alle misure di contenimento adottate negli ultimi anni, non bisogna abbassare la guardia. Era il 1995, quando lo scienziato messicano Mario Molina [&hellip;]<\/p>\n <a href=\"https:\/\/www.errecom.com\/it\/strato-dellozonocosa-fa-errecom-per-proteggerlo\/\" class=\"more-link\" title=\"Read More\">Leggi di pi\u00f9<\/a>","protected":false},"author":1,"featured_media":58332,"comment_status":"closed","ping_status":"open","sticky":false,"template":"","format":"standard","meta":{"_acf_changed":false,"footnotes":""},"categories":[54],"tags":[],"yst_prominent_words":[],"class_list":["post-58327","post","type-post","status-publish","format-standard","has-post-thumbnail","hentry","category-riparazione-perdite-gas-refrigerante"],"acf":[],"_links":{"self":[{"href":"https:\/\/www.errecom.com\/it\/wp-json\/wp\/v2\/posts\/58327","targetHints":{"allow":["GET"]}}],"collection":[{"href":"https:\/\/www.errecom.com\/it\/wp-json\/wp\/v2\/posts"}],"about":[{"href":"https:\/\/www.errecom.com\/it\/wp-json\/wp\/v2\/types\/post"}],"author":[{"embeddable":true,"href":"https:\/\/www.errecom.com\/it\/wp-json\/wp\/v2\/users\/1"}],"replies":[{"embeddable":true,"href":"https:\/\/www.errecom.com\/it\/wp-json\/wp\/v2\/comments?post=58327"}],"version-history":[{"count":9,"href":"https:\/\/www.errecom.com\/it\/wp-json\/wp\/v2\/posts\/58327\/revisions"}],"predecessor-version":[{"id":72319,"href":"https:\/\/www.errecom.com\/it\/wp-json\/wp\/v2\/posts\/58327\/revisions\/72319"}],"wp:featuredmedia":[{"embeddable":true,"href":"https:\/\/www.errecom.com\/it\/wp-json\/wp\/v2\/media\/58332"}],"wp:attachment":[{"href":"https:\/\/www.errecom.com\/it\/wp-json\/wp\/v2\/media?parent=58327"}],"wp:term":[{"taxonomy":"category","embeddable":true,"href":"https:\/\/www.errecom.com\/it\/wp-json\/wp\/v2\/categories?post=58327"},{"taxonomy":"post_tag","embeddable":true,"href":"https:\/\/www.errecom.com\/it\/wp-json\/wp\/v2\/tags?post=58327"},{"taxonomy":"yst_prominent_words","embeddable":true,"href":"https:\/\/www.errecom.com\/it\/wp-json\/wp\/v2\/yst_prominent_words?post=58327"}],"curies":[{"name":"wp","href":"https:\/\/api.w.org\/{rel}","templated":true}]}}