{"id":58290,"date":"2021-10-04T17:23:03","date_gmt":"2021-10-04T15:23:03","guid":{"rendered":"https:\/\/www.errecom.com\/?p=58290"},"modified":"2022-11-18T11:12:53","modified_gmt":"2022-11-18T10:12:53","slug":"biden-riduce-luso-di-hfc-al-via-limpegno-usa-per-un-futuro-piu-green","status":"publish","type":"post","link":"https:\/\/www.errecom.com\/it\/biden-riduce-luso-di-hfc-al-via-limpegno-usa-per-un-futuro-piu-green\/","title":{"rendered":"Biden riduce l\u2019uso di HFC:<br> al via l\u2019impegno USA per un futuro pi\u00f9 green"},"content":{"rendered":"\t\t<div data-elementor-type=\"wp-post\" data-elementor-id=\"58290\" class=\"elementor elementor-58290\" data-elementor-post-type=\"post\">\n\t\t\t\t\t\t<section class=\"elementor-section elementor-top-section elementor-element elementor-element-6575d6e3 elementor-section-boxed elementor-section-height-default elementor-section-height-default\" data-id=\"6575d6e3\" data-element_type=\"section\" id=\"article-head\">\n\t\t\t\t\t\t<div class=\"elementor-container elementor-column-gap-default\">\n\t\t\t\t\t<div class=\"elementor-column elementor-col-100 elementor-top-column elementor-element elementor-element-82fbec7\" data-id=\"82fbec7\" data-element_type=\"column\">\n\t\t\t<div class=\"elementor-widget-wrap elementor-element-populated\">\n\t\t\t\t\t\t<div class=\"elementor-element elementor-element-65172d4a elementor-widget elementor-widget-heading\" data-id=\"65172d4a\" data-element_type=\"widget\" data-widget_type=\"heading.default\">\n\t\t\t\t<div class=\"elementor-widget-container\">\n\t\t\t<h1 class=\"elementor-heading-title elementor-size-default\">Biden riduce l\u2019uso di HFC:\nal via l\u2019impegno USA per un futuro pi\u00f9 green<\/h1>\t\t<\/div>\n\t\t\t\t<\/div>\n\t\t\t\t<div class=\"elementor-element elementor-element-130f01a2 elementor-widget elementor-widget-text-editor\" data-id=\"130f01a2\" data-element_type=\"widget\" data-widget_type=\"text-editor.default\">\n\t\t\t\t<div class=\"elementor-widget-container\">\n\t\t\t\t\t\t\tLe emissioni di gas serra statunitensi verranno ridotte gradualmente a partire dal prossimo anno. Questa la decisione presa dall\u2019EPA, l\u2019agenzia federale che si occupa della protezione dell\u2019ambiente in USA, dopo aver constatato negli anni il devastante impatto che gli impianti di climatizzazione e refrigerazione domestici e, soprattutto, industriali stavano avendo sul riscaldamento globale.\t\t\t\t\t\t<\/div>\n\t\t\t\t<\/div>\n\t\t\t\t<div class=\"elementor-element elementor-element-1db81df1 elementor-widget elementor-widget-shortcode\" data-id=\"1db81df1\" data-element_type=\"widget\" data-widget_type=\"shortcode.default\">\n\t\t\t\t<div class=\"elementor-widget-container\">\n\t\t\t\t\t<div class=\"elementor-shortcode\"><span class=\"my-reading-time\"><span class=\"my-reading-time-label\">Tempo di lettura: <\/span><span class=\"my-reading-time-value\">2 min<\/span><\/span><\/div>\n\t\t\t\t<\/div>\n\t\t\t\t<\/div>\n\t\t\t\t\t<\/div>\n\t\t<\/div>\n\t\t\t\t\t<\/div>\n\t\t<\/section>\n\t\t\t\t<section class=\"elementor-section elementor-top-section elementor-element elementor-element-4ecc1fea elementor-section-boxed elementor-section-height-default elementor-section-height-default\" data-id=\"4ecc1fea\" data-element_type=\"section\">\n\t\t\t\t\t\t<div class=\"elementor-container elementor-column-gap-default\">\n\t\t\t\t\t<div class=\"elementor-column elementor-col-100 elementor-top-column elementor-element elementor-element-25c691c1\" data-id=\"25c691c1\" data-element_type=\"column\">\n\t\t\t<div class=\"elementor-widget-wrap elementor-element-populated\">\n\t\t\t\t\t\t<div class=\"elementor-element elementor-element-2c16fe12 elementor-widget elementor-widget-image\" data-id=\"2c16fe12\" data-element_type=\"widget\" data-widget_type=\"image.default\">\n\t\t\t\t<div class=\"elementor-widget-container\">\n\t\t\t\t\t\t\t\t\t\t\t\t\t<img fetchpriority=\"high\" decoding=\"async\" width=\"1152\" height=\"648\" src=\"https:\/\/www.errecom.com\/wp-content\/uploads\/2021\/10\/Biden-NEWS.png\" class=\"attachment-full size-full wp-image-58292\" alt=\"\" srcset=\"https:\/\/www.errecom.com\/wp-content\/uploads\/2021\/10\/Biden-NEWS.png 1152w, https:\/\/www.errecom.com\/wp-content\/uploads\/2021\/10\/Biden-NEWS-300x169.png 300w, https:\/\/www.errecom.com\/wp-content\/uploads\/2021\/10\/Biden-NEWS-1024x576.png 1024w, https:\/\/www.errecom.com\/wp-content\/uploads\/2021\/10\/Biden-NEWS-768x432.png 768w, https:\/\/www.errecom.com\/wp-content\/uploads\/2021\/10\/Biden-NEWS-100x56.png 100w\" sizes=\"(max-width: 1152px) 100vw, 1152px\" \/>\t\t\t\t\t\t\t\t\t\t\t\t\t<\/div>\n\t\t\t\t<\/div>\n\t\t\t\t\t<\/div>\n\t\t<\/div>\n\t\t\t\t\t<\/div>\n\t\t<\/section>\n\t\t\t\t<section class=\"elementor-section elementor-top-section elementor-element elementor-element-3569a15c dc-has-condition dc-condition-contains elementor-section-boxed elementor-section-height-default elementor-section-height-default\" data-id=\"3569a15c\" data-element_type=\"section\" id=\"article-body\">\n\t\t\t\t\t\t<div class=\"elementor-container elementor-column-gap-default\">\n\t\t\t\t\t<div class=\"elementor-column elementor-col-100 elementor-top-column elementor-element elementor-element-26bb906b\" data-id=\"26bb906b\" data-element_type=\"column\">\n\t\t\t<div class=\"elementor-widget-wrap elementor-element-populated\">\n\t\t\t\t\t\t<div class=\"elementor-element elementor-element-68272edc elementor-widget elementor-widget-text-editor\" data-id=\"68272edc\" data-element_type=\"widget\" data-widget_type=\"text-editor.default\">\n\t\t\t\t<div class=\"elementor-widget-container\">\n\t\t\t\t\t\t\t<p>Ad essere oggetto del provvedimento restrittivo fortemente voluto da Biden, gli HFC, anche noti come idrofluorocarburi. Sviluppati come alternativa pi\u00f9 sostenibile dei CFC (gradualmente ridotti a partire dal 1996 dal Protocollo di Montreal per via del loro potere distruttivo sullo strato dell\u2019ozono), gli HFC risultano essere per\u00f2 potenti gas serra, con una capacit\u00e0 di riscaldare il pianeta a una velocit\u00e0 centinaia di volte maggiore della CO2.<\/p><p>Il\u00a0<a href=\"https:\/\/www.repubblica.it\/green-and-blue\/2021\/09\/28\/news\/gas_serra_congelatori_epa_ridurra_l_uso_di_idrofluorocarburi-319253357\/\" target=\"_blank\" rel=\"noopener\">programma appena lanciato dall\u2019EPA<\/a>\u00a0prevede precise restrizioni nell\u2019uso e nella produzione di HFC da oggi fino al 2023; divieti che subiranno ulteriori contenimenti fino al 2036, con l\u2019obiettivo di ridurre le emissioni di HFC dell\u201985% nei prossimi 15 anni.<\/p><p>Sulla base di queste valutazioni, si prevede che il nuovo provvedimento possa evitare fino a 0,5\u00b0C di riscaldamento globale entro la fine del secolo. Inoltre, l\u2019EPA ha affermato che dovrebbe ridurre le emissioni dell\u2019equivalente di 4,7 miliardi di tonnellate di anidride carbonica entro la met\u00e0 del secolo, cifra che, si stima, equivale a quasi tre anni di emissioni del settore energetico statunitense.<\/p><p>Stiamo assistendo, senza dubbio, alla prima grande azione normativa dell\u2019amministrazione Biden in materia di gas serra, ma soprattutto siamo di fronte ai primi standard che gli Stati Uniti impongono sugli HFC. Complici sicuramente le altissime temperature registrate, in questi ultimi anni, in USA, la domanda di climatizzazione e refrigerazione \u00e8 aumentata drasticamente, determinando ovvi innalzamenti di emissioni di HFC. Una decisione radicale andava presa, dunque, e la speranza, ora, \u00e8 che questi nuovi provvedimenti possano aiutare il Paese nell\u2019impegnativo e sfidante obiettivo di transizione ecologica verso tecnologie pi\u00f9 efficienti.<\/p><p>Quella degli States \u00e8 una presa di posizione che l\u2019intero mondo aspettava, Errecom compresa. Anche i clienti americani ora avranno modo di beneficiare del lavoro di sostenibilit\u00e0 svolto dall\u2019azienda negli anni, trovando nel catalogo additivi e turafalle compatibili con i nuovi gas refrigeranti a basso impatto ambientale.<\/p>\t\t\t\t\t\t<\/div>\n\t\t\t\t<\/div>\n\t\t\t\t\t<\/div>\n\t\t<\/div>\n\t\t\t\t\t<\/div>\n\t\t<\/section>\n\t\t\t\t<\/div>\n\t\t","protected":false},"excerpt":{"rendered":"<p>Biden riduce l\u2019uso di HFC: al via l\u2019impegno USA per un futuro pi\u00f9 green Le emissioni di gas serra statunitensi verranno ridotte gradualmente a partire dal prossimo anno. Questa la decisione presa dall\u2019EPA, l\u2019agenzia federale che si occupa della protezione dell\u2019ambiente in USA, dopo aver constatato negli anni il devastante impatto che gli impianti di [&hellip;]<\/p>\n <a href=\"https:\/\/www.errecom.com\/it\/biden-riduce-luso-di-hfc-al-via-limpegno-usa-per-un-futuro-piu-green\/\" class=\"more-link\" title=\"Read More\">Leggi di pi\u00f9<\/a>","protected":false},"author":1,"featured_media":58292,"comment_status":"closed","ping_status":"open","sticky":false,"template":"","format":"standard","meta":{"_acf_changed":false,"footnotes":""},"categories":[52],"tags":[],"yst_prominent_words":[],"class_list":["post-58290","post","type-post","status-publish","format-standard","has-post-thumbnail","hentry","category-eventi"],"acf":[],"_links":{"self":[{"href":"https:\/\/www.errecom.com\/it\/wp-json\/wp\/v2\/posts\/58290","targetHints":{"allow":["GET"]}}],"collection":[{"href":"https:\/\/www.errecom.com\/it\/wp-json\/wp\/v2\/posts"}],"about":[{"href":"https:\/\/www.errecom.com\/it\/wp-json\/wp\/v2\/types\/post"}],"author":[{"embeddable":true,"href":"https:\/\/www.errecom.com\/it\/wp-json\/wp\/v2\/users\/1"}],"replies":[{"embeddable":true,"href":"https:\/\/www.errecom.com\/it\/wp-json\/wp\/v2\/comments?post=58290"}],"version-history":[{"count":7,"href":"https:\/\/www.errecom.com\/it\/wp-json\/wp\/v2\/posts\/58290\/revisions"}],"predecessor-version":[{"id":72307,"href":"https:\/\/www.errecom.com\/it\/wp-json\/wp\/v2\/posts\/58290\/revisions\/72307"}],"wp:featuredmedia":[{"embeddable":true,"href":"https:\/\/www.errecom.com\/it\/wp-json\/wp\/v2\/media\/58292"}],"wp:attachment":[{"href":"https:\/\/www.errecom.com\/it\/wp-json\/wp\/v2\/media?parent=58290"}],"wp:term":[{"taxonomy":"category","embeddable":true,"href":"https:\/\/www.errecom.com\/it\/wp-json\/wp\/v2\/categories?post=58290"},{"taxonomy":"post_tag","embeddable":true,"href":"https:\/\/www.errecom.com\/it\/wp-json\/wp\/v2\/tags?post=58290"},{"taxonomy":"yst_prominent_words","embeddable":true,"href":"https:\/\/www.errecom.com\/it\/wp-json\/wp\/v2\/yst_prominent_words?post=58290"}],"curies":[{"name":"wp","href":"https:\/\/api.w.org\/{rel}","templated":true}]}}