{"id":58223,"date":"2021-11-20T16:55:37","date_gmt":"2021-11-20T15:55:37","guid":{"rendered":"https:\/\/www.errecom.com\/?p=58223"},"modified":"2022-11-18T10:46:27","modified_gmt":"2022-11-18T09:46:27","slug":"errecom-dalla-parte-dei-ragazzi","status":"publish","type":"post","link":"https:\/\/www.errecom.com\/it\/errecom-dalla-parte-dei-ragazzi\/","title":{"rendered":"Errecom: dalla parte dei ragazzi"},"content":{"rendered":"\t\t<div data-elementor-type=\"wp-post\" data-elementor-id=\"58223\" class=\"elementor elementor-58223\" data-elementor-post-type=\"post\">\n\t\t\t\t\t\t<section class=\"elementor-section elementor-top-section elementor-element elementor-element-6575d6e3 elementor-section-boxed elementor-section-height-default elementor-section-height-default\" data-id=\"6575d6e3\" data-element_type=\"section\" id=\"article-head\">\n\t\t\t\t\t\t<div class=\"elementor-container elementor-column-gap-default\">\n\t\t\t\t\t<div class=\"elementor-column elementor-col-100 elementor-top-column elementor-element elementor-element-82fbec7\" data-id=\"82fbec7\" data-element_type=\"column\">\n\t\t\t<div class=\"elementor-widget-wrap elementor-element-populated\">\n\t\t\t\t\t\t<div class=\"elementor-element elementor-element-65172d4a elementor-widget elementor-widget-heading\" data-id=\"65172d4a\" data-element_type=\"widget\" data-widget_type=\"heading.default\">\n\t\t\t\t<div class=\"elementor-widget-container\">\n\t\t\t<h1 class=\"elementor-heading-title elementor-size-default\">Errecom: dalla parte dei ragazzi<\/h1>\t\t<\/div>\n\t\t\t\t<\/div>\n\t\t\t\t<div class=\"elementor-element elementor-element-130f01a2 elementor-widget elementor-widget-text-editor\" data-id=\"130f01a2\" data-element_type=\"widget\" data-widget_type=\"text-editor.default\">\n\t\t\t\t<div class=\"elementor-widget-container\">\n\t\t\t\t\t\t\tIn un quarto dei paesi del mondo, l\u2019educazione di milioni di bambini rischia di collassare: questo il recente e drammatico allarme di Save the Children che Errecom vuole sottolineare oggi, in occasione della Giornata Mondiale dei diritti dei bambini.\t\t\t\t\t\t<\/div>\n\t\t\t\t<\/div>\n\t\t\t\t<div class=\"elementor-element elementor-element-1db81df1 elementor-widget elementor-widget-shortcode\" data-id=\"1db81df1\" data-element_type=\"widget\" data-widget_type=\"shortcode.default\">\n\t\t\t\t<div class=\"elementor-widget-container\">\n\t\t\t\t\t<div class=\"elementor-shortcode\"><span class=\"my-reading-time\"><span class=\"my-reading-time-label\">Tempo di lettura: <\/span><span class=\"my-reading-time-value\">3 min<\/span><\/span><\/div>\n\t\t\t\t<\/div>\n\t\t\t\t<\/div>\n\t\t\t\t\t<\/div>\n\t\t<\/div>\n\t\t\t\t\t<\/div>\n\t\t<\/section>\n\t\t\t\t<section class=\"elementor-section elementor-top-section elementor-element elementor-element-4ecc1fea elementor-section-boxed elementor-section-height-default elementor-section-height-default\" data-id=\"4ecc1fea\" data-element_type=\"section\">\n\t\t\t\t\t\t<div class=\"elementor-container elementor-column-gap-default\">\n\t\t\t\t\t<div class=\"elementor-column elementor-col-100 elementor-top-column elementor-element elementor-element-25c691c1\" data-id=\"25c691c1\" data-element_type=\"column\">\n\t\t\t<div class=\"elementor-widget-wrap elementor-element-populated\">\n\t\t\t\t\t\t<div class=\"elementor-element elementor-element-2c16fe12 elementor-widget elementor-widget-image\" data-id=\"2c16fe12\" data-element_type=\"widget\" data-widget_type=\"image.default\">\n\t\t\t\t<div class=\"elementor-widget-container\">\n\t\t\t\t\t\t\t\t\t\t\t\t\t<img fetchpriority=\"high\" decoding=\"async\" width=\"1152\" height=\"648\" src=\"https:\/\/www.errecom.com\/wp-content\/uploads\/2021\/11\/World-Childrens-Day-NEWS.png\" class=\"attachment-full size-full wp-image-58227\" alt=\"\" srcset=\"https:\/\/www.errecom.com\/wp-content\/uploads\/2021\/11\/World-Childrens-Day-NEWS.png 1152w, https:\/\/www.errecom.com\/wp-content\/uploads\/2021\/11\/World-Childrens-Day-NEWS-300x169.png 300w, https:\/\/www.errecom.com\/wp-content\/uploads\/2021\/11\/World-Childrens-Day-NEWS-1024x576.png 1024w, https:\/\/www.errecom.com\/wp-content\/uploads\/2021\/11\/World-Childrens-Day-NEWS-768x432.png 768w, https:\/\/www.errecom.com\/wp-content\/uploads\/2021\/11\/World-Childrens-Day-NEWS-100x56.png 100w\" sizes=\"(max-width: 1152px) 100vw, 1152px\" \/>\t\t\t\t\t\t\t\t\t\t\t\t\t<\/div>\n\t\t\t\t<\/div>\n\t\t\t\t\t<\/div>\n\t\t<\/div>\n\t\t\t\t\t<\/div>\n\t\t<\/section>\n\t\t\t\t<section class=\"elementor-section elementor-top-section elementor-element elementor-element-3569a15c dc-has-condition dc-condition-contains elementor-section-boxed elementor-section-height-default elementor-section-height-default\" data-id=\"3569a15c\" data-element_type=\"section\" id=\"article-body\">\n\t\t\t\t\t\t<div class=\"elementor-container elementor-column-gap-default\">\n\t\t\t\t\t<div class=\"elementor-column elementor-col-100 elementor-top-column elementor-element elementor-element-26bb906b\" data-id=\"26bb906b\" data-element_type=\"column\">\n\t\t\t<div class=\"elementor-widget-wrap elementor-element-populated\">\n\t\t\t\t\t\t<div class=\"elementor-element elementor-element-68272edc elementor-widget elementor-widget-text-editor\" data-id=\"68272edc\" data-element_type=\"widget\" data-widget_type=\"text-editor.default\">\n\t\t\t\t<div class=\"elementor-widget-container\">\n\t\t\t\t\t\t\t<p>A settembre di quest\u2019anno si \u00e8 stimato che, causa pandemia,\u00a0<a href=\"http:\/\/www.rainews.it\/dl\/rainews\/articoli\/Save-the-Children-16-mln-di-bambini-a-rischio-collasso-educativo-5719dc1d-a82e-4bda-abb5-73316d0775ed.html\" target=\"_blank\" rel=\"noopener\">tra i 10 e i 16 milioni di bambini avrebbero rischiato di non tornare pi\u00f9 a scuola<\/a>. Un dato preoccupante che, per\u00f2, non dovrebbe stupirci se consideriamo che in questo ultimo anno e mezzo la chiusura delle scuole ha riguardato il 90% degli studenti di tutto il mondo e che, di questi, 1 su 3 non ha accesso al digitale e alle nuove tecnologie.<\/p><p>I Paesi pi\u00f9 poveri sembrano essere quelli maggiormente colpiti, anche se questo collasso educativo tocca, in realt\u00e0, tutto il mondo. Solo in Italia, si stima che ad abbandonare la scuola prima del tempo sia ben il 13,5% dei ragazzi: un dato decisamente troppo alto, rappresentativo di una fascia di giovani che rinuncia alla possibilit\u00e0 di costruirsi un futuro in linea con i propri sogni e talenti. Il rischio che stiamo correndo \u00e8 quindi duplice: da un lato si sta privando una generazione di opportunit\u00e0 e occasioni professionali, dall\u2019altro si sta strappando al mondo del lavoro giovani potenzialmente validi, poich\u00e9 non adeguatamente formati. A decretare l\u2019uscita prematura di molti giovani dal percorso scolastico, ad ogni modo, non \u00e8 solo la pandemia. Gi\u00e0 nel 2018, in Italia, si stimava che i\u00a0<a href=\"https:\/\/www.today.it\/economia\/descolarizzati-italia.html\" target=\"_blank\" rel=\"noopener\">descolarizzati erano 10 volte superiori ai cervelli in fuga<\/a>: \u201c598mila giovani in et\u00e0 compresa tra i 18 e i 24 anni che hanno abbandonato precocemente l\u2019attivit\u00e0 scolastica contro i 62mila italiani che lasciano l\u2019Italia per trasferirsi all\u2019estero\u201d.<\/p><p>Tra le principali cause di abbandono prematuro, troviamo quelle economiche ma non mancano quelle culturali e sociali. Troppo spesso, infatti, capita che i giovani si sentano persi e confusi, incapaci di prendere decisioni sul percorso di studi da intraprendere e pi\u00f9 in generale sul loro futuro.<\/p><p>Scegliere cosa vogliamo fare per il resto della vita: per quasi nessuno \u00e8 stata una scelta facile, e le cose si fanno ancora pi\u00f9 complicate se a compiere questa valutazione sono ragazzini di 17\/18 o peggio 12\/13 anni. Serve un percorso di orientamento pratico ed efficace, in cui i giovani possano toccare con mano le professioni e il mondo del lavoro, e a tale scopo \u00e8 fondamentale l\u2019instaurazione di un rapporto di collaborazione continuativo tra scuole e aziende.<\/p><p>A tal proposito l\u2019impegno di Errecom nei confronti della comunit\u00e0 giovane del territorio prende forma con open day aziendali aperti alle scuole che sono interessate a scoprire il mondo della chimica. Quello che l\u2019azienda vuole offrire ai giovani \u00e8 un vero e proprio viaggio nel mondo del lavoro per mostrare loro il modo in cui i diversi dipartimenti e figure professionali lavorano quotidianamente, e nel limite del possibile, aiutarli a fare chiarezza sui propri talenti, attitudini e passioni. Inoltre, partecipando quest\u2019anno agli open day aziendali in Errecom le scuole secondarie di primo grado potranno anche\u00a0<a href=\"https:\/\/www.errecom.com\/it\/un-viaggio-nel-mondo-della-chimica-la-proposta-di-errecom-alle-scuole-del-territorio\/\" target=\"_blank\" rel=\"noopener\">partecipare al Premio Federchimica Giovani<\/a>\u00a0che prevede in palio un tablet o un buono di 2000 \u20ac per l\u2019acquisto di materiale didattico.<\/p><p>Come diceva Nelson Mandela: \u201cL\u2019istruzione \u00e8 l\u2019arma pi\u00f9 potente per cambiare il mondo\u201d ed Errecom continuer\u00e0 ad impegnarsi per promuoverla.<\/p>\t\t\t\t\t\t<\/div>\n\t\t\t\t<\/div>\n\t\t\t\t\t<\/div>\n\t\t<\/div>\n\t\t\t\t\t<\/div>\n\t\t<\/section>\n\t\t\t\t<\/div>\n\t\t","protected":false},"excerpt":{"rendered":"<p>Errecom: dalla parte dei ragazzi In un quarto dei paesi del mondo, l\u2019educazione di milioni di bambini rischia di collassare: questo il recente e drammatico allarme di Save the Children che Errecom vuole sottolineare oggi, in occasione della Giornata Mondiale dei diritti dei bambini. A settembre di quest\u2019anno si \u00e8 stimato che, causa pandemia,\u00a0tra i [&hellip;]<\/p>\n <a href=\"https:\/\/www.errecom.com\/it\/errecom-dalla-parte-dei-ragazzi\/\" class=\"more-link\" title=\"Read More\">Leggi di pi\u00f9<\/a>","protected":false},"author":1,"featured_media":58227,"comment_status":"closed","ping_status":"open","sticky":false,"template":"","format":"standard","meta":{"_acf_changed":false,"footnotes":""},"categories":[51],"tags":[],"yst_prominent_words":[],"class_list":["post-58223","post","type-post","status-publish","format-standard","has-post-thumbnail","hentry","category-dietro-le-quinte"],"acf":[],"_links":{"self":[{"href":"https:\/\/www.errecom.com\/it\/wp-json\/wp\/v2\/posts\/58223","targetHints":{"allow":["GET"]}}],"collection":[{"href":"https:\/\/www.errecom.com\/it\/wp-json\/wp\/v2\/posts"}],"about":[{"href":"https:\/\/www.errecom.com\/it\/wp-json\/wp\/v2\/types\/post"}],"author":[{"embeddable":true,"href":"https:\/\/www.errecom.com\/it\/wp-json\/wp\/v2\/users\/1"}],"replies":[{"embeddable":true,"href":"https:\/\/www.errecom.com\/it\/wp-json\/wp\/v2\/comments?post=58223"}],"version-history":[{"count":13,"href":"https:\/\/www.errecom.com\/it\/wp-json\/wp\/v2\/posts\/58223\/revisions"}],"predecessor-version":[{"id":72214,"href":"https:\/\/www.errecom.com\/it\/wp-json\/wp\/v2\/posts\/58223\/revisions\/72214"}],"wp:featuredmedia":[{"embeddable":true,"href":"https:\/\/www.errecom.com\/it\/wp-json\/wp\/v2\/media\/58227"}],"wp:attachment":[{"href":"https:\/\/www.errecom.com\/it\/wp-json\/wp\/v2\/media?parent=58223"}],"wp:term":[{"taxonomy":"category","embeddable":true,"href":"https:\/\/www.errecom.com\/it\/wp-json\/wp\/v2\/categories?post=58223"},{"taxonomy":"post_tag","embeddable":true,"href":"https:\/\/www.errecom.com\/it\/wp-json\/wp\/v2\/tags?post=58223"},{"taxonomy":"yst_prominent_words","embeddable":true,"href":"https:\/\/www.errecom.com\/it\/wp-json\/wp\/v2\/yst_prominent_words?post=58223"}],"curies":[{"name":"wp","href":"https:\/\/api.w.org\/{rel}","templated":true}]}}