{"id":57866,"date":"2021-11-10T16:14:50","date_gmt":"2021-11-10T15:14:50","guid":{"rendered":"https:\/\/www.errecom.com\/?p=57866"},"modified":"2022-11-18T10:50:39","modified_gmt":"2022-11-18T09:50:39","slug":"stage-in-errecom-spa-unopportunita-per-i-giovani-e-per-lazienda","status":"publish","type":"post","link":"https:\/\/www.errecom.com\/it\/stage-in-errecom-spa-unopportunita-per-i-giovani-e-per-lazienda\/","title":{"rendered":"Stage in Errecom SPA: un\u2019opportunit\u00e0 per i giovani e per l\u2019azienda"},"content":{"rendered":"\t\t<div data-elementor-type=\"wp-post\" data-elementor-id=\"57866\" class=\"elementor elementor-57866\" data-elementor-post-type=\"post\">\n\t\t\t\t\t\t<section class=\"elementor-section elementor-top-section elementor-element elementor-element-6575d6e3 elementor-section-boxed elementor-section-height-default elementor-section-height-default\" data-id=\"6575d6e3\" data-element_type=\"section\" id=\"article-head\">\n\t\t\t\t\t\t<div class=\"elementor-container elementor-column-gap-default\">\n\t\t\t\t\t<div class=\"elementor-column elementor-col-100 elementor-top-column elementor-element elementor-element-82fbec7\" data-id=\"82fbec7\" data-element_type=\"column\">\n\t\t\t<div class=\"elementor-widget-wrap elementor-element-populated\">\n\t\t\t\t\t\t<div class=\"elementor-element elementor-element-65172d4a elementor-widget elementor-widget-heading\" data-id=\"65172d4a\" data-element_type=\"widget\" data-widget_type=\"heading.default\">\n\t\t\t\t<div class=\"elementor-widget-container\">\n\t\t\t<h1 class=\"elementor-heading-title elementor-size-default\">Stage in Errecom SPA: \n<BR>un\u2019opportunit\u00e0 per i giovani e per l\u2019azienda<\/h1>\t\t<\/div>\n\t\t\t\t<\/div>\n\t\t\t\t<div class=\"elementor-element elementor-element-130f01a2 elementor-widget elementor-widget-text-editor\" data-id=\"130f01a2\" data-element_type=\"widget\" data-widget_type=\"text-editor.default\">\n\t\t\t\t<div class=\"elementor-widget-container\">\n\t\t\t\t\t\t\tUn\u2019occasione da giocarsi bene per dimostrare il proprio valore e la propria voglia di fare, uno step spesso necessario per entrare nel mondo del lavoro: lo stage. Neodiplomati e neolaureati lo sanno bene: il passaggio dalla teoria insegnata a scuola alla concretezza richiesta dalle aziende non \u00e8 semplice o scontato. In tutto il mondo, ma soprattutto in Italia, gli studenti riscontrano spesso un vero e proprio gap tra le due realt\u00e0. A mancare \u00e8 soprattutto l\u2019esperienza sul campo, quel saper fare che i libri non insegnano ma i datori di lavoro richiedono. Trattandosi di un vero e proprio percorso formativo, lo stage garantisce una certa alternanza tra studio e lavoro e ha l\u2019obiettivo di far conoscere attivamente ai giovani una professione.\t\t\t\t\t\t<\/div>\n\t\t\t\t<\/div>\n\t\t\t\t<div class=\"elementor-element elementor-element-1db81df1 elementor-widget elementor-widget-shortcode\" data-id=\"1db81df1\" data-element_type=\"widget\" data-widget_type=\"shortcode.default\">\n\t\t\t\t<div class=\"elementor-widget-container\">\n\t\t\t\t\t<div class=\"elementor-shortcode\"><span class=\"my-reading-time\"><span class=\"my-reading-time-label\">Tempo di lettura: <\/span><span class=\"my-reading-time-value\">4 min<\/span><\/span><\/div>\n\t\t\t\t<\/div>\n\t\t\t\t<\/div>\n\t\t\t\t\t<\/div>\n\t\t<\/div>\n\t\t\t\t\t<\/div>\n\t\t<\/section>\n\t\t\t\t<section class=\"elementor-section elementor-top-section elementor-element elementor-element-4ecc1fea elementor-section-boxed elementor-section-height-default elementor-section-height-default\" data-id=\"4ecc1fea\" data-element_type=\"section\">\n\t\t\t\t\t\t<div class=\"elementor-container elementor-column-gap-default\">\n\t\t\t\t\t<div class=\"elementor-column elementor-col-100 elementor-top-column elementor-element elementor-element-25c691c1\" data-id=\"25c691c1\" data-element_type=\"column\">\n\t\t\t<div class=\"elementor-widget-wrap elementor-element-populated\">\n\t\t\t\t\t\t<div class=\"elementor-element elementor-element-2c16fe12 elementor-widget elementor-widget-image\" data-id=\"2c16fe12\" data-element_type=\"widget\" data-widget_type=\"image.default\">\n\t\t\t\t<div class=\"elementor-widget-container\">\n\t\t\t\t\t\t\t\t\t\t\t\t\t<img fetchpriority=\"high\" decoding=\"async\" width=\"1152\" height=\"648\" src=\"https:\/\/www.errecom.com\/wp-content\/uploads\/2021\/11\/NEWS-stage.jpg\" class=\"attachment-full size-full wp-image-57868\" alt=\"\" srcset=\"https:\/\/www.errecom.com\/wp-content\/uploads\/2021\/11\/NEWS-stage.jpg 1152w, https:\/\/www.errecom.com\/wp-content\/uploads\/2021\/11\/NEWS-stage-300x169.jpg 300w, https:\/\/www.errecom.com\/wp-content\/uploads\/2021\/11\/NEWS-stage-1024x576.jpg 1024w, https:\/\/www.errecom.com\/wp-content\/uploads\/2021\/11\/NEWS-stage-768x432.jpg 768w, https:\/\/www.errecom.com\/wp-content\/uploads\/2021\/11\/NEWS-stage-100x56.jpg 100w\" sizes=\"(max-width: 1152px) 100vw, 1152px\" \/>\t\t\t\t\t\t\t\t\t\t\t\t\t<\/div>\n\t\t\t\t<\/div>\n\t\t\t\t\t<\/div>\n\t\t<\/div>\n\t\t\t\t\t<\/div>\n\t\t<\/section>\n\t\t\t\t<section class=\"elementor-section elementor-top-section elementor-element elementor-element-3569a15c dc-has-condition dc-condition-contains elementor-section-boxed elementor-section-height-default elementor-section-height-default\" data-id=\"3569a15c\" data-element_type=\"section\" id=\"article-body\">\n\t\t\t\t\t\t<div class=\"elementor-container elementor-column-gap-default\">\n\t\t\t\t\t<div class=\"elementor-column elementor-col-100 elementor-top-column elementor-element elementor-element-26bb906b\" data-id=\"26bb906b\" data-element_type=\"column\">\n\t\t\t<div class=\"elementor-widget-wrap elementor-element-populated\">\n\t\t\t\t\t\t<div class=\"elementor-element elementor-element-68272edc elementor-widget elementor-widget-text-editor\" data-id=\"68272edc\" data-element_type=\"widget\" data-widget_type=\"text-editor.default\">\n\t\t\t\t<div class=\"elementor-widget-container\">\n\t\t\t\t\t\t\t<p>Dal 2015 l\u2019organizzazione internazionale European Youth Forum, supportata dalla Commissione Europea, ha istituito la Giornata Internazionale degli Stagisti, con lo scopo di creare consapevolezza sulla necessit\u00e0 di migliorare l\u2019accessibilit\u00e0 al mondo del lavoro e le condizioni occupazionali degli stagisti. Quello che si richiede alle aziende \u00e8 un comportamento onesto verso i giovani, l\u2019impegno a valorizzarli come risorse e guidarli nel percorso di scoperta del s\u00e9, delle proprie attitudini e capacit\u00e0. Per quanto riguarda Errecom, l\u2019impegno esiste ed \u00e8 ben tangibile.<\/p><p>Sono quattro, attualmente, gli stagisti assunti in azienda: due nell\u2019ufficio marketing, uno nel laboratorio chimico e uno nel print lab. Ognuno con la sua storia da raccontare, fatta di background formativi e culturali svariati, esperienze e aspettative spesso diverse.<\/p><p>Come afferma Darya, giovane studentessa universitaria di International Business attualmente impiegata come stagista nell\u2019ufficio marketing di Errecom: \u00abMai avrei pensato di trovare un lavoro in cui avrei utilizzato quotidianamente la mia lingua madre, il russo. L\u2019inclusivit\u00e0 di Errecom mi ha stupita positivamente: qui ognuno di noi ha un bagaglio diverso e viene valorizzato proprio per quello\u00bb. Buone anche le parole spese sul percorso di studi intrapreso in Management \u2013 International Business presso l\u2019Universit\u00e0 degli Studi di Brescia. Corsi in inglese, progetti e lavori di gruppo la aiutano a rendere l\u2019esperienza universitaria pi\u00f9 concreta e pratica, conferendole alcune abilit\u00e0 che ha riscontrato utili per il mondo del lavoro. E alla sua esperienza si aggiunge quella di Glenda, madrelingua tedesca e figlia di italiani espatriati in Germania, attualmente a Brescia per conseguire la doppia laurea in Management \u2013 International Business. \u00abQuesto stage in Errecom mi permetter\u00e0 di approfondire la mia conoscenza sul social media marketing, quella branca del marketing che sia l\u2019universit\u00e0 italiana che quella tedesca poco considerano, perch\u00e9 pi\u00f9 concentrate su strategie e strumenti offline\u00bb. Altro aspetto importante che sottolinea Glenda \u00e8 la possibilit\u00e0 di migliorare la conoscenza della lingua italiana e di avvicinarsi alla cultura del nostro Paese, fondamentale per chi, come lei, studia International Business e ha alle spalle anni di esperienze di studio e di vita all\u2019estero, tra cui Stati Uniti, Messico, Colombia.<\/p><p>A confermare il luogo comune che la scuola purtroppo, non prepara ancora a sufficienza al mondo del lavoro, lo stagista perito chimico Andrea, alla prima esperienza post diploma in un laboratorio chimico. La scuola, sostiene, dovrebbe potenziare maggiormente i progetti di alternanza scuola-lavoro perch\u00e9 \u00e8 proprio durante il percorso formativo che si dovrebbe acquisire consapevolezza della professione che si andr\u00e0 poi a compiere. Uno stage all\u2019anno durante l\u2019ultimo triennio \u00e8 fondamentale, ma dovrebbe durare di pi\u00f9 delle canoniche 2\/3 settimane, per dare tempo agli studenti di immergersi a tutti gli effetti nel mondo del lavoro e integrarsi in una realt\u00e0 assolutamente nuova.<\/p><p>E in effetti, questo \u00e8 quello che sta facendo proprio Jacopo, il tirocinante da poco assunto nel Print Lab di Errecom. Iscritto all\u2019ultimo anno di un istituto tecnico informatico, Jacopo, dopo le lezioni, si reca in azienda e qui passa tutti i suoi pomeriggi. Impara l\u2019arte e mettila da parte. Tutti si sono sentiti dire questa frase, almeno una volta nella vita, ma quanti hanno davvero tradotto un vecchio proverbio in scelte di vita concrete?<\/p><p>Quattro ragazzi, dunque. Et\u00e0, professioni, culture e nazionalit\u00e0 diverse ma tutti con un\u2019unica consapevolezza che, probabilmente, accompagner\u00e0 le future generazioni: il confine tra studente e lavoratore si sta facendo sempre pi\u00f9 labile. Le due esperienze devono necessariamente sovrapporsi per favorire un percorso di apprendimento sia teorico che pratico dove i libri incontrano l\u2019esperienza sul campo, garantendo la formazione che ragazzi proattivi e brillanti come i nostri meritano.<\/p>\t\t\t\t\t\t<\/div>\n\t\t\t\t<\/div>\n\t\t\t\t\t<\/div>\n\t\t<\/div>\n\t\t\t\t\t<\/div>\n\t\t<\/section>\n\t\t\t\t<\/div>\n\t\t","protected":false},"excerpt":{"rendered":"<p>Stage in Errecom SPA: un\u2019opportunit\u00e0 per i giovani e per l\u2019azienda Un\u2019occasione da giocarsi bene per dimostrare il proprio valore e la propria voglia di fare, uno step spesso necessario per entrare nel mondo del lavoro: lo stage. Neodiplomati e neolaureati lo sanno bene: il passaggio dalla teoria insegnata a scuola alla concretezza richiesta dalle [&hellip;]<\/p>\n <a href=\"https:\/\/www.errecom.com\/it\/stage-in-errecom-spa-unopportunita-per-i-giovani-e-per-lazienda\/\" class=\"more-link\" title=\"Read More\">Leggi di pi\u00f9<\/a>","protected":false},"author":1,"featured_media":57868,"comment_status":"closed","ping_status":"open","sticky":false,"template":"","format":"standard","meta":{"_acf_changed":false,"footnotes":""},"categories":[51],"tags":[],"yst_prominent_words":[],"class_list":["post-57866","post","type-post","status-publish","format-standard","has-post-thumbnail","hentry","category-dietro-le-quinte"],"acf":[],"_links":{"self":[{"href":"https:\/\/www.errecom.com\/it\/wp-json\/wp\/v2\/posts\/57866","targetHints":{"allow":["GET"]}}],"collection":[{"href":"https:\/\/www.errecom.com\/it\/wp-json\/wp\/v2\/posts"}],"about":[{"href":"https:\/\/www.errecom.com\/it\/wp-json\/wp\/v2\/types\/post"}],"author":[{"embeddable":true,"href":"https:\/\/www.errecom.com\/it\/wp-json\/wp\/v2\/users\/1"}],"replies":[{"embeddable":true,"href":"https:\/\/www.errecom.com\/it\/wp-json\/wp\/v2\/comments?post=57866"}],"version-history":[{"count":8,"href":"https:\/\/www.errecom.com\/it\/wp-json\/wp\/v2\/posts\/57866\/revisions"}],"predecessor-version":[{"id":72229,"href":"https:\/\/www.errecom.com\/it\/wp-json\/wp\/v2\/posts\/57866\/revisions\/72229"}],"wp:featuredmedia":[{"embeddable":true,"href":"https:\/\/www.errecom.com\/it\/wp-json\/wp\/v2\/media\/57868"}],"wp:attachment":[{"href":"https:\/\/www.errecom.com\/it\/wp-json\/wp\/v2\/media?parent=57866"}],"wp:term":[{"taxonomy":"category","embeddable":true,"href":"https:\/\/www.errecom.com\/it\/wp-json\/wp\/v2\/categories?post=57866"},{"taxonomy":"post_tag","embeddable":true,"href":"https:\/\/www.errecom.com\/it\/wp-json\/wp\/v2\/tags?post=57866"},{"taxonomy":"yst_prominent_words","embeddable":true,"href":"https:\/\/www.errecom.com\/it\/wp-json\/wp\/v2\/yst_prominent_words?post=57866"}],"curies":[{"name":"wp","href":"https:\/\/api.w.org\/{rel}","templated":true}]}}