{"id":57789,"date":"2021-09-26T15:31:29","date_gmt":"2021-09-26T13:31:29","guid":{"rendered":"https:\/\/www.errecom.com\/?p=57789"},"modified":"2022-02-05T17:26:34","modified_gmt":"2022-02-05T16:26:34","slug":"lingue-e-culture-patrimonio-delleuropa-e-di-errecom","status":"publish","type":"post","link":"https:\/\/www.errecom.com\/it\/lingue-e-culture-patrimonio-delleuropa-e-di-errecom\/","title":{"rendered":"Lingue e culture: patrimonio dell\u2019Europa e\u2026 di Errecom!"},"content":{"rendered":"\t\t<div data-elementor-type=\"wp-post\" data-elementor-id=\"57789\" class=\"elementor elementor-57789\" data-elementor-post-type=\"post\">\n\t\t\t\t\t\t<section class=\"elementor-section elementor-top-section elementor-element elementor-element-6575d6e3 elementor-section-boxed elementor-section-height-default elementor-section-height-default\" data-id=\"6575d6e3\" data-element_type=\"section\" id=\"article-head\">\n\t\t\t\t\t\t<div class=\"elementor-container elementor-column-gap-default\">\n\t\t\t\t\t<div class=\"elementor-column elementor-col-100 elementor-top-column elementor-element elementor-element-82fbec7\" data-id=\"82fbec7\" data-element_type=\"column\">\n\t\t\t<div class=\"elementor-widget-wrap elementor-element-populated\">\n\t\t\t\t\t\t<div class=\"elementor-element elementor-element-65172d4a elementor-widget elementor-widget-heading\" data-id=\"65172d4a\" data-element_type=\"widget\" data-widget_type=\"heading.default\">\n\t\t\t\t<div class=\"elementor-widget-container\">\n\t\t\t<h1 class=\"elementor-heading-title elementor-size-default\">Lingue e culture: patrimonio dell\u2019Europa e\u2026 <br>di Errecom!<\/h1>\t\t<\/div>\n\t\t\t\t<\/div>\n\t\t\t\t<section class=\"elementor-section elementor-inner-section elementor-element elementor-element-47c1e4e elementor-section-boxed elementor-section-height-default elementor-section-height-default\" data-id=\"47c1e4e\" data-element_type=\"section\">\n\t\t\t\t\t\t<div class=\"elementor-container elementor-column-gap-default\">\n\t\t\t\t\t<div class=\"elementor-column elementor-col-50 elementor-inner-column elementor-element elementor-element-91b89f3\" data-id=\"91b89f3\" data-element_type=\"column\">\n\t\t\t<div class=\"elementor-widget-wrap elementor-element-populated\">\n\t\t\t\t\t\t<div class=\"elementor-element elementor-element-6b6a77e elementor-widget elementor-widget-image\" data-id=\"6b6a77e\" data-element_type=\"widget\" data-widget_type=\"image.default\">\n\t\t\t\t<div class=\"elementor-widget-container\">\n\t\t\t\t\t\t\t\t\t\t\t\t\t\t<a href=\"https:\/\/www.errecom.com\/wp-content\/uploads\/2021\/11\/news-768x652-1.jpeg\" data-elementor-open-lightbox=\"yes\" data-elementor-lightbox-title=\"news-768x652\" data-e-action-hash=\"#elementor-action%3Aaction%3Dlightbox%26settings%3DeyJpZCI6NTc3OTcsInVybCI6Imh0dHBzOlwvXC93d3cuZXJyZWNvbS5jb21cL3dwLWNvbnRlbnRcL3VwbG9hZHNcLzIwMjFcLzExXC9uZXdzLTc2OHg2NTItMS5qcGVnIn0%3D\">\n\t\t\t\t\t\t\t<img fetchpriority=\"high\" decoding=\"async\" width=\"768\" height=\"652\" src=\"https:\/\/www.errecom.com\/wp-content\/uploads\/2021\/11\/news-768x652-1.jpeg\" class=\"attachment-full size-full wp-image-57797\" alt=\"\" srcset=\"https:\/\/www.errecom.com\/wp-content\/uploads\/2021\/11\/news-768x652-1.jpeg 768w, https:\/\/www.errecom.com\/wp-content\/uploads\/2021\/11\/news-768x652-1-300x255.jpeg 300w, https:\/\/www.errecom.com\/wp-content\/uploads\/2021\/11\/news-768x652-1-100x85.jpeg 100w\" sizes=\"(max-width: 768px) 100vw, 768px\" \/>\t\t\t\t\t\t\t\t<\/a>\n\t\t\t\t\t\t\t\t\t\t\t\t\t<\/div>\n\t\t\t\t<\/div>\n\t\t\t\t\t<\/div>\n\t\t<\/div>\n\t\t\t\t<div class=\"elementor-column elementor-col-50 elementor-inner-column elementor-element elementor-element-0a1edbb\" data-id=\"0a1edbb\" data-element_type=\"column\">\n\t\t\t<div class=\"elementor-widget-wrap elementor-element-populated\">\n\t\t\t\t\t\t<div class=\"elementor-element elementor-element-70f85cf elementor-widget elementor-widget-text-editor\" data-id=\"70f85cf\" data-element_type=\"widget\" data-widget_type=\"text-editor.default\">\n\t\t\t\t<div class=\"elementor-widget-container\">\n\t\t\t\t\t\t\t<p>Istituita dal Consiglio d\u2019Europa con il patrocinio dell\u2019Unione Europea, questa ricorrenza \u00e8 nata nel 2001 con lo scopo di sensibilizzare i diversi Stati membri sulla comprensione interculturale e sull\u2019importanza di preservare il patrimonio linguistico di cui il vecchio continente vanta. Per citare qualche numero: 24, le lingue ufficiali parlate; 60, invece, quelle autoctone o minoritarie (catalano, basco, ecc.), diffuse tra circa 40 milioni di persone. Ed \u00e8 proprio in funzione della loro tutela che \u00e8 stata pensata la Carta europea delle lingue regionali o minoritarie: l\u2019unico trattato al mondo che protegge e promuove le lingue tradizionali delle minoranze in pericolo d\u2019estinzione.<\/p>\t\t\t\t\t\t<\/div>\n\t\t\t\t<\/div>\n\t\t\t\t\t<\/div>\n\t\t<\/div>\n\t\t\t\t\t<\/div>\n\t\t<\/section>\n\t\t\t\t<div class=\"elementor-element elementor-element-06c6e07 elementor-widget elementor-widget-spacer\" data-id=\"06c6e07\" data-element_type=\"widget\" data-widget_type=\"spacer.default\">\n\t\t\t\t<div class=\"elementor-widget-container\">\n\t\t\t\t\t<div class=\"elementor-spacer\">\n\t\t\t<div class=\"elementor-spacer-inner\"><\/div>\n\t\t<\/div>\n\t\t\t\t<\/div>\n\t\t\t\t<\/div>\n\t\t\t\t<div class=\"elementor-element elementor-element-1db81df1 elementor-widget elementor-widget-shortcode\" data-id=\"1db81df1\" data-element_type=\"widget\" data-widget_type=\"shortcode.default\">\n\t\t\t\t<div class=\"elementor-widget-container\">\n\t\t\t\t\t<div class=\"elementor-shortcode\"><span class=\"my-reading-time\"><span class=\"my-reading-time-label\">Tempo di lettura: <\/span><span class=\"my-reading-time-value\">3 min<\/span><\/span><\/div>\n\t\t\t\t<\/div>\n\t\t\t\t<\/div>\n\t\t\t\t\t<\/div>\n\t\t<\/div>\n\t\t\t\t\t<\/div>\n\t\t<\/section>\n\t\t\t\t<section class=\"elementor-section elementor-top-section elementor-element elementor-element-4ecc1fea elementor-section-boxed elementor-section-height-default elementor-section-height-default\" data-id=\"4ecc1fea\" data-element_type=\"section\">\n\t\t\t\t\t\t<div class=\"elementor-container elementor-column-gap-default\">\n\t\t\t\t\t<div class=\"elementor-column elementor-col-100 elementor-top-column elementor-element elementor-element-25c691c1\" data-id=\"25c691c1\" data-element_type=\"column\">\n\t\t\t<div class=\"elementor-widget-wrap elementor-element-populated\">\n\t\t\t\t\t\t<div class=\"elementor-element elementor-element-edfcb53 elementor-widget elementor-widget-spacer\" data-id=\"edfcb53\" data-element_type=\"widget\" data-widget_type=\"spacer.default\">\n\t\t\t\t<div class=\"elementor-widget-container\">\n\t\t\t\t\t<div class=\"elementor-spacer\">\n\t\t\t<div class=\"elementor-spacer-inner\"><\/div>\n\t\t<\/div>\n\t\t\t\t<\/div>\n\t\t\t\t<\/div>\n\t\t\t\t<div class=\"elementor-element elementor-element-bedfb11 elementor-widget elementor-widget-text-editor\" data-id=\"bedfb11\" data-element_type=\"widget\" data-widget_type=\"text-editor.default\">\n\t\t\t\t<div class=\"elementor-widget-container\">\n\t\t\t\t\t\t\t<p><span style=\"font-family: Roboto, sans-serif; font-size: 16px; letter-spacing: 0.8px; text-align: justify;\">Istituita dal Consiglio d\u2019Europa con il patrocinio dell\u2019Unione Europea, questa ricorrenza \u00e8 nata nel 2001 con lo scopo di sensibilizzare i diversi Stati membri sulla comprensione interculturale e sull\u2019importanza di preservare il patrimonio linguistico di cui il vecchio continente vanta. Per citare qualche numero: 24, le lingue ufficiali parlate; 60, invece, quelle autoctone o minoritarie (catalano, basco, ecc.), diffuse tra circa 40 milioni di persone. Ed \u00e8 proprio in funzione della loro tutela che \u00e8 stata pensata la Carta europea delle lingue regionali o minoritarie: l\u2019unico trattato al mondo che protegge e promuove le lingue tradizionali delle minoranze in pericolo d\u2019estinzione.<\/span><\/p>\t\t\t\t\t\t<\/div>\n\t\t\t\t<\/div>\n\t\t\t\t<div class=\"elementor-element elementor-element-2c16fe12 elementor-widget elementor-widget-image\" data-id=\"2c16fe12\" data-element_type=\"widget\" data-widget_type=\"image.default\">\n\t\t\t\t<div class=\"elementor-widget-container\">\n\t\t\t\t\t\t\t\t\t\t\t\t\t<img decoding=\"async\" width=\"724\" height=\"1024\" src=\"https:\/\/www.errecom.com\/wp-content\/uploads\/2021\/11\/EDL-infographic-languages-EN-724x1024-1.jpeg\" class=\"attachment-full size-full wp-image-57811\" alt=\"\" srcset=\"https:\/\/www.errecom.com\/wp-content\/uploads\/2021\/11\/EDL-infographic-languages-EN-724x1024-1.jpeg 724w, https:\/\/www.errecom.com\/wp-content\/uploads\/2021\/11\/EDL-infographic-languages-EN-724x1024-1-212x300.jpeg 212w, https:\/\/www.errecom.com\/wp-content\/uploads\/2021\/11\/EDL-infographic-languages-EN-724x1024-1-71x100.jpeg 71w\" sizes=\"(max-width: 724px) 100vw, 724px\" \/>\t\t\t\t\t\t\t\t\t\t\t\t\t<\/div>\n\t\t\t\t<\/div>\n\t\t\t\t<div class=\"elementor-element elementor-element-b606205 elementor-widget elementor-widget-text-editor\" data-id=\"b606205\" data-element_type=\"widget\" data-widget_type=\"text-editor.default\">\n\t\t\t\t<div class=\"elementor-widget-container\">\n\t\t\t\t\t\t\t<p style=\"text-align: center;\"><i>(fonte:\u00a0<a href=\"https:\/\/edl.ecml.at\/Portals\/33\/documents\/poster\/EDL-infographic-languages-EN.pdf\" target=\"_blank\" rel=\"noopener\">sito ufficiale della Giornata Europea delle Lingue<\/a>)<\/i><\/p>\t\t\t\t\t\t<\/div>\n\t\t\t\t<\/div>\n\t\t\t\t\t<\/div>\n\t\t<\/div>\n\t\t\t\t\t<\/div>\n\t\t<\/section>\n\t\t\t\t<section class=\"elementor-section elementor-top-section elementor-element elementor-element-3569a15c dc-has-condition dc-condition-contains elementor-section-boxed elementor-section-height-default elementor-section-height-default\" data-id=\"3569a15c\" data-element_type=\"section\" id=\"article-body\">\n\t\t\t\t\t\t<div class=\"elementor-container elementor-column-gap-default\">\n\t\t\t\t\t<div class=\"elementor-column elementor-col-100 elementor-top-column elementor-element elementor-element-26bb906b\" data-id=\"26bb906b\" data-element_type=\"column\">\n\t\t\t<div class=\"elementor-widget-wrap elementor-element-populated\">\n\t\t\t\t\t\t<div class=\"elementor-element elementor-element-68272edc elementor-widget elementor-widget-text-editor\" data-id=\"68272edc\" data-element_type=\"widget\" data-widget_type=\"text-editor.default\">\n\t\t\t\t<div class=\"elementor-widget-container\">\n\t\t\t\t\t\t\t<p>Di seguito alcuni dei dati pi\u00f9 interessanti riportati nell\u2019infografica:<\/p><ul><li style=\"list-style-type: none;\"><ul><li>Oltre la met\u00e0 della popolazione europea \u00e8 bilingue.<\/li><\/ul><\/li><\/ul><p>\u00a0<\/p><ul><li style=\"list-style-type: none;\"><ul><li>Le cinque lingue pi\u00f9 parlate dalla maggior parte delle persone in Europa sono russo, tedesco, francese, inglese e turco. L\u2019italiano si aggiudica il sesto posto.<\/li><\/ul><\/li><\/ul><p>\u00a0<\/p><ul><li style=\"list-style-type: none;\"><ul><li>\u00c8 stato stimato che ogni lingua \u00e8 composta da almeno 50.000 parole, anche se tendenzialmente le persone madrelingua ne conoscono tra le 15.000 e le 20.000 e ne utilizzano normalmente solo qualche centinaio.<\/li><\/ul><\/li><\/ul><p>\u00a0<\/p><ul><li style=\"list-style-type: none;\"><ul><li>Studi recenti hanno dimostrato che studiare una seconda lingua potrebbe allontanare in media di 4-5 anni la comparsa di demenza senile.<\/li><\/ul><\/li><\/ul><p><br \/>La coesistenza di pi\u00f9 culture, lingue e tradizioni \u00e8 elemento cardine dell\u2019Europa, una condizione che ha contribuito a definirne negli anni la storia politica e sociale. Non dovrebbe stupire, perci\u00f2, questa tenace volont\u00e0 a proteggerne il multilinguismo. Con l\u2019Erasmus, il progetto Leonardo da Vinci e molto altro, l\u2019Europa \u00e8 tra le realt\u00e0 mondiali che pi\u00f9 investe per promuovere l\u2019apprendimento delle lingue tra i cittadini dei vari Paesi al fine di favorire l\u2019economia e la mobilit\u00e0 dei lavoratori. Questo orientamento inclusivo e globale ha inevitabilmente influito sullo stampo strategico di Errecom, nata e cresciuta in un continente in cui accenti, mindset e modelli di business diversi si incontrano, cercando di capirsi e sostenersi. Cos\u00ec come in Europa, anche in Errecom vale infatti una regola. Qui le diverse culture non si limitano a coesistere, ma si mescolano e sostengono, in un meraviglioso scambio continuo che genera valore per il mercato e i clienti, ma soprattutto per il futuro.<\/p>\t\t\t\t\t\t<\/div>\n\t\t\t\t<\/div>\n\t\t\t\t\t<\/div>\n\t\t<\/div>\n\t\t\t\t\t<\/div>\n\t\t<\/section>\n\t\t\t\t<\/div>\n\t\t","protected":false},"excerpt":{"rendered":"<p>Lingue e culture: patrimonio dell\u2019Europa e\u2026 di Errecom! Istituita dal Consiglio d\u2019Europa con il patrocinio dell\u2019Unione Europea, questa ricorrenza \u00e8 nata nel 2001 con lo scopo di sensibilizzare i diversi Stati membri sulla comprensione interculturale e sull\u2019importanza di preservare il patrimonio linguistico di cui il vecchio continente vanta. Per citare qualche numero: 24, le lingue [&hellip;]<\/p>\n <a href=\"https:\/\/www.errecom.com\/it\/lingue-e-culture-patrimonio-delleuropa-e-di-errecom\/\" class=\"more-link\" title=\"Read More\">Leggi di pi\u00f9<\/a>","protected":false},"author":1,"featured_media":57841,"comment_status":"closed","ping_status":"open","sticky":false,"template":"","format":"standard","meta":{"_acf_changed":false,"footnotes":""},"categories":[1],"tags":[],"yst_prominent_words":[],"class_list":["post-57789","post","type-post","status-publish","format-standard","has-post-thumbnail","hentry","category-sanificazione-abitacoli-e-impianti-a-c-auto"],"acf":[],"_links":{"self":[{"href":"https:\/\/www.errecom.com\/it\/wp-json\/wp\/v2\/posts\/57789","targetHints":{"allow":["GET"]}}],"collection":[{"href":"https:\/\/www.errecom.com\/it\/wp-json\/wp\/v2\/posts"}],"about":[{"href":"https:\/\/www.errecom.com\/it\/wp-json\/wp\/v2\/types\/post"}],"author":[{"embeddable":true,"href":"https:\/\/www.errecom.com\/it\/wp-json\/wp\/v2\/users\/1"}],"replies":[{"embeddable":true,"href":"https:\/\/www.errecom.com\/it\/wp-json\/wp\/v2\/comments?post=57789"}],"version-history":[{"count":23,"href":"https:\/\/www.errecom.com\/it\/wp-json\/wp\/v2\/posts\/57789\/revisions"}],"predecessor-version":[{"id":57853,"href":"https:\/\/www.errecom.com\/it\/wp-json\/wp\/v2\/posts\/57789\/revisions\/57853"}],"wp:featuredmedia":[{"embeddable":true,"href":"https:\/\/www.errecom.com\/it\/wp-json\/wp\/v2\/media\/57841"}],"wp:attachment":[{"href":"https:\/\/www.errecom.com\/it\/wp-json\/wp\/v2\/media?parent=57789"}],"wp:term":[{"taxonomy":"category","embeddable":true,"href":"https:\/\/www.errecom.com\/it\/wp-json\/wp\/v2\/categories?post=57789"},{"taxonomy":"post_tag","embeddable":true,"href":"https:\/\/www.errecom.com\/it\/wp-json\/wp\/v2\/tags?post=57789"},{"taxonomy":"yst_prominent_words","embeddable":true,"href":"https:\/\/www.errecom.com\/it\/wp-json\/wp\/v2\/yst_prominent_words?post=57789"}],"curies":[{"name":"wp","href":"https:\/\/api.w.org\/{rel}","templated":true}]}}