{"id":53857,"date":"2021-06-16T10:15:28","date_gmt":"2021-06-16T08:15:28","guid":{"rendered":"https:\/\/www.errecom.com\/?p=53857"},"modified":"2022-03-25T12:35:39","modified_gmt":"2022-03-25T11:35:39","slug":"occhi-puntati-su-brescia-al-via-la-trentanovesima-edizione-della-1000-miglia","status":"publish","type":"post","link":"https:\/\/www.errecom.com\/it\/occhi-puntati-su-brescia-al-via-la-trentanovesima-edizione-della-1000-miglia\/","title":{"rendered":"Occhi puntati su Brescia:<br> al via la trentanovesima edizione della 1000 Miglia"},"content":{"rendered":"\t\t<div data-elementor-type=\"wp-post\" data-elementor-id=\"53857\" class=\"elementor elementor-53857\" data-elementor-post-type=\"post\">\n\t\t\t\t\t\t<section class=\"elementor-section elementor-top-section elementor-element elementor-element-f5fe elementor-section-boxed elementor-section-height-default elementor-section-height-default\" data-id=\"f5fe\" data-element_type=\"section\" id=\"article-head\">\n\t\t\t\t\t\t<div class=\"elementor-container elementor-column-gap-default\">\n\t\t\t\t\t<div class=\"elementor-column elementor-col-100 elementor-top-column elementor-element elementor-element-19920401\" data-id=\"19920401\" data-element_type=\"column\">\n\t\t\t<div class=\"elementor-widget-wrap elementor-element-populated\">\n\t\t\t\t\t\t<div class=\"elementor-element elementor-element-78893a19 elementor-hidden-desktop elementor-hidden-tablet elementor-hidden-phone elementor-widget elementor-widget-html\" data-id=\"78893a19\" data-element_type=\"widget\" data-widget_type=\"html.default\">\n\t\t\t\t<div class=\"elementor-widget-container\">\n\t\t\tLa corsa pi\u00f9 bella del mondo, come l\u2019ha definita Enzo Ferrari, \u00e8 in partenza oggi, 16 giugno, da Brescia ... &nbsp;\t\t<\/div>\n\t\t\t\t<\/div>\n\t\t\t\t<div class=\"elementor-element elementor-element-686fc667 elementor-widget elementor-widget-heading\" data-id=\"686fc667\" data-element_type=\"widget\" data-widget_type=\"heading.default\">\n\t\t\t\t<div class=\"elementor-widget-container\">\n\t\t\t<h1 class=\"elementor-heading-title elementor-size-default\">Occhi puntati su Brescia: al via la trentanovesima edizione della 1000 Miglia<\/h1>\t\t<\/div>\n\t\t\t\t<\/div>\n\t\t\t\t<div class=\"elementor-element elementor-element-2ea49da0 elementor-widget elementor-widget-text-editor\" data-id=\"2ea49da0\" data-element_type=\"widget\" data-widget_type=\"text-editor.default\">\n\t\t\t\t<div class=\"elementor-widget-container\">\n\t\t\t\t\t\t\tLa corsa pi\u00f9 bella del mondo, come l\u2019ha definita Enzo Ferrari, \u00e8 in partenza oggi, 16 giugno, da Brescia, la citt\u00e0 in cui Errecom ha sede.\t\t\t\t\t\t<\/div>\n\t\t\t\t<\/div>\n\t\t\t\t<div class=\"elementor-element elementor-element-60b56895 elementor-widget elementor-widget-shortcode\" data-id=\"60b56895\" data-element_type=\"widget\" data-widget_type=\"shortcode.default\">\n\t\t\t\t<div class=\"elementor-widget-container\">\n\t\t\t\t\t<div class=\"elementor-shortcode\"><span class=\"my-reading-time\"><span class=\"my-reading-time-label\">Tempo di lettura: <\/span><span class=\"my-reading-time-value\">3 min<\/span><\/span><\/div>\n\t\t\t\t<\/div>\n\t\t\t\t<\/div>\n\t\t\t\t\t<\/div>\n\t\t<\/div>\n\t\t\t\t\t<\/div>\n\t\t<\/section>\n\t\t\t\t<section class=\"elementor-section elementor-top-section elementor-element elementor-element-21d9397f elementor-section-boxed elementor-section-height-default elementor-section-height-default\" data-id=\"21d9397f\" data-element_type=\"section\">\n\t\t\t\t\t\t<div class=\"elementor-container elementor-column-gap-default\">\n\t\t\t\t\t<div class=\"elementor-column elementor-col-100 elementor-top-column elementor-element elementor-element-20aac4fa\" data-id=\"20aac4fa\" data-element_type=\"column\">\n\t\t\t<div class=\"elementor-widget-wrap elementor-element-populated\">\n\t\t\t\t\t\t<div class=\"elementor-element elementor-element-1027279b elementor-widget elementor-widget-image\" data-id=\"1027279b\" data-element_type=\"widget\" data-widget_type=\"image.default\">\n\t\t\t\t<div class=\"elementor-widget-container\">\n\t\t\t\t\t\t\t\t\t\t\t\t\t<img fetchpriority=\"high\" decoding=\"async\" width=\"1152\" height=\"648\" src=\"https:\/\/www.errecom.com\/wp-content\/uploads\/2021\/06\/NEWS-millemiglia-copia.jpg\" class=\"attachment-full size-full wp-image-53902\" alt=\"\" srcset=\"https:\/\/www.errecom.com\/wp-content\/uploads\/2021\/06\/NEWS-millemiglia-copia.jpg 1152w, https:\/\/www.errecom.com\/wp-content\/uploads\/2021\/06\/NEWS-millemiglia-copia-300x169.jpg 300w, https:\/\/www.errecom.com\/wp-content\/uploads\/2021\/06\/NEWS-millemiglia-copia-1024x576.jpg 1024w, https:\/\/www.errecom.com\/wp-content\/uploads\/2021\/06\/NEWS-millemiglia-copia-768x432.jpg 768w, https:\/\/www.errecom.com\/wp-content\/uploads\/2021\/06\/NEWS-millemiglia-copia-100x56.jpg 100w\" sizes=\"(max-width: 1152px) 100vw, 1152px\" \/>\t\t\t\t\t\t\t\t\t\t\t\t\t<\/div>\n\t\t\t\t<\/div>\n\t\t\t\t\t<\/div>\n\t\t<\/div>\n\t\t\t\t\t<\/div>\n\t\t<\/section>\n\t\t\t\t<section class=\"elementor-section elementor-top-section elementor-element elementor-element-4bd18ffa dc-has-condition dc-condition-contains elementor-section-boxed elementor-section-height-default elementor-section-height-default\" data-id=\"4bd18ffa\" data-element_type=\"section\" id=\"article-body\">\n\t\t\t\t\t\t<div class=\"elementor-container elementor-column-gap-default\">\n\t\t\t\t\t<div class=\"elementor-column elementor-col-100 elementor-top-column elementor-element elementor-element-a5d4286\" data-id=\"a5d4286\" data-element_type=\"column\">\n\t\t\t<div class=\"elementor-widget-wrap elementor-element-populated\">\n\t\t\t\t\t\t<div class=\"elementor-element elementor-element-60f9dff8 elementor-widget elementor-widget-text-editor\" data-id=\"60f9dff8\" data-element_type=\"widget\" data-widget_type=\"text-editor.default\">\n\t\t\t\t<div class=\"elementor-widget-container\">\n\t\t\t\t\t\t\t<p>Saranno 375 le auto storiche ammesse alla trentanovesima edizione della Mille Miglia che, quest\u2019anno per la prima volta, invertir\u00e0 il senso di marcia rispetto alle precedenti edizioni riprendendo il senso antiorario tipico di molte edizioni della gara originale.<\/p><p>Le vetture partiranno da Brescia, in Viale Venezia per poi dirigersi a sud, passando per Parma attraversando il Passo della Cisa, il suggestivo ed emozionante valico che separa l\u2019appenino ligure da quello tosco-emiliano. Dopo una tappa a Viareggio, la manifestazione ripartir\u00e0 il giorno dopo, gioved\u00ec 17 giugno, transitando lungo il litorale e attraversando Pisa, Castiglione della Pescaia e Grosseto fino a raggiungere Roma. Venerd\u00ec 18 giugno, le vetture d\u2019epoca saluteranno la Citt\u00e0 Eterna, risalendo alla volta del nord, passando per Orvieto, Arezzo, Montevarchi e Prato. Dopo la tappa a Bologna, la corsa ripartir\u00e0 sabato 19 giugno, in direzione di Verona, per poi fiancheggiare il lago di Garda e rientrare a Brescia.<\/p><p>Ripresa e rinascita: ecco cosa rappresenta la competizione quest\u2019anno. <br \/>\u201cCi piace pensare a questa edizione della 1000 Miglia come pi\u00f9 di una semplice gara:\u202fun\u202fvero e proprio volano di rinascita per l\u2019Italia intera che\u202fconcretamente\u202fsupporti\u202fil turismo dei\u202fComuni che incontreremo\u201d ha\u202faffermato\u202fil\u202fcav.\u202fAldo\u202fBonomi, spiegando che la manifestazione, apprezzata e seguita in tutto il mondo, sar\u00e0 non solo una vetrina per l\u2019automotive, ma anche per il Bel Paese.<\/p><p>Dati confortanti, una campagna vaccinale che procede snella e il passaggio di molte regioni a zona bianca. L\u2019ottimismo sar\u00e0 il motore trainante di questa edizione, perch\u00e9 il nostro Paese, ora pi\u00f9 che mai, ha bisogno anche di questo: entusiasmo, leggerezza e trasporto emotivo.<\/p><p>Tra gli eventi che anche quest\u2019anno regaleranno emozioni spiccano il \u201cFerrari Tribute\u201d e la \u201c1000 Miglia Green\u201d. Oltre alle vetture storiche classiche, anche il prestigioso brand internazionale di auto di lusso, infatti, ha riconfermato la sua partecipazione all\u2019evento e scende in pista a rappresentare l\u2019eccellenza italiana nel mondo. L\u2019edizione 2021 della 1000 Miglia Green, invece, prevede di percorrere il tracciato ufficiale della storica gara a bordo di vetture elettriche, con lo scopo di promuovere il concetto di mobilit\u00e0 alternativa ed ecosostenibile in un contesto unico al mondo.<\/p><p>La 1000 Miglia \u00e8 uno dei pochi eventi mondiali in grado di trasmettere a pieno l\u2019immagine dell\u2019Italia e i valori di cui, con estremo orgoglio, ci facciamo portatori. Eccellenza, tradizione e fascino sono qui rappresentati, in un evento senza tempo in cui Brescia, la leonessa d\u2019Italia, e citt\u00e0 d\u2019origine di Errecom, \u00e8 protagonista indiscussa.<\/p>\t\t\t\t\t\t<\/div>\n\t\t\t\t<\/div>\n\t\t\t\t\t<\/div>\n\t\t<\/div>\n\t\t\t\t\t<\/div>\n\t\t<\/section>\n\t\t\t\t<\/div>\n\t\t","protected":false},"excerpt":{"rendered":"<p>La corsa pi\u00f9 bella del mondo, come l\u2019ha definita Enzo Ferrari, \u00e8 in partenza oggi, 16 giugno, da Brescia &#8230; &nbsp; Occhi puntati su Brescia: al via la trentanovesima edizione della 1000 Miglia La corsa pi\u00f9 bella del mondo, come l\u2019ha definita Enzo Ferrari, \u00e8 in partenza oggi, 16 giugno, da Brescia, la citt\u00e0 in [&hellip;]<\/p>\n <a href=\"https:\/\/www.errecom.com\/it\/occhi-puntati-su-brescia-al-via-la-trentanovesima-edizione-della-1000-miglia\/\" class=\"more-link\" title=\"Read More\">Leggi di pi\u00f9<\/a>","protected":false},"author":1,"featured_media":53902,"comment_status":"closed","ping_status":"open","sticky":false,"template":"","format":"standard","meta":{"_acf_changed":false,"footnotes":""},"categories":[145],"tags":[],"yst_prominent_words":[],"class_list":["post-53857","post","type-post","status-publish","format-standard","has-post-thumbnail","hentry","category-sanificacion-cabinas-y-sistemas-a-a-vehiculos"],"acf":[],"_links":{"self":[{"href":"https:\/\/www.errecom.com\/it\/wp-json\/wp\/v2\/posts\/53857","targetHints":{"allow":["GET"]}}],"collection":[{"href":"https:\/\/www.errecom.com\/it\/wp-json\/wp\/v2\/posts"}],"about":[{"href":"https:\/\/www.errecom.com\/it\/wp-json\/wp\/v2\/types\/post"}],"author":[{"embeddable":true,"href":"https:\/\/www.errecom.com\/it\/wp-json\/wp\/v2\/users\/1"}],"replies":[{"embeddable":true,"href":"https:\/\/www.errecom.com\/it\/wp-json\/wp\/v2\/comments?post=53857"}],"version-history":[{"count":28,"href":"https:\/\/www.errecom.com\/it\/wp-json\/wp\/v2\/posts\/53857\/revisions"}],"predecessor-version":[{"id":64556,"href":"https:\/\/www.errecom.com\/it\/wp-json\/wp\/v2\/posts\/53857\/revisions\/64556"}],"wp:featuredmedia":[{"embeddable":true,"href":"https:\/\/www.errecom.com\/it\/wp-json\/wp\/v2\/media\/53902"}],"wp:attachment":[{"href":"https:\/\/www.errecom.com\/it\/wp-json\/wp\/v2\/media?parent=53857"}],"wp:term":[{"taxonomy":"category","embeddable":true,"href":"https:\/\/www.errecom.com\/it\/wp-json\/wp\/v2\/categories?post=53857"},{"taxonomy":"post_tag","embeddable":true,"href":"https:\/\/www.errecom.com\/it\/wp-json\/wp\/v2\/tags?post=53857"},{"taxonomy":"yst_prominent_words","embeddable":true,"href":"https:\/\/www.errecom.com\/it\/wp-json\/wp\/v2\/yst_prominent_words?post=53857"}],"curies":[{"name":"wp","href":"https:\/\/api.w.org\/{rel}","templated":true}]}}