{"id":33157,"date":"2021-03-29T15:03:29","date_gmt":"2021-03-29T13:03:29","guid":{"rendered":"https:\/\/www.errecom.com\/?p=33157"},"modified":"2022-02-05T17:26:37","modified_gmt":"2022-02-05T16:26:37","slug":"cristiana-bocchi-chief-financial-officer-errecom-spa","status":"publish","type":"post","link":"https:\/\/www.errecom.com\/it\/cristiana-bocchi-chief-financial-officer-errecom-spa\/","title":{"rendered":"Cristiana Bocchi: Chief Financial Officer di Errecom SPA"},"content":{"rendered":"\t\t<div data-elementor-type=\"wp-post\" data-elementor-id=\"33157\" class=\"elementor elementor-33157 elementor-33411\" data-elementor-post-type=\"post\">\n\t\t\t\t\t\t<section class=\"elementor-section elementor-top-section elementor-element elementor-element-16a72968 elementor-section-boxed elementor-section-height-default elementor-section-height-default\" data-id=\"16a72968\" data-element_type=\"section\" id=\"article-head\">\n\t\t\t\t\t\t<div class=\"elementor-container elementor-column-gap-default\">\n\t\t\t\t\t<div class=\"elementor-column elementor-col-100 elementor-top-column elementor-element elementor-element-47ff35f7\" data-id=\"47ff35f7\" data-element_type=\"column\">\n\t\t\t<div class=\"elementor-widget-wrap elementor-element-populated\">\n\t\t\t\t\t\t<div class=\"elementor-element elementor-element-64d435c1 elementor-hidden-desktop elementor-hidden-tablet elementor-hidden-phone elementor-widget elementor-widget-html\" data-id=\"64d435c1\" data-element_type=\"widget\" data-widget_type=\"html.default\">\n\t\t\t\t<div class=\"elementor-widget-container\">\n\t\t\tNon solo numeri e precisione, ma anche creativit\u00e0 e una predisposizione alle relazioni e all\u2019empatia. In questa intervista, Cristiana ... &nbsp;\t\t<\/div>\n\t\t\t\t<\/div>\n\t\t\t\t<div class=\"elementor-element elementor-element-741b4cd elementor-widget elementor-widget-heading\" data-id=\"741b4cd\" data-element_type=\"widget\" data-widget_type=\"heading.default\">\n\t\t\t\t<div class=\"elementor-widget-container\">\n\t\t\t<h1 class=\"elementor-heading-title elementor-size-default\">Cristiana Bocchi: Chief&nbsp;Financial Officer di Errecom SPA<\/h1>\t\t<\/div>\n\t\t\t\t<\/div>\n\t\t\t\t<div class=\"elementor-element elementor-element-1d8436b6 elementor-widget-divider--view-line elementor-widget elementor-widget-divider\" data-id=\"1d8436b6\" data-element_type=\"widget\" data-widget_type=\"divider.default\">\n\t\t\t\t<div class=\"elementor-widget-container\">\n\t\t\t\t\t<div class=\"elementor-divider\">\n\t\t\t<span class=\"elementor-divider-separator\">\n\t\t\t\t\t\t<\/span>\n\t\t<\/div>\n\t\t\t\t<\/div>\n\t\t\t\t<\/div>\n\t\t\t\t<div class=\"elementor-element elementor-element-188dbd12 elementor-widget elementor-widget-text-editor\" data-id=\"188dbd12\" data-element_type=\"widget\" data-widget_type=\"text-editor.default\">\n\t\t\t\t<div class=\"elementor-widget-container\">\n\t\t\t\t\t\t\tNon solo numeri e precisione, ma anche creativit\u00e0 e una predisposizione alle relazioni e all\u2019empatia.<br>In questa intervista, Cristiana Bocchi, CFO di Errecom&nbsp;SPA, smentisce alcuni dei preconcetti legati al suo ruolo, rivelando che dietro la sua personale visione di successo e autorealizzazione c\u2019\u00e8 un lungo percorso di resilienza e volont\u00e0.\t\t\t\t\t\t<\/div>\n\t\t\t\t<\/div>\n\t\t\t\t<div class=\"elementor-element elementor-element-4129a92e elementor-widget elementor-widget-shortcode\" data-id=\"4129a92e\" data-element_type=\"widget\" data-widget_type=\"shortcode.default\">\n\t\t\t\t<div class=\"elementor-widget-container\">\n\t\t\t\t\t<div class=\"elementor-shortcode\"><span class=\"my-reading-time\"><span class=\"my-reading-time-label\">Tempo di lettura: <\/span><span class=\"my-reading-time-value\">19 min<\/span><\/span><\/div>\n\t\t\t\t<\/div>\n\t\t\t\t<\/div>\n\t\t\t\t\t<\/div>\n\t\t<\/div>\n\t\t\t\t\t<\/div>\n\t\t<\/section>\n\t\t\t\t<section class=\"elementor-section elementor-top-section elementor-element elementor-element-3a5f05a8 elementor-section-boxed elementor-section-height-default elementor-section-height-default\" data-id=\"3a5f05a8\" data-element_type=\"section\">\n\t\t\t\t\t\t<div class=\"elementor-container elementor-column-gap-default\">\n\t\t\t\t\t<div class=\"elementor-column elementor-col-100 elementor-top-column elementor-element elementor-element-4ca316be\" data-id=\"4ca316be\" data-element_type=\"column\">\n\t\t\t<div class=\"elementor-widget-wrap elementor-element-populated\">\n\t\t\t\t\t\t<div class=\"elementor-element elementor-element-1190efec elementor-widget elementor-widget-image\" data-id=\"1190efec\" data-element_type=\"widget\" data-widget_type=\"image.default\">\n\t\t\t\t<div class=\"elementor-widget-container\">\n\t\t\t\t\t\t\t\t\t\t\t\t\t<img fetchpriority=\"high\" decoding=\"async\" width=\"1142\" height=\"648\" src=\"https:\/\/www.errecom.com\/wp-content\/uploads\/2021\/03\/article_interview-cristiana-cfo-errecom.jpg\" class=\"attachment-full size-full wp-image-33373\" alt=\"\" srcset=\"https:\/\/www.errecom.com\/wp-content\/uploads\/2021\/03\/article_interview-cristiana-cfo-errecom.jpg 1142w, https:\/\/www.errecom.com\/wp-content\/uploads\/2021\/03\/article_interview-cristiana-cfo-errecom-300x170.jpg 300w, https:\/\/www.errecom.com\/wp-content\/uploads\/2021\/03\/article_interview-cristiana-cfo-errecom-1024x581.jpg 1024w, https:\/\/www.errecom.com\/wp-content\/uploads\/2021\/03\/article_interview-cristiana-cfo-errecom-768x436.jpg 768w, https:\/\/www.errecom.com\/wp-content\/uploads\/2021\/03\/article_interview-cristiana-cfo-errecom-100x57.jpg 100w\" sizes=\"(max-width: 1142px) 100vw, 1142px\" \/>\t\t\t\t\t\t\t\t\t\t\t\t\t<\/div>\n\t\t\t\t<\/div>\n\t\t\t\t\t<\/div>\n\t\t<\/div>\n\t\t\t\t\t<\/div>\n\t\t<\/section>\n\t\t<!-- hidden section -->\t\t<section class=\"elementor-section elementor-top-section elementor-element elementor-element-7a46fbf dc-has-condition dc-condition-contains elementor-section-boxed elementor-section-height-default elementor-section-height-default\" data-id=\"7a46fbf\" data-element_type=\"section\" id=\"article-body\">\n\t\t\t\t\t\t<div class=\"elementor-container elementor-column-gap-default\">\n\t\t\t\t\t<div class=\"elementor-column elementor-col-100 elementor-top-column elementor-element elementor-element-34e09c6\" data-id=\"34e09c6\" data-element_type=\"column\">\n\t\t\t<div class=\"elementor-widget-wrap elementor-element-populated\">\n\t\t\t\t\t\t<div class=\"elementor-element elementor-element-4c6d0e0 elementor-widget elementor-widget-text-editor\" data-id=\"4c6d0e0\" data-element_type=\"widget\" data-widget_type=\"text-editor.default\">\n\t\t\t\t<div class=\"elementor-widget-container\">\n\t\t\t\t\t\t\t<h2><strong>1) Sappiamo che oggi ricopri un ruolo chiave in Errecom. Qual \u00e8 stato il percorso che ti ha portato fino qui?<\/strong><\/h2><p>Nell\u2019agosto del 2017 ero alla ricerca di un lavoro che mi offrisse possibilit\u00e0 di crescita, venivo da un\u2019esperienza professionale che mi aveva delusa, lasciandomi dell\u2019amaro in bocca, ma al contempo un forte desiderio di riscatto e rivincita. Ripensare ai miei primi giorni in Errecom mi fa sorridere: in trentadue ore ho dovuto imparare la contabilit\u00e0 dell\u2019azienda, un bel trauma! Scherzi a parte, il passaggio di consegna \u00e8 avvenuto molto velocemente: \u00e8 stato stressante ma al contempo stimolante. Nonostante avessi alle spalle diciassette anni di esperienza in ambito amministrativo per una realt\u00e0 strutturata, ho dovuto comunque rimettermi in gioco, rimboccarmi le maniche e darmi da fare perch\u00e9, in fin dei conti, ogni azienda \u00e8 un mondo a s\u00e9, anche in ambito amministrativo e gestionale.<br \/>Per carattere, poi, sono una persona che d\u00e0 il massimo, ma tende per lo pi\u00f9 a lavorare nel dietro le quinte, non mi piace impormi o ergermi al di sopra degli altri. Eppure, nonostante la mia inclinazione a stare nell\u2019ombra, il mio valore e impegno sono stati riconosciuti e apprezzati, portandomi oggi a ricoprire il ruolo di CFO in Errecom. Se guardo indietro e rifletto sulle difficolt\u00e0 passate, non mi sembra vero di essere arrivata fino a qui: appagata e soddisfatta, a svolgere il lavoro dei miei sogni! \u00c8 proprio vero che la costanza e l\u2019impegno ripagano sempre. Ovviamente nella vita sono tante le variabili in gioco che decretano il successo: l\u2019umilt\u00e0, la voglia di mettersi costantemente in gioco, la fortuna di essere al posto giusto nel momento giusto. Credo per\u00f2 che una, in fin dei conti, prevalga su tutte ed \u00e8 la resilienza.<\/p><p>\u00a0<\/p><h2><strong>2) Quali sono gli aspetti che ami di pi\u00f9 del tuo lavoro?<\/strong><\/h2><p>Ti svelo un segreto: c\u2019\u00e8 stato un periodo in cui ho messo fortemente in discussione la passione per il mio lavoro. Spinta dalla necessit\u00e0 di comprendere cosa fare della mia vita lavorativa e dal desiderio di mettermi in gioco professionalmente ho provato a percorrere strade nuove. \u00c8 stato cos\u00ec che mi sono buttata nel mondo delle vendite: una realt\u00e0 totalmente diversa da quella amministrativa ma che, oggettivamente parlando, mi ha persino dato qualche soddisfazione. Eppure, ho realizzato fin da subito che non era la mia strada: ogni lavoro richiede una certa predisposizione e attitudine e quella del commerciale non incontrava la mia personalit\u00e0. Ho intrapreso cos\u00ec un percorso di crescita personale affidandomi ad un coach e, indovina un po\u2019 qual \u00e8 stata la prima cosa che mi ha detto? Tu sei perfetta per i ruoli amministrativi! Cos\u00ec ho deciso di dare alla mia carriera in amministrazione una seconda opportunit\u00e0, cercando, questa volta, di vedere il lavoro da un altro punto di vista, di affrontare le sfide con maggiore coraggio e fiducia in me stessa. Beh, ha funzionato: da quel giorno non ho pi\u00f9 avuto dubbi. Penso che essermi messa in discussione sia stato fondamentale per riscoprire l\u2019amore e la passione che nutro per il mio lavoro. In Errecom mi sento appagata, percepisco che quello che faccio ha un fine e un valore ben precisi. Qui non sono un numero, anzi. Del mio lavoro amo il fatto che ogni giorno ci siano stimoli nuovi e la sensazione di sentirmi parte integrante di un\u2019azienda dinamica e in continua evoluzione. L\u2019avventura di Errecom \u00e8 iniziata vent\u2019anni fa, vedere i risultati che ha raggiunto ad oggi e sapere che, in parte, ho contribuito anche io alla crescita di questa azienda \u00e8 una soddisfazione davvero impagabile.<\/p><p>\u00a0<\/p><h2><strong>3) Numeri, quadrature di bilancio, meticolosit\u00e0, precisione: sono caratteristiche che ti contraddistinguono anche al di fuori della tua professione?<\/strong><\/h2><p>Adoro i numeri: da un certo punto di vista potrebbero sembrare un mio tarlo mentale, sul lavoro, a casa, nel tempo libero! Devo per\u00f2 ammettere che non mi definirei il classico ragioniere, perch\u00e9 per quanto io adori i numeri, mi piace anche variare e avere stimoli nuovi. Credo di avere anche un lato pi\u00f9 creativo e in Errecom mi sento soddisfatta proprio perch\u00e9 il mio ruolo \u00e8 molto variegato e mi d\u00e0 modo di esprimere a fondo tutte le mie attitudini in libert\u00e0 e autonomia. Quindi, per rispondere alla tua domanda: s\u00ec, sono una persona precisa e meticolosa ma quel tanto che basta. Non ragiono per schemi mentali, mi piace uscire dai confini, perch\u00e9 ritengo che, anche per un lavoro all\u2019apparenza statico come il mio, sia importante saper cogliere le sfumature e trarne insegnamenti.<\/p><p>\u00a0<\/p><h2><strong>4) Visto da chi ha poca dimestichezza, il tuo lavoro sembra speso totalmente all\u2019interno dell\u2019azienda. Nella realt\u00e0 sappiamo che fa parte del tuo ruolo anche un altro aspetto fondamentale: la gestione dei rapporti con istituti finanziari e assicurativi. Quale ritieni che sia il tuo punto di forza in questo caso?<\/strong><\/h2><p>Il mio segreto nelle relazioni con i collaboratori esterni \u00e8 quello di puntare sulla costruzione di un rapporto umano. Credo fortemente che imporsi in maniera saccente, presuntuosa o arrogante non porti da nessuna parte. Piuttosto, sono convinta che l\u2019umilt\u00e0, la disponibilit\u00e0 e l\u2019empatia siano l\u2019arma vincente per costruire e intessere relazioni di valore, perch\u00e9 sono le basi da cui nascono stima e fiducia reciproca. E questo credo sia ben tangibile nei risultati che ottengo! Ovviamente, se noto che la controparte fraintende questa mia umanit\u00e0, percependola come una mancanza di preparazione tecnica, allora cambio modalit\u00e0 e approccio, perch\u00e9 oltre a quanto citato fino ad ora ritengo che sia altrettanto fondamentale il rispetto reciproco.<\/p><p>\u00a0<\/p><h2><strong>5) Come referente per la gestione delle risorse umane, ti occupi anche della salute dei lavoratori un aspetto che, in questo periodo di pandemia \u00e8 particolarmente delicato perch\u00e9 legato inevitabilmente anche a dinamiche pi\u00f9 emotive. Errecom ha implementato misure di prevenzione volte a ridurre i rischi di contagio. Questo ha comportato dei cambiamenti nella gestione del personale?<\/strong><\/h2><p>La gestione del personale \u00e8 forse il lavoro pi\u00f9 difficile ma al contempo gratificante. \u00c8 fondamentale sapere mediare tra le esigenze dei singoli e quelle dell\u2019azienda, mettersi nei panni dei dipendenti e offrire loro il tuo tempo, quando serve. Il periodo di emergenza sanitaria che stiamo vivendo non aiuta, sono momenti difficili per tutti, ma lo staff di Errecom lo sa: la mia porta \u00e8 sempre aperta per chiunque ne avesse bisogno.<br \/>A livello organizzativo, credo che il momento pi\u00f9 estenuante sia stato lo scorso anno: c\u2019era molta confusione, ogni settimana veniva emanato un nuovo DPCM che richiedeva nuovi protocolli aziendali da impostare. L\u2019azienda si \u00e8 mossa immediatamente per garantire ai dipendenti un luogo di lavoro sicuro e tutelare la loro salute. Dal momento in cui \u00e8 stato possibile abbiamo implementato campagne di screening e prevenzione cadenziate, prima attraverso test sierologici e successivamente con i tamponi rapidi. Una decisione fondamentale per monitorare la situazione interna all\u2019azienda e scongiurare la nascita di eventuali focolai. Sono contenta di dare il mio contributo: \u00e8 stato un lavoro considerevole, non solo a livello umano ma anche pratico e organizzativo, ma fortunatamente il RSPP che ci segue \u00e8 molto competente ed aggiornato, il che \u00e8 di notevole aiuto per me.<\/p><p>\u00a0<\/p><h2><strong>6) Il Covid 19 ti ha colpito duramente durante la prima ondata. Questa esperienza ha in qualche modo cambiato il tuo modo di approcciarti alla vita e di gestire la quotidianit\u00e0?<\/strong><\/h2><p>Ho contratto il virus durante la prima ondata: febbre alta, mal di gola, assenza di gusto e olfatto. Non \u00e8 stata una passeggiata, e in momenti come questo ti rendi conto che la vita \u00e8 davvero questione di un attimo. Rivaluti le priorit\u00e0, riscopri il valore delle cose semplici che hai sempre dato per scontate. Realizzi che la frase \u201cl\u2019importante \u00e8 avere la salute\u201d non \u00e8 poi tanto banale ma anzi, piena di significato e consapevolezza.<br \/>Ammetto che, anche in questo caso, c\u2019\u00e8 l\u2019altro lato della medaglia. Per un po\u2019 ti senti predisposto a questo nuovo approccio, fino a che arrivi al punto in cui vieni inglobato di nuovo dal sistema e dai ritmi serrati di una vita che corre troppo veloce tra casa, lavoro, famiglia e tutto quello che ne fa da cornice. Credo sia inevitabile. Bisogna trovare un equilibrio tra l\u2019accettazione di uno stile di vita che non possiamo cambiare totalmente e la consapevolezza che oltre alla frenesia c\u2019\u00e8 la vita vera, il senso di tutto. Non \u00e8 sempre facile e anzi, talvolta diventa frustrante. Ho imparato per\u00f2 a ritagliarmi dei momenti miei, di consapevolezza profonda, in cui stacco completamente e riesco a dare alle singole cose la loro giusta dimensione.<\/p><p>\u00a0<\/p><h2><strong>7) Oltre al lavoro, che abbiamo capito essere una passione per te, quali altri interessi coltivi?<\/strong><\/h2><p>Amo il contatto con la natura, passare il tempo libero all\u2019aria aperta, in giardino, a potare le piante o a prendermi cura dei miei fiori. E poi adoro gli animali, soprattutto i cani. Ne ho sempre avuto almeno uno, non potrei mai vivere senza il loro amore. Li considero come figli, membri a tutti gli effetti della famiglia: con il loro modo di amare, cos\u00ec profondo e incondizionato hanno cos\u00ec tanto da insegnare a noi umani. Anche mia figlia Aurora condivide con me lo stesso amore per gli animali e la natura: ha una cavalla con cui gareggia, anche a livello nazionale, e per me \u00e8 straordinario seguirla in questa sua passione.<br \/>Parlarne ad alta voce mi fa riflettere sul fatto che forse la mia passione pi\u00f9 grande sia proprio questa: prendermi cura. Delle persone, della mia famiglia, dei nostri animali, delle mie piante. Pensandoci bene non ti nego che a tratti \u00e8 davvero stancante: ho tante persone che mi amano immensamente ma che al contempo hanno costante bisogno della mia presenza. Eppure, a fine giornata, nonostante la stanchezza e la fatica mi sento grata perch\u00e9 forse \u00e8 proprio questa la mia missione nella vita: essere punto di riferimento per chi amo.<\/p><p>\u00a0<\/p><h2><strong>8) Donna in carriera, mamma, moglie: 3 mondi diversi e a volte lontani. Per la tua esperienza personale, c\u2019\u00e8 qualcosa che li accomuna?<\/strong><\/h2><p>Credo che questi tre mondi tanto opposti siano accomunati dallo stesso fuoco che li rende impegnativi ma al contempo gratificanti: la passione. Quando sono a lavoro, dedico anima e corpo ad Errecom. Nel momento in cui varco la porta di casa stacco una spina e ne attacco un\u2019altra. Devo farlo, \u00e8 giusto che sia cos\u00ec ed \u00e8 meraviglioso. Ovviamente \u00e8 stato con il tempo e l\u2019esperienza che ho trovato un equilibrio, imparando ad essere presente in quel singolo momento, che sia in ufficio, con mia figlia o con mio marito. Forse, il segreto del successo \u00e8 proprio questo.<\/p>\t\t\t\t\t\t<\/div>\n\t\t\t\t<\/div>\n\t\t\t\t\t<\/div>\n\t\t<\/div>\n\t\t\t\t\t<\/div>\n\t\t<\/section>\n\t\t\t\t<aside class=\"elementor-section elementor-top-section elementor-element elementor-element-4ddf2a73 elementor-section-content-middle elementor-section-height-min-height elementor-section-boxed elementor-section-height-default elementor-section-items-middle\" data-id=\"4ddf2a73\" data-element_type=\"section\" id=\"brand-footer\" data-settings=\"{&quot;background_background&quot;:&quot;classic&quot;}\">\n\t\t\t\t\t\t<div class=\"elementor-container elementor-column-gap-no\">\n\t\t\t\t\t<div class=\"elementor-column elementor-col-50 elementor-top-column elementor-element elementor-element-28ff8f7b\" data-id=\"28ff8f7b\" data-element_type=\"column\">\n\t\t\t<div class=\"elementor-widget-wrap elementor-element-populated\">\n\t\t\t\t\t\t<div class=\"elementor-element elementor-element-6178f0c4 elementor-widget elementor-widget-heading\" data-id=\"6178f0c4\" data-element_type=\"widget\" data-widget_type=\"heading.default\">\n\t\t\t\t<div class=\"elementor-widget-container\">\n\t\t\t<p class=\"elementor-heading-title elementor-size-default\"><strong>Errecom SPA<\/strong> - Via Industriale, 14 - 25030 Corzano (Brescia) - ITALIA - P.IVA 02179230988<\/p>\t\t<\/div>\n\t\t\t\t<\/div>\n\t\t\t\t\t<\/div>\n\t\t<\/div>\n\t\t\t\t<div class=\"elementor-column elementor-col-50 elementor-top-column elementor-element elementor-element-43816e8f\" data-id=\"43816e8f\" data-element_type=\"column\">\n\t\t\t<div class=\"elementor-widget-wrap elementor-element-populated\">\n\t\t\t\t\t\t<div class=\"elementor-element elementor-element-7217389e e-grid-align-mobile-center e-grid-align-tablet-right e-grid-align-right elementor-shape-rounded elementor-grid-0 elementor-widget elementor-widget-social-icons\" data-id=\"7217389e\" data-element_type=\"widget\" data-widget_type=\"social-icons.default\">\n\t\t\t\t<div class=\"elementor-widget-container\">\n\t\t\t\t\t<div class=\"elementor-social-icons-wrapper elementor-grid\">\n\t\t\t\t\t\t\t<span class=\"elementor-grid-item\">\n\t\t\t\t\t<a class=\"elementor-icon elementor-social-icon elementor-social-icon-facebook-f elementor-repeater-item-0267196\" href=\"https:\/\/www.facebook.com\/errecomspa\" target=\"_blank\" rel=\"nofollow\">\n\t\t\t\t\t\t<span class=\"elementor-screen-only\">Facebook-f<\/span>\n\t\t\t\t\t\t<i class=\"fab fa-facebook-f\"><\/i>\t\t\t\t\t<\/a>\n\t\t\t\t<\/span>\n\t\t\t\t\t\t\t<span class=\"elementor-grid-item\">\n\t\t\t\t\t<a class=\"elementor-icon elementor-social-icon elementor-social-icon-instagram elementor-repeater-item-95d9493\" href=\"https:\/\/www.instagram.com\/errecom_spa\/\" target=\"_blank\" rel=\"nofollow\">\n\t\t\t\t\t\t<span class=\"elementor-screen-only\">Instagram<\/span>\n\t\t\t\t\t\t<i class=\"fab fa-instagram\"><\/i>\t\t\t\t\t<\/a>\n\t\t\t\t<\/span>\n\t\t\t\t\t\t\t<span class=\"elementor-grid-item\">\n\t\t\t\t\t<a class=\"elementor-icon elementor-social-icon elementor-social-icon-youtube elementor-repeater-item-dbaeb71\" href=\"https:\/\/www.youtube.com\/c\/ERRECOM\" target=\"_blank\" rel=\"nofollow\">\n\t\t\t\t\t\t<span class=\"elementor-screen-only\">Youtube<\/span>\n\t\t\t\t\t\t<i class=\"fab fa-youtube\"><\/i>\t\t\t\t\t<\/a>\n\t\t\t\t<\/span>\n\t\t\t\t\t\t\t<span class=\"elementor-grid-item\">\n\t\t\t\t\t<a class=\"elementor-icon elementor-social-icon elementor-social-icon-linkedin-in elementor-repeater-item-e15a839\" href=\"https:\/\/www.linkedin.com\/company\/errecomspa\" target=\"_blank\" rel=\"nofollow\">\n\t\t\t\t\t\t<span class=\"elementor-screen-only\">Linkedin-in<\/span>\n\t\t\t\t\t\t<i class=\"fab fa-linkedin-in\"><\/i>\t\t\t\t\t<\/a>\n\t\t\t\t<\/span>\n\t\t\t\t\t<\/div>\n\t\t\t\t<\/div>\n\t\t\t\t<\/div>\n\t\t\t\t\t<\/div>\n\t\t<\/div>\n\t\t\t\t\t<\/div>\n\t\t<\/aside>\n\t\t\t\t<section class=\"elementor-section elementor-top-section elementor-element elementor-element-47aa2c88 elementor-section-boxed elementor-section-height-default elementor-section-height-default\" data-id=\"47aa2c88\" data-element_type=\"section\">\n\t\t\t\t\t\t<div class=\"elementor-container elementor-column-gap-default\">\n\t\t\t\t\t<div class=\"elementor-column elementor-col-100 elementor-top-column elementor-element elementor-element-7c6e62e3\" data-id=\"7c6e62e3\" data-element_type=\"column\">\n\t\t\t<div class=\"elementor-widget-wrap\">\n\t\t\t\t\t\t\t<\/div>\n\t\t<\/div>\n\t\t\t\t\t<\/div>\n\t\t<\/section>\n\t\t\t\t<\/div>\n\t\t","protected":false},"excerpt":{"rendered":"<p>Non solo numeri e precisione, ma anche creativit\u00e0 e una predisposizione alle relazioni e all\u2019empatia. In questa intervista, Cristiana &#8230; &nbsp; Cristiana Bocchi: Chief&nbsp;Financial Officer di Errecom SPA Non solo numeri e precisione, ma anche creativit\u00e0 e una predisposizione alle relazioni e all\u2019empatia.In questa intervista, Cristiana Bocchi, CFO di Errecom&nbsp;SPA, smentisce alcuni dei preconcetti legati [&hellip;]<\/p>\n <a href=\"https:\/\/www.errecom.com\/it\/cristiana-bocchi-chief-financial-officer-errecom-spa\/\" class=\"more-link\" title=\"Read More\">Leggi di pi\u00f9<\/a>","protected":false},"author":1,"featured_media":33373,"comment_status":"closed","ping_status":"closed","sticky":false,"template":"","format":"standard","meta":{"_acf_changed":false,"footnotes":""},"categories":[51],"tags":[],"yst_prominent_words":[],"class_list":["post-33157","post","type-post","status-publish","format-standard","has-post-thumbnail","hentry","category-dietro-le-quinte"],"acf":[],"_links":{"self":[{"href":"https:\/\/www.errecom.com\/it\/wp-json\/wp\/v2\/posts\/33157","targetHints":{"allow":["GET"]}}],"collection":[{"href":"https:\/\/www.errecom.com\/it\/wp-json\/wp\/v2\/posts"}],"about":[{"href":"https:\/\/www.errecom.com\/it\/wp-json\/wp\/v2\/types\/post"}],"author":[{"embeddable":true,"href":"https:\/\/www.errecom.com\/it\/wp-json\/wp\/v2\/users\/1"}],"replies":[{"embeddable":true,"href":"https:\/\/www.errecom.com\/it\/wp-json\/wp\/v2\/comments?post=33157"}],"version-history":[{"count":6,"href":"https:\/\/www.errecom.com\/it\/wp-json\/wp\/v2\/posts\/33157\/revisions"}],"predecessor-version":[{"id":60490,"href":"https:\/\/www.errecom.com\/it\/wp-json\/wp\/v2\/posts\/33157\/revisions\/60490"}],"wp:featuredmedia":[{"embeddable":true,"href":"https:\/\/www.errecom.com\/it\/wp-json\/wp\/v2\/media\/33373"}],"wp:attachment":[{"href":"https:\/\/www.errecom.com\/it\/wp-json\/wp\/v2\/media?parent=33157"}],"wp:term":[{"taxonomy":"category","embeddable":true,"href":"https:\/\/www.errecom.com\/it\/wp-json\/wp\/v2\/categories?post=33157"},{"taxonomy":"post_tag","embeddable":true,"href":"https:\/\/www.errecom.com\/it\/wp-json\/wp\/v2\/tags?post=33157"},{"taxonomy":"yst_prominent_words","embeddable":true,"href":"https:\/\/www.errecom.com\/it\/wp-json\/wp\/v2\/yst_prominent_words?post=33157"}],"curies":[{"name":"wp","href":"https:\/\/api.w.org\/{rel}","templated":true}]}}