{"id":75976,"date":"2023-09-15T16:40:03","date_gmt":"2023-09-15T14:40:03","guid":{"rendered":"https:\/\/www.errecom.com\/capa-de-ozono-y-el-clima-la-responsabilidad-de-la-industria-del-frio-y-de-la-climatizacion\/"},"modified":"2023-09-18T15:52:47","modified_gmt":"2023-09-18T13:52:47","slug":"capa-de-ozono-y-el-clima-la-responsabilidad-de-la-industria-del-frio-y-de-la-climatizacion","status":"publish","type":"post","link":"https:\/\/www.errecom.com\/es\/capa-de-ozono-y-el-clima-la-responsabilidad-de-la-industria-del-frio-y-de-la-climatizacion\/","title":{"rendered":"Capa de Ozono y el clima: la responsabilidad de la industria del fr\u00edo y de la climatizaci\u00f3n"},"content":{"rendered":"\t\t<div data-elementor-type=\"wp-post\" data-elementor-id=\"75976\" class=\"elementor elementor-75976 elementor-75857\" data-elementor-post-type=\"post\">\n\t\t\t\t\t\t<section class=\"elementor-section elementor-top-section elementor-element elementor-element-52d745ca elementor-section-boxed elementor-section-height-default elementor-section-height-default\" data-id=\"52d745ca\" data-element_type=\"section\" id=\"article-head\">\n\t\t\t\t\t\t<div class=\"elementor-container elementor-column-gap-default\">\n\t\t\t\t\t<div class=\"elementor-column elementor-col-100 elementor-top-column elementor-element elementor-element-192e592b\" data-id=\"192e592b\" data-element_type=\"column\">\n\t\t\t<div class=\"elementor-widget-wrap elementor-element-populated\">\n\t\t\t\t\t\t<div class=\"elementor-element elementor-element-5a4b1f6d elementor-widget elementor-widget-heading\" data-id=\"5a4b1f6d\" data-element_type=\"widget\" data-widget_type=\"heading.default\">\n\t\t\t\t<div class=\"elementor-widget-container\">\n\t\t\t<h1 class=\"elementor-heading-title elementor-size-default\">Capa de Ozono y el clima: la responsabilidad de la industria del fr\u00edo y de la climatizaci\u00f3n<\/h1>\t\t<\/div>\n\t\t\t\t<\/div>\n\t\t\t\t<div class=\"elementor-element elementor-element-2880ddfa elementor-widget elementor-widget-text-editor\" data-id=\"2880ddfa\" data-element_type=\"widget\" data-widget_type=\"text-editor.default\">\n\t\t\t\t<div class=\"elementor-widget-container\">\n\t\t\t\t\t\t\tLa capa de ozono: un elemento invisible e imperceptible en nuestra atm\u00f3sfera, pero extremadamente fundamental para el futuro de la Tierra y de la humanidad. Tan importante que se decidi\u00f3 celebrar su protecci\u00f3n con el establecimiento de un d\u00eda internacional especial, el 16 de septiembre de cada a\u00f1o. El sector de la refrigeraci\u00f3n est\u00e1 muy envuelto en esta cuesti\u00f3n, especialmente tomando en cuenta el uso masivo en el pasado de los gases refrigerantes CFC, principales protagonistas de la creaci\u00f3n del agujero de ozono.\t\t\t\t\t\t<\/div>\n\t\t\t\t<\/div>\n\t\t\t\t<div class=\"elementor-element elementor-element-4c12be96 elementor-widget elementor-widget-shortcode\" data-id=\"4c12be96\" data-element_type=\"widget\" data-widget_type=\"shortcode.default\">\n\t\t\t\t<div class=\"elementor-widget-container\">\n\t\t\t\t\t<div class=\"elementor-shortcode\"><span class=\"my-reading-time\"><span class=\"my-reading-time-label\">Tiempo de lectura: <\/span><span class=\"my-reading-time-value\">4 min<\/span><\/span><\/div>\n\t\t\t\t<\/div>\n\t\t\t\t<\/div>\n\t\t\t\t\t<\/div>\n\t\t<\/div>\n\t\t\t\t\t<\/div>\n\t\t<\/section>\n\t\t\t\t<section class=\"elementor-section elementor-top-section elementor-element elementor-element-57b4227a elementor-section-boxed elementor-section-height-default elementor-section-height-default\" data-id=\"57b4227a\" data-element_type=\"section\">\n\t\t\t\t\t\t<div class=\"elementor-container elementor-column-gap-default\">\n\t\t\t\t\t<div class=\"elementor-column elementor-col-100 elementor-top-column elementor-element elementor-element-549d960\" data-id=\"549d960\" data-element_type=\"column\">\n\t\t\t<div class=\"elementor-widget-wrap elementor-element-populated\">\n\t\t\t\t\t\t<div class=\"elementor-element elementor-element-503bec1c elementor-widget elementor-widget-image\" data-id=\"503bec1c\" data-element_type=\"widget\" data-widget_type=\"image.default\">\n\t\t\t\t<div class=\"elementor-widget-container\">\n\t\t\t\t\t\t\t\t\t\t\t\t\t<img fetchpriority=\"high\" decoding=\"async\" width=\"1778\" height=\"1000\" src=\"https:\/\/www.errecom.com\/wp-content\/uploads\/2023\/09\/WORLD-OZONE-DAY-2023-2.png\" class=\"attachment-full size-full wp-image-75910\" alt=\"\" srcset=\"https:\/\/www.errecom.com\/wp-content\/uploads\/2023\/09\/WORLD-OZONE-DAY-2023-2.png 1778w, https:\/\/www.errecom.com\/wp-content\/uploads\/2023\/09\/WORLD-OZONE-DAY-2023-2-300x169.png 300w, https:\/\/www.errecom.com\/wp-content\/uploads\/2023\/09\/WORLD-OZONE-DAY-2023-2-1024x576.png 1024w, https:\/\/www.errecom.com\/wp-content\/uploads\/2023\/09\/WORLD-OZONE-DAY-2023-2-768x432.png 768w, https:\/\/www.errecom.com\/wp-content\/uploads\/2023\/09\/WORLD-OZONE-DAY-2023-2-1536x864.png 1536w, https:\/\/www.errecom.com\/wp-content\/uploads\/2023\/09\/WORLD-OZONE-DAY-2023-2-100x56.png 100w\" sizes=\"(max-width: 1778px) 100vw, 1778px\" \/>\t\t\t\t\t\t\t\t\t\t\t\t\t<\/div>\n\t\t\t\t<\/div>\n\t\t\t\t\t<\/div>\n\t\t<\/div>\n\t\t\t\t\t<\/div>\n\t\t<\/section>\n\t\t\t\t<section class=\"elementor-section elementor-top-section elementor-element elementor-element-2c882153 dc-has-condition dc-condition-contains elementor-section-boxed elementor-section-height-default elementor-section-height-default\" data-id=\"2c882153\" data-element_type=\"section\" id=\"article-body\">\n\t\t\t\t\t\t<div class=\"elementor-container elementor-column-gap-default\">\n\t\t\t\t\t<div class=\"elementor-column elementor-col-100 elementor-top-column elementor-element elementor-element-87d9926\" data-id=\"87d9926\" data-element_type=\"column\">\n\t\t\t<div class=\"elementor-widget-wrap elementor-element-populated\">\n\t\t\t\t\t\t<div class=\"elementor-element elementor-element-6be4e85e elementor-widget elementor-widget-text-editor\" data-id=\"6be4e85e\" data-element_type=\"widget\" data-widget_type=\"text-editor.default\">\n\t\t\t\t<div class=\"elementor-widget-container\">\n\t\t\t\t\t\t\t<p>Pasaron m\u00e1s de 35 a\u00f1os desde que un grupo de cient\u00edficos del British Ant\u00e1rtida Survey descubri\u00f3 el agujero de ozono sobre la Ant\u00e1rtida y, con eso, aument\u00f3 la conciencia sobre los peligros de los rayos ultravioleta en la comunidad mundial. La capa de ozono, de hecho, es una delgada parte de la atm\u00f3sfera terrestre hecha para absorber la radiaci\u00f3n ultravioleta del sol. Por lo tanto, un adelgazamiento de esta capa reduce inevitablemente su capacidad de filtraci\u00f3n, permitiendo que la radiaci\u00f3n solar llegue a la superficie terrestre con graves consecuencias para el medio ambiente y la salud de los seres humanos: tumores en la piel, da\u00f1os a los ojos y a la vista, impacto negativo en la producci\u00f3n agr\u00edcola y mucho m\u00e1s.<\/p>\n<p>La causa principal de este adelgazamiento se encontr\u00f3 en los CFC (clorofluorocarbonos), gases refrigerantes que se encontraban com\u00fanmente en botellas de aerosol, aislantes de espuma y, sobre todo, ampliamente utilizados en la industria de la climatizaci\u00f3n y la refrigeraci\u00f3n, ya que son muy estables desde un punto de vista qu\u00edmico, no t\u00f3xicos, no inflamables y se producen a un coste relativamente bajo. Tras este descubrimiento, ocurrido en 1985, el mundo entero trabaj\u00f3 para encontrar una soluci\u00f3n r\u00e1pida. El Protocolo de Montreal, firmado en 1987, s\u00f3lo dos a\u00f1os despu\u00e9s, estableci\u00f3 definitivamente el compromiso de 197 naciones de eliminar gradualmente la producci\u00f3n de CFC. Definido por los principales exponentes de la comunidad cient\u00edfica como \u00abel tratado medioambiental m\u00e1s exitoso de la historia\u00bb, el Protocolo de Montreal permiti\u00f3 invertir la tendencia en todos los aspectos. Como se anunci\u00f3 a principios de a\u00f1o en el <a href=\"https:\/\/www.unep.org\/news-and-stories\/press-release\/ozone-layer-recovery-track-helping-avoid-global-warming-05degc\" target=\"_blank\" rel=\"noopener\">informe de la ONU<\/a>, los resultados obtenidos de las pol\u00edticas desarrolladas desde 1987 hasta la actualidad son muy positivos. De hecho, si siguen vigentes, se espera que la capa de ozono vuelva a los valores de 1980 en 2040 (excepto esperar hasta 2045 para el \u00c1rtico y 2066 para la Ant\u00e1rtida).<\/p>\n<p>Sin embargo, no faltan las malas noticias. Seg\u00fan un estudio realizado por un grupo de cient\u00edficos de la Universidad de Bristol y la NOAA (Administraci\u00f3n Nacional Oce\u00e1nica y Atmosf\u00e9rica), entre 2010 y 2020 se detect\u00f3 en la atm\u00f3sfera una concentraci\u00f3n particularmente alta de 5 CFC.<\/p>\n<p>Aunque los expertos aseguran que este hecho no interferir\u00e1 con el cronograma hipot\u00e9tico para la restauraci\u00f3n de la capa de ozono, el equipo de investigaci\u00f3n estim\u00f3 que esta concentraci\u00f3n de CFC en la atm\u00f3sfera ha afectado negativamente al calentamiento global. De hecho, reci\u00e9n en 2020 gener\u00f3 un aumento del calentamiento global comparable al generado por las emisiones de CO2 de un pa\u00eds como Suiza. Por tanto, la atenci\u00f3n y el cumplimiento de las normas siguen siendo fundamentales.<\/p>\n<p>Es triste decirlo, pero la cuesti\u00f3n del agujero de ozono ha contribuido, sin duda, a concienciar a la opini\u00f3n p\u00fablica y, en concreto, a la comunidad frigor\u00edfica sobre la importancia de proteger el medio ambiente.<\/p>\n<p>Los pasos dados desde 1985 lo demuestran: de la casi total ausencia de conciencia sobre los riesgos ambientales de los clorofluorocarbonos hemos llegado a los gases refrigerantes de bajo PCA que utilizamos hoy, en un viaje realizado no de la noche a la ma\u00f1ana, sino a lo largo de casi 40 a\u00f1os de investigaciones, errores, y mejoras.<\/p>\n<p>El mismo concepto de fuga de gas refrigerante ha adquirido un valor diferente con el tiempo, gracias al propio reglamento europeo sobre gases fluorados creado para regular en profundidad la gesti\u00f3n de los gases fluorados, previendo tambi\u00e9n figuras profesionales certificadas. La definici\u00f3n de objetivos claros vinculados a plazos inaplazables y la inclusi\u00f3n de sanciones espec\u00edficas en caso de incumplimiento de las reparaciones y controles subrayan a\u00fan m\u00e1s la atenci\u00f3n global prestada al problema.<\/p>\n<p>\u00bfLa misi\u00f3n de Errecom? Incrementar la cociencia sobre la importancia del mantenimiento, tanto entre los profesionales del sector como entre los usuarios finales, no s\u00f3lo desde una perspectiva resolutiva sino tambi\u00e9n y sobre todo preventiva. Las noticias de hoy nos ense\u00f1an: \u00a1no hay m\u00e1s tiempo que perder!<\/p>\t\t\t\t\t\t<\/div>\n\t\t\t\t<\/div>\n\t\t\t\t\t<\/div>\n\t\t<\/div>\n\t\t\t\t\t<\/div>\n\t\t<\/section>\n\t\t\t\t<\/div>\n\t\t","protected":false},"excerpt":{"rendered":"<p>Capa de Ozono y el clima: la responsabilidad de la industria del fr\u00edo y de la climatizaci\u00f3n La capa de ozono: un elemento invisible e imperceptible en nuestra atm\u00f3sfera, pero extremadamente fundamental para el futuro de la Tierra y de la humanidad. Tan importante que se decidi\u00f3 celebrar su protecci\u00f3n con el establecimiento de un [&hellip;]<\/p>\n <a href=\"https:\/\/www.errecom.com\/es\/capa-de-ozono-y-el-clima-la-responsabilidad-de-la-industria-del-frio-y-de-la-climatizacion\/\" class=\"more-link\" title=\"Read More\">Leer m\u00e1s<\/a>","protected":false},"author":7,"featured_media":75898,"comment_status":"closed","ping_status":"closed","sticky":false,"template":"","format":"standard","meta":{"_acf_changed":false,"footnotes":""},"categories":[173],"tags":[],"yst_prominent_words":[],"class_list":["post-75976","post","type-post","status-publish","format-standard","has-post-thumbnail","hentry","category-mantenimiento-sistemas-aa-r"],"acf":[],"_links":{"self":[{"href":"https:\/\/www.errecom.com\/es\/wp-json\/wp\/v2\/posts\/75976","targetHints":{"allow":["GET"]}}],"collection":[{"href":"https:\/\/www.errecom.com\/es\/wp-json\/wp\/v2\/posts"}],"about":[{"href":"https:\/\/www.errecom.com\/es\/wp-json\/wp\/v2\/types\/post"}],"author":[{"embeddable":true,"href":"https:\/\/www.errecom.com\/es\/wp-json\/wp\/v2\/users\/7"}],"replies":[{"embeddable":true,"href":"https:\/\/www.errecom.com\/es\/wp-json\/wp\/v2\/comments?post=75976"}],"version-history":[{"count":4,"href":"https:\/\/www.errecom.com\/es\/wp-json\/wp\/v2\/posts\/75976\/revisions"}],"predecessor-version":[{"id":75980,"href":"https:\/\/www.errecom.com\/es\/wp-json\/wp\/v2\/posts\/75976\/revisions\/75980"}],"wp:featuredmedia":[{"embeddable":true,"href":"https:\/\/www.errecom.com\/es\/wp-json\/wp\/v2\/media\/75898"}],"wp:attachment":[{"href":"https:\/\/www.errecom.com\/es\/wp-json\/wp\/v2\/media?parent=75976"}],"wp:term":[{"taxonomy":"category","embeddable":true,"href":"https:\/\/www.errecom.com\/es\/wp-json\/wp\/v2\/categories?post=75976"},{"taxonomy":"post_tag","embeddable":true,"href":"https:\/\/www.errecom.com\/es\/wp-json\/wp\/v2\/tags?post=75976"},{"taxonomy":"yst_prominent_words","embeddable":true,"href":"https:\/\/www.errecom.com\/es\/wp-json\/wp\/v2\/yst_prominent_words?post=75976"}],"curies":[{"name":"wp","href":"https:\/\/api.w.org\/{rel}","templated":true}]}}