{"id":73454,"date":"2024-02-13T14:40:24","date_gmt":"2024-02-13T13:40:24","guid":{"rendered":"https:\/\/www.errecom.com\/sostenibilidad-y-eficiencia-energetica-para-hvac\/"},"modified":"2024-02-13T15:33:13","modified_gmt":"2024-02-13T14:33:13","slug":"sostenibilidad-y-eficiencia-energetica-para-hvac","status":"publish","type":"post","link":"https:\/\/www.errecom.com\/es\/sostenibilidad-y-eficiencia-energetica-para-hvac\/","title":{"rendered":"Sostenibilidad y eficiencia energ\u00e9tica para HVAC"},"content":{"rendered":"\t\t<div data-elementor-type=\"wp-post\" data-elementor-id=\"73454\" class=\"elementor elementor-73454 elementor-73415\" data-elementor-post-type=\"post\">\n\t\t\t\t\t\t<section class=\"elementor-section elementor-top-section elementor-element elementor-element-7e0a3a3f elementor-section-boxed elementor-section-height-default elementor-section-height-default\" data-id=\"7e0a3a3f\" data-element_type=\"section\" id=\"article-head\">\n\t\t\t\t\t\t<div class=\"elementor-container elementor-column-gap-default\">\n\t\t\t\t\t<div class=\"elementor-column elementor-col-100 elementor-top-column elementor-element elementor-element-6c42660\" data-id=\"6c42660\" data-element_type=\"column\">\n\t\t\t<div class=\"elementor-widget-wrap elementor-element-populated\">\n\t\t\t\t\t\t<div class=\"elementor-element elementor-element-2a64c862 elementor-widget elementor-widget-heading\" data-id=\"2a64c862\" data-element_type=\"widget\" data-widget_type=\"heading.default\">\n\t\t\t\t<div class=\"elementor-widget-container\">\n\t\t\t<h1 class=\"elementor-heading-title elementor-size-default\">Sostenibilidad y eficiencia energ\u00e9tica para HVAC<\/h1>\t\t<\/div>\n\t\t\t\t<\/div>\n\t\t\t\t<div class=\"elementor-element elementor-element-134eed5b elementor-widget elementor-widget-text-editor\" data-id=\"134eed5b\" data-element_type=\"widget\" data-widget_type=\"text-editor.default\">\n\t\t\t\t<div class=\"elementor-widget-container\">\n\t\t\t\t\t\t\t<p>Sostenibilidad y eficiencia energ\u00e9tica: es suficiente un d\u00eda para celebrarlas, a\u00f1os de investigaci\u00f3n, compromiso constante y una estrategia future-oriented. Establecido oficialmente el a\u00f1o pasado el 16 de febrero tras la conversi\u00f3n del Decreto Ley n.17\/2022 por el Parlamento italiano, el D\u00eda Nacional del Ahorro de Energ\u00eda y Estilos de Vida Sostenibles tiene como objetivo promover la protecci\u00f3n a nivel nacional del medio ambiente y los recursos naturales.<\/p>\n\t\t\t\t\t\t<\/div>\n\t\t\t\t<\/div>\n\t\t\t\t<div class=\"elementor-element elementor-element-4808506 elementor-widget elementor-widget-shortcode\" data-id=\"4808506\" data-element_type=\"widget\" data-widget_type=\"shortcode.default\">\n\t\t\t\t<div class=\"elementor-widget-container\">\n\t\t\t\t\t<div class=\"elementor-shortcode\"><span class=\"my-reading-time\"><span class=\"my-reading-time-label\">Tiempo de lectura: <\/span><span class=\"my-reading-time-value\">4 min<\/span><\/span><\/div>\n\t\t\t\t<\/div>\n\t\t\t\t<\/div>\n\t\t\t\t\t<\/div>\n\t\t<\/div>\n\t\t\t\t\t<\/div>\n\t\t<\/section>\n\t\t\t\t<section class=\"elementor-section elementor-top-section elementor-element elementor-element-72470d26 elementor-section-boxed elementor-section-height-default elementor-section-height-default\" data-id=\"72470d26\" data-element_type=\"section\">\n\t\t\t\t\t\t<div class=\"elementor-container elementor-column-gap-default\">\n\t\t\t\t\t<div class=\"elementor-column elementor-col-100 elementor-top-column elementor-element elementor-element-24d21535\" data-id=\"24d21535\" data-element_type=\"column\">\n\t\t\t<div class=\"elementor-widget-wrap elementor-element-populated\">\n\t\t\t\t\t\t<div class=\"elementor-element elementor-element-6133ca6b elementor-widget elementor-widget-image\" data-id=\"6133ca6b\" data-element_type=\"widget\" data-widget_type=\"image.default\">\n\t\t\t\t<div class=\"elementor-widget-container\">\n\t\t\t\t\t\t\t\t\t\t\t\t\t<img fetchpriority=\"high\" decoding=\"async\" width=\"1152\" height=\"648\" src=\"https:\/\/www.errecom.com\/wp-content\/uploads\/2023\/02\/GIORNATA-DEL-RISPARMIO.jpg\" class=\"attachment-full size-full wp-image-73426\" alt=\"\" srcset=\"https:\/\/www.errecom.com\/wp-content\/uploads\/2023\/02\/GIORNATA-DEL-RISPARMIO.jpg 1152w, https:\/\/www.errecom.com\/wp-content\/uploads\/2023\/02\/GIORNATA-DEL-RISPARMIO-300x169.jpg 300w, https:\/\/www.errecom.com\/wp-content\/uploads\/2023\/02\/GIORNATA-DEL-RISPARMIO-1024x576.jpg 1024w, https:\/\/www.errecom.com\/wp-content\/uploads\/2023\/02\/GIORNATA-DEL-RISPARMIO-768x432.jpg 768w, https:\/\/www.errecom.com\/wp-content\/uploads\/2023\/02\/GIORNATA-DEL-RISPARMIO-100x56.jpg 100w\" sizes=\"(max-width: 1152px) 100vw, 1152px\" \/>\t\t\t\t\t\t\t\t\t\t\t\t\t<\/div>\n\t\t\t\t<\/div>\n\t\t\t\t\t<\/div>\n\t\t<\/div>\n\t\t\t\t\t<\/div>\n\t\t<\/section>\n\t\t\t\t<section class=\"elementor-section elementor-top-section elementor-element elementor-element-49a11c0 dc-has-condition dc-condition-contains elementor-section-boxed elementor-section-height-default elementor-section-height-default\" data-id=\"49a11c0\" data-element_type=\"section\" id=\"article-body\">\n\t\t\t\t\t\t<div class=\"elementor-container elementor-column-gap-default\">\n\t\t\t\t\t<div class=\"elementor-column elementor-col-100 elementor-top-column elementor-element elementor-element-4564feb7\" data-id=\"4564feb7\" data-element_type=\"column\">\n\t\t\t<div class=\"elementor-widget-wrap elementor-element-populated\">\n\t\t\t\t\t\t<div class=\"elementor-element elementor-element-55305db7 elementor-widget elementor-widget-text-editor\" data-id=\"55305db7\" data-element_type=\"widget\" data-widget_type=\"text-editor.default\">\n\t\t\t\t<div class=\"elementor-widget-container\">\n\t\t\t\t\t\t\t<p>Un estilo de vida, una elecci\u00f3n, uno de los temas m\u00e1s debatidos de las \u00faltimas d\u00e9cadas: la sostenibilidad. Extremadamente actual, desafiante y, a veces, lamentablemente, incluso explotado como tendencia para subirse a la ola del momento. Definida como una \u00abcondici\u00f3n de desarrollo capaz de asegurar la satisfacci\u00f3n de las necesidades de la generaci\u00f3n presente sin comprometer la posibilidad de que las generaciones futuras satisfagan las propias\u00bb, la sostenibilidad exige una gesti\u00f3n responsable y equilibrada de las necesidades econ\u00f3micas, sociales y ambientales actuales. Y, precisamente por eso, no puede haber sostenibilidad sin eficiencia energ\u00e9tica: evitar residuos, reducir las emisiones de CO2 y reducir el consumo de plantas, estructuras y edificios es uno de los principales objetivos de gobiernos, instituciones y empresas dedicadas a la sostenibilidad. El D\u00eda Nacional del Ahorro de Energ\u00eda y Estilos de Vida Sustentables tiene precisamente este prop\u00f3sito: sensibilizar al pa\u00eds sobre estos temas, promoviendo actividades, eventos e iniciativas que aumenten la conciencia ciudadana y estimulen conductas virtuosas en materia de sustentabilidad. Un claro ejemplo de ello es la iniciativa de la emisora \u200b\u200bradiof\u00f3nica Caterpillar de Rai Radio 2, <a href=\"https:\/\/www.raiplaysound.it\/articoli\/2021\/11\/Millumino-di-Meno-a40952e7-b8ec-44f3-967e-6d3c776df5e2.html\" target=\"_blank\" rel=\"noopener\">M&#8217;illumino di Meno<\/a>, incluso anterior a la instauraci\u00f3n del d\u00eda y que se remonta a 2005 cuando, en ocasi\u00f3n de la entrada en vigor del Acuerdo de Kioto Protocolo, el programa propon\u00eda a los oyentes apagar las luces con el objetivo de reducir el impacto ambiental. A lo largo de los a\u00f1os, la campa\u00f1a verde ha ido evolucionando, proponiendo y compartiendo diferentes ideas y proyectos: plantar \u00e1rboles, elegir la bicicleta en lugar del coche, hacer elecciones de consumo m\u00e1s sostenibles, evitar el desperdicio de alimentos, reciclar correctamente, utilizar energ\u00edas limpias. Varias organizaciones y asociaciones participan desde hace a\u00f1os en la iniciativa radiof\u00f3nica, como Fai, por ejemplo, que este a\u00f1o ha organizado cenas a la luz de las velas en lugares exclusivos y men\u00fas elaborados con ingredientes de kil\u00f3metro cero.<\/p>\n<p>El sector HVAC, por su parte, lleva varios a\u00f1os en el centro de la cuesti\u00f3n energ\u00e9tica y de protecci\u00f3n del planeta. Los expertos son cada vez m\u00e1s conscientes de que el sector de la refrigeraci\u00f3n puede y debe contribuir a mejorar la eficiencia energ\u00e9tica de los edificios y el transporte en favor de una mayor sostenibilidad y un mejor estilo de vida para la comunidad mundial.<\/p>\n<p>Incluso Errecom, como actor del sector, tiene el compromiso de hacer su parte y lo demuestra con la obtenci\u00f3n por segundo a\u00f1o consecutivo del Premio a la Sostenibilidad, que incluye a <a href=\"https:\/\/forbes.it\/2022\/10\/20\/sustainability-award-kon-group-e-credit-suisse-premiano-le-eccellenze-della-sostenibilita\/\" target=\"_blank\" rel=\"noopener\">Errecom entre las 100 mejores empresas sostenibles de Italia<\/a>. En concreto, es a trav\u00e9s de la qu\u00edmica que la empresa de Brescia contribuye a mejorar la eficiencia de las bombas de calor y los sistemas de climatizaci\u00f3n y refrigeraci\u00f3n.<\/p>\n<p>De hecho, estos sistemas no deben entenderse \u00fanicamente como un conjunto de componentes mec\u00e1nicos. El gas refrigerante y el lubricante tambi\u00e9n contribuyen a su funcionamiento, elementos que, si se descuidan, inevitablemente sufren descomposici\u00f3n qu\u00edmica con el tiempo, provocando microfugas, incrustaciones de aceite, humedad y acidez. Sin considerar la suciedad y el polvo que inevitablemente tienden a acumularse con el tiempo en los serpentines aleteados de las unidades interior y exterior. Por lo tanto, \u00a1mantenimiento y limpieza son las consignas!<\/p>\n<p>Adem\u00e1s de la atenci\u00f3n del laboratorio qu\u00edmico en la b\u00fasqueda de productos cada vez m\u00e1s punteros para aumentar la eficiencia y el mantenimiento sostenible de los sistemas, Errecom tambi\u00e9n se dedica desde hace a\u00f1os a la promoci\u00f3n de encuentros formativos, <a href=\"https:\/\/www.youtube.com\/watch?v=BZJfpy-wARk&amp;t=7218s\" target=\"_blank\" rel=\"noopener\">webinars<\/a> e intervenciones destinadas a aumentar la sensibilidad y concienciaci\u00f3n sobre la posibilidad de hacer que el sector HVAC sea m\u00e1s ecol\u00f3gico. Para obtener m\u00e1s informaci\u00f3n sobre el mantenimiento de los sistemas AA\/R, <a href=\"https:\/\/www.errecom.com\/es\/errecom-academy\/\" target=\"_blank\" rel=\"noopener\">\u00a1ap\u00fantate a la Academia Errecom<\/a>! Es f\u00e1cil, r\u00e1pido y&#8230; \u00a1gratis!<\/p>\n\t\t\t\t\t\t<\/div>\n\t\t\t\t<\/div>\n\t\t\t\t\t<\/div>\n\t\t<\/div>\n\t\t\t\t\t<\/div>\n\t\t<\/section>\n\t\t\t\t<\/div>\n\t\t","protected":false},"excerpt":{"rendered":"<p>Sostenibilidad y eficiencia energ\u00e9tica para HVAC Sostenibilidad y eficiencia energ\u00e9tica: es suficiente un d\u00eda para celebrarlas, a\u00f1os de investigaci\u00f3n, compromiso constante y una estrategia future-oriented. Establecido oficialmente el a\u00f1o pasado el 16 de febrero tras la conversi\u00f3n del Decreto Ley n.17\/2022 por el Parlamento italiano, el D\u00eda Nacional del Ahorro de Energ\u00eda y Estilos de [&hellip;]<\/p>\n <a href=\"https:\/\/www.errecom.com\/es\/sostenibilidad-y-eficiencia-energetica-para-hvac\/\" class=\"more-link\" title=\"Read More\">Leer m\u00e1s<\/a>","protected":false},"author":7,"featured_media":73432,"comment_status":"closed","ping_status":"closed","sticky":false,"template":"","format":"standard","meta":{"_acf_changed":false,"footnotes":""},"categories":[55],"tags":[],"yst_prominent_words":[],"class_list":["post-73454","post","type-post","status-publish","format-standard","has-post-thumbnail","hentry","category-manutenzione-impianti-ac-r"],"acf":[],"_links":{"self":[{"href":"https:\/\/www.errecom.com\/es\/wp-json\/wp\/v2\/posts\/73454","targetHints":{"allow":["GET"]}}],"collection":[{"href":"https:\/\/www.errecom.com\/es\/wp-json\/wp\/v2\/posts"}],"about":[{"href":"https:\/\/www.errecom.com\/es\/wp-json\/wp\/v2\/types\/post"}],"author":[{"embeddable":true,"href":"https:\/\/www.errecom.com\/es\/wp-json\/wp\/v2\/users\/7"}],"replies":[{"embeddable":true,"href":"https:\/\/www.errecom.com\/es\/wp-json\/wp\/v2\/comments?post=73454"}],"version-history":[{"count":6,"href":"https:\/\/www.errecom.com\/es\/wp-json\/wp\/v2\/posts\/73454\/revisions"}],"predecessor-version":[{"id":77690,"href":"https:\/\/www.errecom.com\/es\/wp-json\/wp\/v2\/posts\/73454\/revisions\/77690"}],"wp:featuredmedia":[{"embeddable":true,"href":"https:\/\/www.errecom.com\/es\/wp-json\/wp\/v2\/media\/73432"}],"wp:attachment":[{"href":"https:\/\/www.errecom.com\/es\/wp-json\/wp\/v2\/media?parent=73454"}],"wp:term":[{"taxonomy":"category","embeddable":true,"href":"https:\/\/www.errecom.com\/es\/wp-json\/wp\/v2\/categories?post=73454"},{"taxonomy":"post_tag","embeddable":true,"href":"https:\/\/www.errecom.com\/es\/wp-json\/wp\/v2\/tags?post=73454"},{"taxonomy":"yst_prominent_words","embeddable":true,"href":"https:\/\/www.errecom.com\/es\/wp-json\/wp\/v2\/yst_prominent_words?post=73454"}],"curies":[{"name":"wp","href":"https:\/\/api.w.org\/{rel}","templated":true}]}}