{"id":64147,"date":"2022-03-18T00:54:26","date_gmt":"2022-03-17T23:54:26","guid":{"rendered":"https:\/\/www.errecom.com\/indicaciones-para-el-reciclaje-errecom-lanza-su-nueva-plataforma\/"},"modified":"2022-11-18T10:30:08","modified_gmt":"2022-11-18T09:30:08","slug":"indicaciones-para-el-reciclaje-errecom-lanza-su-nueva-plataforma","status":"publish","type":"post","link":"https:\/\/www.errecom.com\/es\/indicaciones-para-el-reciclaje-errecom-lanza-su-nueva-plataforma\/","title":{"rendered":"Indicaciones para el reciclaje: Errecom lanza su nueva plataforma"},"content":{"rendered":"\t\t<div data-elementor-type=\"wp-post\" data-elementor-id=\"64147\" class=\"elementor elementor-64147 elementor-64117\" data-elementor-post-type=\"post\">\n\t\t\t\t\t\t<section class=\"elementor-section elementor-top-section elementor-element elementor-element-7f1f923e elementor-section-boxed elementor-section-height-default elementor-section-height-default\" data-id=\"7f1f923e\" data-element_type=\"section\" id=\"article-head\">\n\t\t\t\t\t\t<div class=\"elementor-container elementor-column-gap-default\">\n\t\t\t\t\t<div class=\"elementor-column elementor-col-100 elementor-top-column elementor-element elementor-element-3c834001\" data-id=\"3c834001\" data-element_type=\"column\">\n\t\t\t<div class=\"elementor-widget-wrap elementor-element-populated\">\n\t\t\t\t\t\t<div class=\"elementor-element elementor-element-3f701d7e elementor-widget elementor-widget-heading\" data-id=\"3f701d7e\" data-element_type=\"widget\" data-widget_type=\"heading.default\">\n\t\t\t\t<div class=\"elementor-widget-container\">\n\t\t\t<h1 class=\"elementor-heading-title elementor-size-default\">Indicaciones para el reciclaje: Errecom lanza su nueva plataforma<\/h1>\t\t<\/div>\n\t\t\t\t<\/div>\n\t\t\t\t<div class=\"elementor-element elementor-element-46a54294 elementor-widget elementor-widget-text-editor\" data-id=\"46a54294\" data-element_type=\"widget\" data-widget_type=\"text-editor.default\">\n\t\t\t\t<div class=\"elementor-widget-container\">\n\t\t\t\t\t\t\tD\u00eda Mundial del Reciclaje: \u00a1Errecom tambi\u00e9n hace su parte! Aunque la normativa ha pospuesto la fecha sobre la obligaci\u00f3n de etiquetado ecol\u00f3gico de los envases, la nueva plataforma \u201cHow to Recycle\u201d de Errecom ya se ha puesto en marcha y ofrece a los consumidores todas las disposiciones espec\u00edficas en materia de reciclaje para cada componente de producto.\t\t\t\t\t\t<\/div>\n\t\t\t\t<\/div>\n\t\t\t\t<div class=\"elementor-element elementor-element-2497737d elementor-widget elementor-widget-shortcode\" data-id=\"2497737d\" data-element_type=\"widget\" data-widget_type=\"shortcode.default\">\n\t\t\t\t<div class=\"elementor-widget-container\">\n\t\t\t\t\t<div class=\"elementor-shortcode\"><span class=\"my-reading-time\"><span class=\"my-reading-time-label\">Tiempo de lectura: <\/span><span class=\"my-reading-time-value\">4 min<\/span><\/span><\/div>\n\t\t\t\t<\/div>\n\t\t\t\t<\/div>\n\t\t\t\t\t<\/div>\n\t\t<\/div>\n\t\t\t\t\t<\/div>\n\t\t<\/section>\n\t\t\t\t<section class=\"elementor-section elementor-top-section elementor-element elementor-element-5b67e5ab elementor-section-boxed elementor-section-height-default elementor-section-height-default\" data-id=\"5b67e5ab\" data-element_type=\"section\">\n\t\t\t\t\t\t<div class=\"elementor-container elementor-column-gap-default\">\n\t\t\t\t\t<div class=\"elementor-column elementor-col-100 elementor-top-column elementor-element elementor-element-e0fb8fc\" data-id=\"e0fb8fc\" data-element_type=\"column\">\n\t\t\t<div class=\"elementor-widget-wrap elementor-element-populated\">\n\t\t\t\t\t\t<div class=\"elementor-element elementor-element-49893231 elementor-widget elementor-widget-image\" data-id=\"49893231\" data-element_type=\"widget\" data-widget_type=\"image.default\">\n\t\t\t\t<div class=\"elementor-widget-container\">\n\t\t\t\t\t\t\t\t\t\t\t\t\t<img fetchpriority=\"high\" decoding=\"async\" width=\"1152\" height=\"648\" src=\"https:\/\/www.errecom.com\/wp-content\/uploads\/2022\/03\/image0.jpeg\" class=\"attachment-full size-full wp-image-64181\" alt=\"\" srcset=\"https:\/\/www.errecom.com\/wp-content\/uploads\/2022\/03\/image0.jpeg 1152w, https:\/\/www.errecom.com\/wp-content\/uploads\/2022\/03\/image0-300x169.jpeg 300w, https:\/\/www.errecom.com\/wp-content\/uploads\/2022\/03\/image0-1024x576.jpeg 1024w, https:\/\/www.errecom.com\/wp-content\/uploads\/2022\/03\/image0-768x432.jpeg 768w, https:\/\/www.errecom.com\/wp-content\/uploads\/2022\/03\/image0-100x56.jpeg 100w\" sizes=\"(max-width: 1152px) 100vw, 1152px\" \/>\t\t\t\t\t\t\t\t\t\t\t\t\t<\/div>\n\t\t\t\t<\/div>\n\t\t\t\t\t<\/div>\n\t\t<\/div>\n\t\t\t\t\t<\/div>\n\t\t<\/section>\n\t\t\t\t<section class=\"elementor-section elementor-top-section elementor-element elementor-element-3f47869f dc-has-condition dc-condition-contains elementor-section-boxed elementor-section-height-default elementor-section-height-default\" data-id=\"3f47869f\" data-element_type=\"section\" id=\"article-body\">\n\t\t\t\t\t\t<div class=\"elementor-container elementor-column-gap-default\">\n\t\t\t\t\t<div class=\"elementor-column elementor-col-100 elementor-top-column elementor-element elementor-element-668dca54\" data-id=\"668dca54\" data-element_type=\"column\">\n\t\t\t<div class=\"elementor-widget-wrap elementor-element-populated\">\n\t\t\t\t\t\t<div class=\"elementor-element elementor-element-7e0aa1c8 elementor-widget elementor-widget-text-editor\" data-id=\"7e0aa1c8\" data-element_type=\"widget\" data-widget_type=\"text-editor.default\">\n\t\t\t\t<div class=\"elementor-widget-container\">\n\t\t\t\t\t\t\tSe celebra hoy, 18 marzo 2022, el D\u00eda Mundial del Reciclaje, instituido por la Global Recycling Foundation a fin de sensibilizar a nivel global a gobiernos, instituciones y ciudadanos acerca de la importancia del reciclaje y del desarrollo de una econom\u00eda circular, donde los residuos se consideran un verdadero activo.\r\n\r\nLa gesti\u00f3n adecuada de la recogida selectiva, de hecho, es una de las pr\u00e1cticas m\u00e1s simples y sostenibles que se puede adoptar en la vida cotidiana y contribuye a la limitaci\u00f3n del incremento de residuos, una tendencia puramente t\u00edpica del estilo de vida consumista de las sociedades modernas.\r\n\r\nEn un <u>reciente art\u00edculo de ANSA<\/u> \u2013 Agencia Nacional de noticias en Italia -, en efecto, se subraya que, si bien en 2020 la cantidad de residuos urbanos en Europa registr\u00f3 + 8,2% con respecto a 1995, los reciclados o sometidos a compostaje (y por lo tanto no destinados al vertedero) incrementaron de 19 a 48%. Los n\u00fameros hablan por si solos: aumentan los residuos por persona, entonces, pero tambi\u00e9n el reciclaje.\r\n\r\nY entre los Pa\u00edses Europeos m\u00e1s comprometidos en este viaje de sostenibilidad encontramos a Italia: como se muestra en un <u>tweet publicado en el perfil oficial de Eurostat<\/u>, de hecho, en 2020 las estad\u00edsticas consideraban Italia como el primer Pa\u00eds de la Uni\u00f3n Europea por aumento del porcentaje de reciclaje de material en la producci\u00f3n de nuevos bienes.\t\t\t\t\t\t<\/div>\n\t\t\t\t<\/div>\n\t\t\t\t<div class=\"elementor-element elementor-element-006b519 elementor-widget elementor-widget-image\" data-id=\"006b519\" data-element_type=\"widget\" data-widget_type=\"image.default\">\n\t\t\t\t<div class=\"elementor-widget-container\">\n\t\t\t\t\t\t\t\t\t\t\t\t\t<img decoding=\"async\" width=\"412\" height=\"572\" src=\"https:\/\/www.errecom.com\/wp-content\/uploads\/2022\/03\/grafico.png\" class=\"attachment-large size-large wp-image-64136\" alt=\"\" srcset=\"https:\/\/www.errecom.com\/wp-content\/uploads\/2022\/03\/grafico.png 412w, https:\/\/www.errecom.com\/wp-content\/uploads\/2022\/03\/grafico-216x300.png 216w, https:\/\/www.errecom.com\/wp-content\/uploads\/2022\/03\/grafico-72x100.png 72w\" sizes=\"(max-width: 412px) 100vw, 412px\" \/>\t\t\t\t\t\t\t\t\t\t\t\t\t<\/div>\n\t\t\t\t<\/div>\n\t\t\t\t<div class=\"elementor-element elementor-element-e2eca74 elementor-widget elementor-widget-text-editor\" data-id=\"e2eca74\" data-element_type=\"widget\" data-widget_type=\"text-editor.default\">\n\t\t\t\t<div class=\"elementor-widget-container\">\n\t\t\t\t\t\t\tObviamente, para permitir una diferenciaci\u00f3n correcta y eficiente de los residuos es fundamental responder a la creciente demanda de informaci\u00f3n por parte de los consumidores en materia de packaging y envases. El compromiso de las empresas productoras en el intercambio de esos datos es fundamental y, a tal efecto, entra en escena la normativa.\r\n\r\nLa obligaci\u00f3n de etiquetado ambiental de los envases, de hecho, se contemplar\u00e1 en un Real Decreto en consonancia con la Directiva (UE) 2018\/852 del Parlamento Europeo y del Consejo, que dispone un etiquetado adecuado seg\u00fan las modalidades establecidas por las normativas t\u00e9cnicas UNI aplicables y de conformidad con los requisitos de la Comisi\u00f3n de la Uni\u00f3n Europea, para facilitar la recogida, el reutilizo, la recuperaci\u00f3n y el reciclaje de los envases, as\u00ed como una correcta informaci\u00f3n a los consumidores sobre el destino final de los envases.\r\n\r\nPrecisamente con vistas a esta nueva obligaci\u00f3n, Errecom SPA ha implementado la plataforma \u201cHow to recycle\u201d, en la que se encuentran todas las disposiciones especificas en materia de reciclaje para cada material.\r\n\r\nEn particular, los envases de todos los productos Errecom presentar\u00e1n un c\u00f3digo QR que lleva a la plataforma \u201cHow to recycle\u201d, donde se deber\u00e1 seleccionar una de las 28 lenguas disponibles. A partir de ah\u00ed, se podr\u00e1 efectuar la b\u00fasqueda por c\u00f3digo, nombre del producto o c\u00f3digo de barras.\r\n\r\nCon este proyecto, conforme a la normativa antes mencionada, Errecom pretende ofrecer al consumidor final toda informaci\u00f3n necesaria para un vertido correcto de los diferentes componentes de cada producto y envase relativo. De las jeringas, gatillos y bombonas aerosol a los estuches, cajas o bl\u00edster para nombrar unos pocos.\r\n\r\nExtremadamente interesada en el medio ambiente, Errecom ha elegido implementar la plataforma tambi\u00e9n para los consumidores que se encuentran fuera del territorio afectado por dicha norma, a\u00f1adiendo m\u00e1s lenguas junto con las oficiales de la Uni\u00f3n Europea, con el objetivo de sensibilizar sobre el tema a todos sus clientes, procedentes de m\u00e1s de 130 Pa\u00edses.\r\n\r\nLa plataforma multiling\u00fce, por lo tanto, permite el acceso a dicha informaci\u00f3n a un p\u00fablico mayor de consumidores, comunicando en sus lenguas oficiales las destinaciones finales de los envases y facilitando a todos los efectos su recogida y reciclaje.\t\t\t\t\t\t<\/div>\n\t\t\t\t<\/div>\n\t\t\t\t\t<\/div>\n\t\t<\/div>\n\t\t\t\t\t<\/div>\n\t\t<\/section>\n\t\t\t\t<\/div>\n\t\t","protected":false},"excerpt":{"rendered":"<p>Indicaciones para el reciclaje: Errecom lanza su nueva plataforma D\u00eda Mundial del Reciclaje: \u00a1Errecom tambi\u00e9n hace su parte! Aunque la normativa ha pospuesto la fecha sobre la obligaci\u00f3n de etiquetado ecol\u00f3gico de los envases, la nueva plataforma \u201cHow to Recycle\u201d de Errecom ya se ha puesto en marcha y ofrece a los consumidores todas las [&hellip;]<\/p>\n <a href=\"https:\/\/www.errecom.com\/es\/indicaciones-para-el-reciclaje-errecom-lanza-su-nueva-plataforma\/\" class=\"more-link\" title=\"Read More\">Leer m\u00e1s<\/a>","protected":false},"author":1,"featured_media":64187,"comment_status":"closed","ping_status":"closed","sticky":false,"template":"","format":"standard","meta":{"_acf_changed":false,"footnotes":""},"categories":[98,1],"tags":[],"yst_prominent_words":[],"class_list":["post-64147","post","type-post","status-publish","format-standard","has-post-thumbnail","hentry","category-novita","category-sanificazione-abitacoli-e-impianti-a-c-auto"],"acf":[],"_links":{"self":[{"href":"https:\/\/www.errecom.com\/es\/wp-json\/wp\/v2\/posts\/64147","targetHints":{"allow":["GET"]}}],"collection":[{"href":"https:\/\/www.errecom.com\/es\/wp-json\/wp\/v2\/posts"}],"about":[{"href":"https:\/\/www.errecom.com\/es\/wp-json\/wp\/v2\/types\/post"}],"author":[{"embeddable":true,"href":"https:\/\/www.errecom.com\/es\/wp-json\/wp\/v2\/users\/1"}],"replies":[{"embeddable":true,"href":"https:\/\/www.errecom.com\/es\/wp-json\/wp\/v2\/comments?post=64147"}],"version-history":[{"count":16,"href":"https:\/\/www.errecom.com\/es\/wp-json\/wp\/v2\/posts\/64147\/revisions"}],"predecessor-version":[{"id":72154,"href":"https:\/\/www.errecom.com\/es\/wp-json\/wp\/v2\/posts\/64147\/revisions\/72154"}],"wp:featuredmedia":[{"embeddable":true,"href":"https:\/\/www.errecom.com\/es\/wp-json\/wp\/v2\/media\/64187"}],"wp:attachment":[{"href":"https:\/\/www.errecom.com\/es\/wp-json\/wp\/v2\/media?parent=64147"}],"wp:term":[{"taxonomy":"category","embeddable":true,"href":"https:\/\/www.errecom.com\/es\/wp-json\/wp\/v2\/categories?post=64147"},{"taxonomy":"post_tag","embeddable":true,"href":"https:\/\/www.errecom.com\/es\/wp-json\/wp\/v2\/tags?post=64147"},{"taxonomy":"yst_prominent_words","embeddable":true,"href":"https:\/\/www.errecom.com\/es\/wp-json\/wp\/v2\/yst_prominent_words?post=64147"}],"curies":[{"name":"wp","href":"https:\/\/api.w.org\/{rel}","templated":true}]}}