{"id":58522,"date":"2021-10-11T17:08:06","date_gmt":"2021-10-11T15:08:06","guid":{"rendered":"https:\/\/www.errecom.com\/forbes-nombra-a-errecom-entre-las-100-mejores-excelencias-sostenibles-italianas\/"},"modified":"2022-11-18T11:09:25","modified_gmt":"2022-11-18T10:09:25","slug":"forbes-nombra-a-errecom-entre-las-100-mejores-excelencias-sostenibles-italianas","status":"publish","type":"post","link":"https:\/\/www.errecom.com\/es\/forbes-nombra-a-errecom-entre-las-100-mejores-excelencias-sostenibles-italianas\/","title":{"rendered":"Forbes nombra a Errecom entre las 100 mejores excelencias sostenibles italianas"},"content":{"rendered":"\t\t<div data-elementor-type=\"wp-post\" data-elementor-id=\"58522\" class=\"elementor elementor-58522 elementor-58250\" data-elementor-post-type=\"post\">\n\t\t\t\t\t\t<section class=\"elementor-section elementor-top-section elementor-element elementor-element-6575d6e3 elementor-section-boxed elementor-section-height-default elementor-section-height-default\" data-id=\"6575d6e3\" data-element_type=\"section\" id=\"article-head\">\n\t\t\t\t\t\t<div class=\"elementor-container elementor-column-gap-default\">\n\t\t\t\t\t<div class=\"elementor-column elementor-col-100 elementor-top-column elementor-element elementor-element-82fbec7\" data-id=\"82fbec7\" data-element_type=\"column\">\n\t\t\t<div class=\"elementor-widget-wrap elementor-element-populated\">\n\t\t\t\t\t\t<div class=\"elementor-element elementor-element-65172d4a elementor-widget elementor-widget-heading\" data-id=\"65172d4a\" data-element_type=\"widget\" data-widget_type=\"heading.default\">\n\t\t\t\t<div class=\"elementor-widget-container\">\n\t\t\t<h1 class=\"elementor-heading-title elementor-size-default\">Forbes nombra a Errecom entre las 100 mejores excelencias sostenibles italianas<\/h1>\t\t<\/div>\n\t\t\t\t<\/div>\n\t\t\t\t<div class=\"elementor-element elementor-element-130f01a2 elementor-widget elementor-widget-text-editor\" data-id=\"130f01a2\" data-element_type=\"widget\" data-widget_type=\"text-editor.default\">\n\t\t\t\t<div class=\"elementor-widget-container\">\n\t\t\t\t\t\t\tErrecom ejemplo de excelencia italiana. Esto es lo que surge del an\u00e1lisis realizado por ALTIS Universit\u00e0 Cattolica y promovido por Credit Suisse y Kon Group para potenciar las empresas de nuestro pa\u00eds que contribuyen activamente al logro de los objetivos de la ONU.\t\t\t\t\t\t<\/div>\n\t\t\t\t<\/div>\n\t\t\t\t<div class=\"elementor-element elementor-element-1db81df1 elementor-widget elementor-widget-shortcode\" data-id=\"1db81df1\" data-element_type=\"widget\" data-widget_type=\"shortcode.default\">\n\t\t\t\t<div class=\"elementor-widget-container\">\n\t\t\t\t\t<div class=\"elementor-shortcode\"><span class=\"my-reading-time\"><span class=\"my-reading-time-label\">Tiempo de lectura: <\/span><span class=\"my-reading-time-value\">5 min<\/span><\/span><\/div>\n\t\t\t\t<\/div>\n\t\t\t\t<\/div>\n\t\t\t\t<div class=\"elementor-element elementor-element-2c16fe12 elementor-widget elementor-widget-image\" data-id=\"2c16fe12\" data-element_type=\"widget\" data-widget_type=\"image.default\">\n\t\t\t\t<div class=\"elementor-widget-container\">\n\t\t\t\t\t\t\t\t\t\t\t\t\t<img fetchpriority=\"high\" decoding=\"async\" width=\"1152\" height=\"648\" src=\"https:\/\/www.errecom.com\/wp-content\/uploads\/2021\/10\/Sustainability-NEWS.png\" class=\"attachment-full size-full wp-image-58252\" alt=\"\" srcset=\"https:\/\/www.errecom.com\/wp-content\/uploads\/2021\/10\/Sustainability-NEWS.png 1152w, https:\/\/www.errecom.com\/wp-content\/uploads\/2021\/10\/Sustainability-NEWS-300x169.png 300w, https:\/\/www.errecom.com\/wp-content\/uploads\/2021\/10\/Sustainability-NEWS-1024x576.png 1024w, https:\/\/www.errecom.com\/wp-content\/uploads\/2021\/10\/Sustainability-NEWS-768x432.png 768w, https:\/\/www.errecom.com\/wp-content\/uploads\/2021\/10\/Sustainability-NEWS-100x56.png 100w\" sizes=\"(max-width: 1152px) 100vw, 1152px\" \/>\t\t\t\t\t\t\t\t\t\t\t\t\t<\/div>\n\t\t\t\t<\/div>\n\t\t\t\t\t<\/div>\n\t\t<\/div>\n\t\t\t\t\t<\/div>\n\t\t<\/section>\n\t\t\t\t<section class=\"elementor-section elementor-top-section elementor-element elementor-element-4ecc1fea elementor-section-boxed elementor-section-height-default elementor-section-height-default\" data-id=\"4ecc1fea\" data-element_type=\"section\">\n\t\t\t\t\t\t<div class=\"elementor-container elementor-column-gap-default\">\n\t\t\t\t\t<div class=\"elementor-column elementor-col-100 elementor-top-column elementor-element elementor-element-25c691c1\" data-id=\"25c691c1\" data-element_type=\"column\">\n\t\t\t<div class=\"elementor-widget-wrap\">\n\t\t\t\t\t\t\t<\/div>\n\t\t<\/div>\n\t\t\t\t\t<\/div>\n\t\t<\/section>\n\t\t\t\t<section class=\"elementor-section elementor-top-section elementor-element elementor-element-3569a15c dc-has-condition dc-condition-contains elementor-section-boxed elementor-section-height-default elementor-section-height-default\" data-id=\"3569a15c\" data-element_type=\"section\" id=\"article-body\">\n\t\t\t\t\t\t<div class=\"elementor-container elementor-column-gap-default\">\n\t\t\t\t\t<div class=\"elementor-column elementor-col-100 elementor-top-column elementor-element elementor-element-26bb906b\" data-id=\"26bb906b\" data-element_type=\"column\">\n\t\t\t<div class=\"elementor-widget-wrap elementor-element-populated\">\n\t\t\t\t\t\t<div class=\"elementor-element elementor-element-68272edc elementor-widget elementor-widget-text-editor\" data-id=\"68272edc\" data-element_type=\"widget\" data-widget_type=\"text-editor.default\">\n\t\t\t\t<div class=\"elementor-widget-container\">\n\t\t\t\t\t\t\t<p>El Premio a la Sostenibilidad se entregar\u00e1 esta noche, 11 de octubre de 2021, en la ceremonia de entrega de premios que se celebrar\u00e1 en los East End Studios \u2013 Studio 90, en Mil\u00e1n. El presidente de Errecom, Luca Ronga, participar\u00e1 en el evento que tambi\u00e9n ver\u00e1 a Errecom como protagonista, junto a otras excelencias sostenibles italianas. Para enriquecer a\u00fan m\u00e1s la velada, testimonios y entrevistas a emprendedores que, como Luca, han contribuido a un crecimiento sostenible, inclusivo y estable de sus empresas, reduciendo su impacto ambiental y creando valor agregado para la comunidad. El ranking de las\u00a0<a href=\"https:\/\/bit.ly\/3zFh8Sh\" target=\"_blank\" rel=\"noopener\">100 excelencias sostenibles<\/a>\u00a0se public\u00f3 en Forbes, media partner de la iniciativa.<\/p>\n<p>Pero, \u00bfqu\u00e9 significa sustentable? Para entender esto, primero debemos abandonar el concepto de sustentabilidad corporativa que alguna vez estuvo vinculado exclusivamente a la cuesti\u00f3n econ\u00f3mica y financiera. Hoy, en un contexto en el que la cuesti\u00f3n ambiental se ha convertido en un problema global y la pandemia Covid-19 ha dejado m\u00e1s que clara la debilidad de las fronteras, es necesario reconocer la complejidad que trae consigo el concepto de sostenibilidad.<\/p>\n<p>En el contexto actual, de hecho, la sostenibilidad se refiere principalmente a tres aspectos: medio ambiente, sociedad y governance, elementos en los que se basa el sistema de evaluaci\u00f3n de ESG Rating utilizado en el an\u00e1lisis de Credit Suisse y Kon Group. Las empresas galardonadas con el\u00a0<a href=\"https:\/\/sustainabilityaward.it\/il-premio\/\" target=\"_blank\" rel=\"noopener\"><span class=\"NormalTextRun SpellingErrorV2   BCX0 DefaultHighlightTransition SCXW22927902\">Sustainability<\/span><span class=\"NormalTextRun  BCX0 SCXW22927902\">\u00a0Award<\/span><\/a>\u00a0han superado dos selecciones basadas en rigurosos criterios en cuanto al nivel de transparencia del modelo de gobierno corporativo y el impacto que genera su negocio en el medio ambiente y la comunidad. Por lo tanto, no solo se hace referencia a opciones medioambientales como el uso de energ\u00eda limpia, envases ecol\u00f3gicos, eliminaci\u00f3n adecuada y reciclaje de residuos. Pero tambi\u00e9n la interacci\u00f3n y el apoyo a la comunidad, y m\u00e1s en general a acciones que contribuyan a aportar valor a\u00f1adido tanto a los empleados como a las personas ajenas a la empresa.<\/p>\n<p>Vayamos a Errecom: \u00bfc\u00f3mo trabaja de forma sostenible?<\/p>\n<h4>El compromiso medioambiental<\/h4>\n<p>Desde el punto de vista del impacto ambiental, primero hay que destacar la misi\u00f3n de la empresa: maximizar la eficiencia de los sistemas de aire acondicionado y refrigeraci\u00f3n y solucionar el problema de las fugas de gas refrigerante. En su mayor\u00eda, de hecho, los productos Errecom se han formulado para solucionar todo el desperdicio de energ\u00eda de los sistemas AA\/R y para prevenir y reparar las fugas de gas refrigerante, uno de los principales factores del efecto invernadero.<br \/>\nEl compromiso medioambiental de Errecom, sin embargo, no se detiene ciertamente en su misi\u00f3n: el uso de materias primas eco-sostenibles, la elecci\u00f3n de envases ecol\u00f3gicos para la conservaci\u00f3n del producto, y la desmaterializaci\u00f3n de los procesos de informaci\u00f3n son otros ejemplos del camino recorrido por la empresa desde un punto de vista medioambiental. El proyecto \u201cHow to recycle\u201d, adem\u00e1s, se est\u00e1 lanzando ahora mismo. Se colocar\u00e1 un c\u00f3digo QR en todos los envases que permitir\u00e1 al cliente aterrizar en una plataforma digital donde se proporcionar\u00e1n disposiciones de reciclaje espec\u00edficas para cada componente individual del producto.<\/p>\n<h4>Modelo de governance y contribuci\u00f3n social de Errecom<\/h4>\n<p>Team multi\u00e9tnico, predominio de mujeres, edad media de 35 a\u00f1os: as\u00ed es Errecom, una empresa que ha apostado (y sigue apostando) por los j\u00f3venes talentos, contribuyendo a potenciar la importancia del recurso humano como activo estrat\u00e9gico. Gente adentro, pero tambi\u00e9n afuera. De hecho, en medio de la pandemia, la empresa no desaprovech\u00f3 la oportunidad de ayudar a la comunidad, donando mascarillas, gel desinfectante de manos y desinfectante de superficies a escuelas, oratorios y familias de la zona.<\/p>\n<p>Igualmente significativo es el papel de organismo formador que ha asumido la empresa en relaci\u00f3n con los t\u00e9cnicos del sector. Desde la colaboraci\u00f3n con asociaciones comerciales hasta Errecom Academy, el espacio dedicado a la formaci\u00f3n especializada de t\u00e9cnicos, con masterclasses, webinars y cursos de formaci\u00f3n gratuitos, dise\u00f1ados para dotarles del know-how necesario para un \u00f3ptimo mantenimiento del sistema. Y de nuevo en el \u00e1mbito de la formaci\u00f3n, tambi\u00e9n es interesante mencionar la edici\u00f3n 2021\/2022 del Proyecto Nacional Federchimica Giovani en el que Errecom ha decidido participar, en apoyo a los centros de secundaria inferior. Habr\u00e1 jornadas de puertas abiertas en la empresa, entrevistas con responsables de departamento y mucho m\u00e1s, para que los alumnos puedan recopilar el material necesario y conocer y evaluar, como parte de su recorrido de orientaci\u00f3n, una profesi\u00f3n que en ocasiones es poco conocida pero muy cotizada como la del qu\u00edmico.<\/p>\n<p>En cuanto al modelo de governance corporativo, sin embargo, aqu\u00ed se mezclan tradici\u00f3n y apertura al futuro, generando un c\u00edrculo virtuoso. La participaci\u00f3n de figuras femeninas en el Consejo de Administraci\u00f3n, la promoci\u00f3n de reuniones entre funciones y departamentos corporativos y la presencia diaria de los propietarios en la empresa permiten establecer un clima de fuerte transparencia y participaci\u00f3n.<\/p>\n<p>Al obtener esta calificaci\u00f3n ESG, Errecom ha podido cuantificar el valor de todas aquellas iniciativas y proyectos que, especialmente en los \u00faltimos a\u00f1os, la han llevado por el camino de la sostenibilidad. \u00bfEl pr\u00f3ximo desaf\u00edo ahora? Continuar por este camino, con el objetivo de hacer m\u00e1s y m\u00e1s.<\/p>\n\t\t\t\t\t\t<\/div>\n\t\t\t\t<\/div>\n\t\t\t\t\t<\/div>\n\t\t<\/div>\n\t\t\t\t\t<\/div>\n\t\t<\/section>\n\t\t\t\t<\/div>\n\t\t","protected":false},"excerpt":{"rendered":"<p>Forbes nombra a Errecom entre las 100 mejores excelencias sostenibles italianas Errecom ejemplo de excelencia italiana. Esto es lo que surge del an\u00e1lisis realizado por ALTIS Universit\u00e0 Cattolica y promovido por Credit Suisse y Kon Group para potenciar las empresas de nuestro pa\u00eds que contribuyen activamente al logro de los objetivos de la ONU. El [&hellip;]<\/p>\n <a href=\"https:\/\/www.errecom.com\/es\/forbes-nombra-a-errecom-entre-las-100-mejores-excelencias-sostenibles-italianas\/\" class=\"more-link\" title=\"Read More\">Leer m\u00e1s<\/a>","protected":false},"author":1,"featured_media":58258,"comment_status":"closed","ping_status":"closed","sticky":false,"template":"","format":"standard","meta":{"_acf_changed":false,"footnotes":""},"categories":[52],"tags":[],"yst_prominent_words":[],"class_list":["post-58522","post","type-post","status-publish","format-standard","has-post-thumbnail","hentry","category-eventi"],"acf":[],"_links":{"self":[{"href":"https:\/\/www.errecom.com\/es\/wp-json\/wp\/v2\/posts\/58522","targetHints":{"allow":["GET"]}}],"collection":[{"href":"https:\/\/www.errecom.com\/es\/wp-json\/wp\/v2\/posts"}],"about":[{"href":"https:\/\/www.errecom.com\/es\/wp-json\/wp\/v2\/types\/post"}],"author":[{"embeddable":true,"href":"https:\/\/www.errecom.com\/es\/wp-json\/wp\/v2\/users\/1"}],"replies":[{"embeddable":true,"href":"https:\/\/www.errecom.com\/es\/wp-json\/wp\/v2\/comments?post=58522"}],"version-history":[{"count":5,"href":"https:\/\/www.errecom.com\/es\/wp-json\/wp\/v2\/posts\/58522\/revisions"}],"predecessor-version":[{"id":72298,"href":"https:\/\/www.errecom.com\/es\/wp-json\/wp\/v2\/posts\/58522\/revisions\/72298"}],"wp:featuredmedia":[{"embeddable":true,"href":"https:\/\/www.errecom.com\/es\/wp-json\/wp\/v2\/media\/58258"}],"wp:attachment":[{"href":"https:\/\/www.errecom.com\/es\/wp-json\/wp\/v2\/media?parent=58522"}],"wp:term":[{"taxonomy":"category","embeddable":true,"href":"https:\/\/www.errecom.com\/es\/wp-json\/wp\/v2\/categories?post=58522"},{"taxonomy":"post_tag","embeddable":true,"href":"https:\/\/www.errecom.com\/es\/wp-json\/wp\/v2\/tags?post=58522"},{"taxonomy":"yst_prominent_words","embeddable":true,"href":"https:\/\/www.errecom.com\/es\/wp-json\/wp\/v2\/yst_prominent_words?post=58522"}],"curies":[{"name":"wp","href":"https:\/\/api.w.org\/{rel}","templated":true}]}}