{"id":58515,"date":"2021-07-18T18:59:43","date_gmt":"2021-07-18T16:59:43","guid":{"rendered":"https:\/\/www.errecom.com\/vitrinas-de-helados-previene-la-caida-de-la-eficiencia\/"},"modified":"2022-11-18T11:26:50","modified_gmt":"2022-11-18T10:26:50","slug":"vitrinas-de-helados-previene-la-caida-de-la-eficiencia","status":"publish","type":"post","link":"https:\/\/www.errecom.com\/es\/vitrinas-de-helados-previene-la-caida-de-la-eficiencia\/","title":{"rendered":"Vitrinas de helados: previene la ca\u00edda de la eficiencia"},"content":{"rendered":"\t\t<div data-elementor-type=\"wp-post\" data-elementor-id=\"58515\" class=\"elementor elementor-58515 elementor-58499\" data-elementor-post-type=\"post\">\n\t\t\t\t\t\t<section class=\"elementor-section elementor-top-section elementor-element elementor-element-6575d6e3 elementor-section-boxed elementor-section-height-default elementor-section-height-default\" data-id=\"6575d6e3\" data-element_type=\"section\" id=\"article-head\">\n\t\t\t\t\t\t<div class=\"elementor-container elementor-column-gap-default\">\n\t\t\t\t\t<div class=\"elementor-column elementor-col-100 elementor-top-column elementor-element elementor-element-82fbec7\" data-id=\"82fbec7\" data-element_type=\"column\">\n\t\t\t<div class=\"elementor-widget-wrap elementor-element-populated\">\n\t\t\t\t\t\t<div class=\"elementor-element elementor-element-65172d4a elementor-widget elementor-widget-heading\" data-id=\"65172d4a\" data-element_type=\"widget\" data-widget_type=\"heading.default\">\n\t\t\t\t<div class=\"elementor-widget-container\">\n\t\t\t<h1 class=\"elementor-heading-title elementor-size-default\">Vitrinas de helados: previene la ca\u00edda de la eficiencia<\/h1>\t\t<\/div>\n\t\t\t\t<\/div>\n\t\t\t\t<div class=\"elementor-element elementor-element-130f01a2 elementor-widget elementor-widget-text-editor\" data-id=\"130f01a2\" data-element_type=\"widget\" data-widget_type=\"text-editor.default\">\n\t\t\t\t<div class=\"elementor-widget-container\">\n\t\t\t\t\t\t\t\u00a1Heladeros en apelaci\u00f3n! Esto es un per\u00edodo de alta temporada para vosotros y no pod\u00e9is permitir que los sistemas de refrigeraci\u00f3n de vuestras helader\u00edas se bloqueen por problemas que se hab\u00edan podido evitar. Lea el art\u00edculo para evitar la formaci\u00f3n de micro-fugas en sus vitrinas de helados: \u00a1asegurados una temporada sin inconvenientes y con ahorro de energ\u00eda!\t\t\t\t\t\t<\/div>\n\t\t\t\t<\/div>\n\t\t\t\t<div class=\"elementor-element elementor-element-1db81df1 elementor-widget elementor-widget-shortcode\" data-id=\"1db81df1\" data-element_type=\"widget\" data-widget_type=\"shortcode.default\">\n\t\t\t\t<div class=\"elementor-widget-container\">\n\t\t\t\t\t<div class=\"elementor-shortcode\"><span class=\"my-reading-time\"><span class=\"my-reading-time-label\">Tiempo de lectura: <\/span><span class=\"my-reading-time-value\">5 min<\/span><\/span><\/div>\n\t\t\t\t<\/div>\n\t\t\t\t<\/div>\n\t\t\t\t\t<\/div>\n\t\t<\/div>\n\t\t\t\t\t<\/div>\n\t\t<\/section>\n\t\t\t\t<section class=\"elementor-section elementor-top-section elementor-element elementor-element-4ecc1fea elementor-section-boxed elementor-section-height-default elementor-section-height-default\" data-id=\"4ecc1fea\" data-element_type=\"section\">\n\t\t\t\t\t\t<div class=\"elementor-container elementor-column-gap-default\">\n\t\t\t\t\t<div class=\"elementor-column elementor-col-100 elementor-top-column elementor-element elementor-element-25c691c1\" data-id=\"25c691c1\" data-element_type=\"column\">\n\t\t\t<div class=\"elementor-widget-wrap elementor-element-populated\">\n\t\t\t\t\t\t<div class=\"elementor-element elementor-element-2c16fe12 elementor-widget elementor-widget-image\" data-id=\"2c16fe12\" data-element_type=\"widget\" data-widget_type=\"image.default\">\n\t\t\t\t<div class=\"elementor-widget-container\">\n\t\t\t\t\t\t\t\t\t\t\t\t\t<img fetchpriority=\"high\" decoding=\"async\" width=\"1152\" height=\"648\" src=\"https:\/\/www.errecom.com\/wp-content\/uploads\/2021\/07\/Extreme-Ultra-White-NEWS.jpg\" class=\"attachment-full size-full wp-image-58501\" alt=\"\" srcset=\"https:\/\/www.errecom.com\/wp-content\/uploads\/2021\/07\/Extreme-Ultra-White-NEWS.jpg 1152w, https:\/\/www.errecom.com\/wp-content\/uploads\/2021\/07\/Extreme-Ultra-White-NEWS-300x169.jpg 300w, https:\/\/www.errecom.com\/wp-content\/uploads\/2021\/07\/Extreme-Ultra-White-NEWS-1024x576.jpg 1024w, https:\/\/www.errecom.com\/wp-content\/uploads\/2021\/07\/Extreme-Ultra-White-NEWS-768x432.jpg 768w, https:\/\/www.errecom.com\/wp-content\/uploads\/2021\/07\/Extreme-Ultra-White-NEWS-100x56.jpg 100w\" sizes=\"(max-width: 1152px) 100vw, 1152px\" \/>\t\t\t\t\t\t\t\t\t\t\t\t\t<\/div>\n\t\t\t\t<\/div>\n\t\t\t\t\t<\/div>\n\t\t<\/div>\n\t\t\t\t\t<\/div>\n\t\t<\/section>\n\t\t\t\t<section class=\"elementor-section elementor-top-section elementor-element elementor-element-3569a15c dc-has-condition dc-condition-contains elementor-section-boxed elementor-section-height-default elementor-section-height-default\" data-id=\"3569a15c\" data-element_type=\"section\" id=\"article-body\">\n\t\t\t\t\t\t<div class=\"elementor-container elementor-column-gap-default\">\n\t\t\t\t\t<div class=\"elementor-column elementor-col-100 elementor-top-column elementor-element elementor-element-26bb906b\" data-id=\"26bb906b\" data-element_type=\"column\">\n\t\t\t<div class=\"elementor-widget-wrap elementor-element-populated\">\n\t\t\t\t\t\t<div class=\"elementor-element elementor-element-68272edc elementor-widget elementor-widget-text-editor\" data-id=\"68272edc\" data-element_type=\"widget\" data-widget_type=\"text-editor.default\">\n\t\t\t\t<div class=\"elementor-widget-container\">\n\t\t\t\t\t\t\t<p>Los italianos consuman alrededor de 6 kilos per c\u00e1pita cada a\u00f1o: desde los sabores tradicionales hasta los m\u00e1s extra\u00f1os, el helado es sin duda uno de los alimentos m\u00e1s populares en el \u201cBel Paese\u201d.<br \/>\nEl helado es un dulce amado no solo en Italia, sino que en todo el mundo, as\u00ed que se lleg\u00f3 al punto de instituir verdaderos d\u00edas para celebrarlo. Europa ha elegido el 24 de marzo, hasta ahora es el \u00fanico d\u00eda mundial que el Parlamento Europeo ha dedicado a una comida, mientras que Estados Unidos han elegido, desde la \u00e9poca del presidente Reagan, el tercer domingo de julio.<\/p>\n<p>No es f\u00e1cil atribuir la paternidad a este alimento. De hecho, el helado parecer\u00eda tener un origen muy antiguo y pertenecer a los usos y tradiciones de culturas tan diversas como distantes unas de otras. Desde los griegos del 500 a. C., a quienes les encantaba preparar bebidas refrescantes con un poco de lim\u00f3n, miel, jugo de granada y nieve o hielo, hasta los \u00e1rabes en Sicilia, que sol\u00edan mezclar la nieve del Etna con jugos de frutas. Sin embargo, parece ser nuestra maravillosa Florencia del siglo XVI la que puede reivindicar la invenci\u00f3n del helado \u00abmoderno\u00bb, entendido como el elaborado con leche, nata y huevos.<br \/>\nEl progreso de las tecnolog\u00edas y los cambios sociales han permitido su evoluci\u00f3n a lo largo de los siglos, lo que ha llevado a la producci\u00f3n de helado industrial a fines de la d\u00e9cada de 1940 y al primer cubo de tama\u00f1o familiar en la d\u00e9cada de 1970.<\/p>\n<p>El helado no parece conocer \u00e9pocas, por tanto, ni crisis. Seg\u00fan el \u00faltimo informe \u00abGelato-Delivery\u00bb, observatorio nacido por la colaboraci\u00f3n entre Deliveroo y Sistema Gelato (una empresa que opera en consultor\u00eda estrat\u00e9gica para la cadena de suministro de helados), 2020 no solo fue el a\u00f1o de la pandemia, sino tambi\u00e9n lo del helado en casa. Con un aumento del 113% en los pedidos respecto a 2019, el helado se ha confirmado como uno de los alimentos m\u00e1s queridos por los italianos, incluso hasta el punto de que el boom de los pedidos se registr\u00f3 fuera de temporada, con un extraordinario + 312% entre septiembre y noviembre en comparaci\u00f3n con el mismo per\u00edodo del a\u00f1o pasado.<\/p>\n<p>Frente a estos datos, entonces, entendemos c\u00f3mo las vitrinas helado no sean simples elementos de decoraci\u00f3n para una helader\u00eda, sino tambi\u00e9n sistemas de refrigeraci\u00f3n altamente tecnol\u00f3gicos, fundamentales para garantizar la conservaci\u00f3n del helado a la correcta temperatura, dado que su ruptura o malfuncionamiento podr\u00edan provocar ingentes da\u00f1os econ\u00f3micos a los propietarios de la helader\u00eda.<\/p>\n<p>En los a\u00f1os, las vibraciones, el deterioro de los dep\u00f3sitos de tenida, acidez y alteraciones de gas refrigerante y\/o lubricante pueden llevar a cabo, de hecho, a la formaci\u00f3n de peque\u00f1as fugas en las componentes de goma o metal de los sistemas frigor\u00edficos. Desde estas micro-rupturas sale gas refrigerante, provocando una dr\u00e1stica reducci\u00f3n de la eficiencia de los sistemas mismos.<br \/>\nTomamos por ejemplo el caso de las vitrinas helado: para funcionar correctamente tienen que mantener una temperatura entre los -12\u00b0C y los -15\u00b0C. En caso en que esto no se realice es probable que en los sistemas sean presentes micro-fugas.<br \/>\n\u00bfQu\u00e9 hacer, entonces, en estos casos? \u00bfSustituir la vitrina helado con una nueva? \u00a1Absolutamente no!<br \/>\nPara evitar estas dudas hay que cuidar los sistemas de refrigeraci\u00f3n de las vitrinas helados y, sobre todo, como aclara el\u00a0<a href=\"https:\/\/www.mundohelado.com\/helado\/notas\/mantenimiento\/vitrinas.htm\" target=\"_blank\" rel=\"noopener\">art\u00edculo<\/a>, es fundamental seguir unas fases de manutenci\u00f3n regulares y precisas para garantizar siempre la mayor eficiencia del sistema mismo, ya que la creaci\u00f3n de fugas de gas refrigerante se manifiesta en seguida a una falta del b\u00e1sico y simple mantenimiento.<br \/>\nEn el mercado existen unos selladores de fugas que, una vez insertados en el sistema, resuelven el problema de las fugas de gas refrigerante restaurando la original eficiencia de la vitrina.<\/p>\n<p><a href=\"https:\/\/shop.errecom.com\/es\/prodotto\/extreme-ultra-white\/\" target=\"_blank\" rel=\"noopener\">EXTREME ULTRA WHITE<\/a>\u00a0es el sellador desarrollado por el departamento de I&amp;D de Errecom para sistemas de refrigeraci\u00f3n con compresores herm\u00e9ticos, como frigor\u00edficos dom\u00e9sticos e industriales, neveras para vinos, y precisamente vitrinas de helado! Desprovisto de pol\u00edmeros, Extreme White Ultra sella de manera permanente fugas de gas refrigerante hasta 0.3 mm, sin reaccionar a humedad ni ox\u00edgeno.<br \/>\nSu aplicaci\u00f3n, espec\u00edfica para los gases refrigerantes R600, R290, y R134a, es segura sea para el operador que para el sistema y disminuye significativamente el ruido del compresor. A menudo utilizado para resolver los problemas descritos antes, Extreme Ultra White es en realidad ideal para ser utilizado tambi\u00e9n en \u00f3ptica de prevenci\u00f3n: una vez insertado en la vitrina helado, quedar\u00e1 en circulo en las l\u00edneas frigor\u00edficas del sistema accionando r\u00e1pidamente en caso de posible desarrollo de micro-fugas.<\/p>\n\t\t\t\t\t\t<\/div>\n\t\t\t\t<\/div>\n\t\t\t\t\t<\/div>\n\t\t<\/div>\n\t\t\t\t\t<\/div>\n\t\t<\/section>\n\t\t\t\t<\/div>\n\t\t","protected":false},"excerpt":{"rendered":"<p>Vitrinas de helados: previene la ca\u00edda de la eficiencia \u00a1Heladeros en apelaci\u00f3n! Esto es un per\u00edodo de alta temporada para vosotros y no pod\u00e9is permitir que los sistemas de refrigeraci\u00f3n de vuestras helader\u00edas se bloqueen por problemas que se hab\u00edan podido evitar. Lea el art\u00edculo para evitar la formaci\u00f3n de micro-fugas en sus vitrinas de [&hellip;]<\/p>\n <a href=\"https:\/\/www.errecom.com\/es\/vitrinas-de-helados-previene-la-caida-de-la-eficiencia\/\" class=\"more-link\" title=\"Read More\">Leer m\u00e1s<\/a>","protected":false},"author":1,"featured_media":58507,"comment_status":"closed","ping_status":"closed","sticky":false,"template":"","format":"standard","meta":{"_acf_changed":false,"footnotes":""},"categories":[54],"tags":[],"yst_prominent_words":[],"class_list":["post-58515","post","type-post","status-publish","format-standard","has-post-thumbnail","hentry","category-riparazione-perdite-gas-refrigerante"],"acf":[],"_links":{"self":[{"href":"https:\/\/www.errecom.com\/es\/wp-json\/wp\/v2\/posts\/58515","targetHints":{"allow":["GET"]}}],"collection":[{"href":"https:\/\/www.errecom.com\/es\/wp-json\/wp\/v2\/posts"}],"about":[{"href":"https:\/\/www.errecom.com\/es\/wp-json\/wp\/v2\/types\/post"}],"author":[{"embeddable":true,"href":"https:\/\/www.errecom.com\/es\/wp-json\/wp\/v2\/users\/1"}],"replies":[{"embeddable":true,"href":"https:\/\/www.errecom.com\/es\/wp-json\/wp\/v2\/comments?post=58515"}],"version-history":[{"count":5,"href":"https:\/\/www.errecom.com\/es\/wp-json\/wp\/v2\/posts\/58515\/revisions"}],"predecessor-version":[{"id":72373,"href":"https:\/\/www.errecom.com\/es\/wp-json\/wp\/v2\/posts\/58515\/revisions\/72373"}],"wp:featuredmedia":[{"embeddable":true,"href":"https:\/\/www.errecom.com\/es\/wp-json\/wp\/v2\/media\/58507"}],"wp:attachment":[{"href":"https:\/\/www.errecom.com\/es\/wp-json\/wp\/v2\/media?parent=58515"}],"wp:term":[{"taxonomy":"category","embeddable":true,"href":"https:\/\/www.errecom.com\/es\/wp-json\/wp\/v2\/categories?post=58515"},{"taxonomy":"post_tag","embeddable":true,"href":"https:\/\/www.errecom.com\/es\/wp-json\/wp\/v2\/tags?post=58515"},{"taxonomy":"yst_prominent_words","embeddable":true,"href":"https:\/\/www.errecom.com\/es\/wp-json\/wp\/v2\/yst_prominent_words?post=58515"}],"curies":[{"name":"wp","href":"https:\/\/api.w.org\/{rel}","templated":true}]}}