{"id":58471,"date":"2021-08-12T18:34:56","date_gmt":"2021-08-12T16:34:56","guid":{"rendered":"https:\/\/www.errecom.com\/errecom-la-fuerza-y-el-dinamismo-de-una-empresa-under-40\/"},"modified":"2022-11-18T11:22:25","modified_gmt":"2022-11-18T10:22:25","slug":"errecom-la-fuerza-y-el-dinamismo-de-una-empresa-under-40","status":"publish","type":"post","link":"https:\/\/www.errecom.com\/es\/errecom-la-fuerza-y-el-dinamismo-de-una-empresa-under-40\/","title":{"rendered":"Errecom: la fuerza y el dinamismo de una empresa under 40"},"content":{"rendered":"\t\t<div data-elementor-type=\"wp-post\" data-elementor-id=\"58471\" class=\"elementor elementor-58471 elementor-58431\" data-elementor-post-type=\"post\">\n\t\t\t\t\t\t<section class=\"elementor-section elementor-top-section elementor-element elementor-element-6575d6e3 elementor-section-boxed elementor-section-height-default elementor-section-height-default\" data-id=\"6575d6e3\" data-element_type=\"section\" id=\"article-head\">\n\t\t\t\t\t\t<div class=\"elementor-container elementor-column-gap-default\">\n\t\t\t\t\t<div class=\"elementor-column elementor-col-100 elementor-top-column elementor-element elementor-element-82fbec7\" data-id=\"82fbec7\" data-element_type=\"column\">\n\t\t\t<div class=\"elementor-widget-wrap elementor-element-populated\">\n\t\t\t\t\t\t<div class=\"elementor-element elementor-element-65172d4a elementor-widget elementor-widget-heading\" data-id=\"65172d4a\" data-element_type=\"widget\" data-widget_type=\"heading.default\">\n\t\t\t\t<div class=\"elementor-widget-container\">\n\t\t\t<h1 class=\"elementor-heading-title elementor-size-default\">Errecom: la fuerza y el dinamismo de una empresa under 40<\/h1>\t\t<\/div>\n\t\t\t\t<\/div>\n\t\t\t\t<div class=\"elementor-element elementor-element-130f01a2 elementor-widget elementor-widget-text-editor\" data-id=\"130f01a2\" data-element_type=\"widget\" data-widget_type=\"text-editor.default\">\n\t\t\t\t<div class=\"elementor-widget-container\">\n\t\t\t\t\t\t\tPara 72% under 40: j\u00f3venes, frescos, din\u00e1micos. Son los empleados de Errecom SPA, empresa que desde los primeros a\u00f1os de su existencia se ha distinguido por estar representada por un equipo joven y emprendedor que ha ido creciendo a lo largo de los a\u00f1os, apostando por mentes j\u00f3venes, preparadas e innovadoras.\t\t\t\t\t\t<\/div>\n\t\t\t\t<\/div>\n\t\t\t\t<div class=\"elementor-element elementor-element-1db81df1 elementor-widget elementor-widget-shortcode\" data-id=\"1db81df1\" data-element_type=\"widget\" data-widget_type=\"shortcode.default\">\n\t\t\t\t<div class=\"elementor-widget-container\">\n\t\t\t\t\t<div class=\"elementor-shortcode\"><span class=\"my-reading-time\"><span class=\"my-reading-time-label\">Tiempo de lectura: <\/span><span class=\"my-reading-time-value\">3 min<\/span><\/span><\/div>\n\t\t\t\t<\/div>\n\t\t\t\t<\/div>\n\t\t\t\t\t<\/div>\n\t\t<\/div>\n\t\t\t\t\t<\/div>\n\t\t<\/section>\n\t\t\t\t<section class=\"elementor-section elementor-top-section elementor-element elementor-element-4ecc1fea elementor-section-boxed elementor-section-height-default elementor-section-height-default\" data-id=\"4ecc1fea\" data-element_type=\"section\">\n\t\t\t\t\t\t<div class=\"elementor-container elementor-column-gap-default\">\n\t\t\t\t\t<div class=\"elementor-column elementor-col-100 elementor-top-column elementor-element elementor-element-25c691c1\" data-id=\"25c691c1\" data-element_type=\"column\">\n\t\t\t<div class=\"elementor-widget-wrap elementor-element-populated\">\n\t\t\t\t\t\t<div class=\"elementor-element elementor-element-2c16fe12 elementor-widget elementor-widget-image\" data-id=\"2c16fe12\" data-element_type=\"widget\" data-widget_type=\"image.default\">\n\t\t\t\t<div class=\"elementor-widget-container\">\n\t\t\t\t\t\t\t\t\t\t\t\t\t<img fetchpriority=\"high\" decoding=\"async\" width=\"1152\" height=\"648\" src=\"https:\/\/www.errecom.com\/wp-content\/uploads\/2021\/08\/youth-notizia.png\" class=\"attachment-full size-full wp-image-58445\" alt=\"\" srcset=\"https:\/\/www.errecom.com\/wp-content\/uploads\/2021\/08\/youth-notizia.png 1152w, https:\/\/www.errecom.com\/wp-content\/uploads\/2021\/08\/youth-notizia-300x169.png 300w, https:\/\/www.errecom.com\/wp-content\/uploads\/2021\/08\/youth-notizia-1024x576.png 1024w, https:\/\/www.errecom.com\/wp-content\/uploads\/2021\/08\/youth-notizia-768x432.png 768w, https:\/\/www.errecom.com\/wp-content\/uploads\/2021\/08\/youth-notizia-100x56.png 100w\" sizes=\"(max-width: 1152px) 100vw, 1152px\" \/>\t\t\t\t\t\t\t\t\t\t\t\t\t<\/div>\n\t\t\t\t<\/div>\n\t\t\t\t\t<\/div>\n\t\t<\/div>\n\t\t\t\t\t<\/div>\n\t\t<\/section>\n\t\t\t\t<section class=\"elementor-section elementor-top-section elementor-element elementor-element-3569a15c dc-has-condition dc-condition-contains elementor-section-boxed elementor-section-height-default elementor-section-height-default\" data-id=\"3569a15c\" data-element_type=\"section\" id=\"article-body\">\n\t\t\t\t\t\t<div class=\"elementor-container elementor-column-gap-default\">\n\t\t\t\t\t<div class=\"elementor-column elementor-col-100 elementor-top-column elementor-element elementor-element-26bb906b\" data-id=\"26bb906b\" data-element_type=\"column\">\n\t\t\t<div class=\"elementor-widget-wrap elementor-element-populated\">\n\t\t\t\t\t\t<div class=\"elementor-element elementor-element-68272edc elementor-widget elementor-widget-text-editor\" data-id=\"68272edc\" data-element_type=\"widget\" data-widget_type=\"text-editor.default\">\n\t\t\t\t<div class=\"elementor-widget-container\">\n\t\t\t\t\t\t\t<p>Millennials. As\u00ed se definen los nacidos entre 1981 y 1995 y pertenecientes a la generaci\u00f3n Y. En Italia hay aproximadamente 11,2 millones de personas y en Errecom representan el 65% de la empresa. Son la generaci\u00f3n de transici\u00f3n, la que presenci\u00f3 el nacimiento de Internet y la gradual difusi\u00f3n de las redes sociales en la vida de todos los d\u00edas. Definidos como verdaderos ciudadanos del mundo, los millennials tienen una mente abierta que los lleva a querer explorar lo nuevo, en todas sus formas. Culturas, idiomas, lugares, procesos. Personas aventureras, que crecieron viendo a la red romper barreras culturales y encontrando en el concepto de compartir una nueva forma de contarse y contar.<br \/>\nInnovaci\u00f3n, inspiraci\u00f3n e idealismo: estas son las \u201ctres i\u201d que estimulan a los millennials. Una realidad bastante evidente en Errecom, que destaca entre las empresas del sector por su compromiso medioambiental, la presencia de un departamento de Investigaci\u00f3n y Desarrollo y la tarea de orientar la inspiraci\u00f3n y la creatividad para llevar los productos a ser \u00fanicos y reconocibles en el mercado.<\/p>\n<p>Sin embargo, no solo los millennials. De hecho, el 7% del equipo de Errecom est\u00e1 formado por la generaci\u00f3n Z, es decir, los nacidos entre 1996 y 2012.<br \/>\nNo pl\u00e1stico y cero residuos: los centennials (as\u00ed se llaman a los miembros de esta generaci\u00f3n) son nativos ecol\u00f3gicos, as\u00ed como nativos digitales. Nacidos y criados con la conciencia de que el calentamiento global y el cambio clim\u00e1tico son problemas reales para los que todos, desde individuos hasta empresas, deben buscar una soluci\u00f3n, los centennials representan para Errecom un recurso en el que invertir. Una riqueza de la que Errecom est\u00e1 particularmente orgullosa, confiada en que, adem\u00e1s de ser una generaci\u00f3n portadora de fuertes valores, la Zeta tambi\u00e9n parecer\u00eda ser muy pragm\u00e1tica.<\/p>\n<p>\u00bfY el 28% restante? \u00a1Generaci\u00f3n X! Principalmente representado en Errecom por empleados hist\u00f3ricos, que han visto a la empresa cambiar, crecer y evolucionar. Crecidos en un per\u00edodo hist\u00f3rico de transici\u00f3n, los pertenecientes a esta generaci\u00f3n juegan un papel fundamental en Errecom, siendo ellos como puente entre el antes y el despu\u00e9s. Guiados por un esp\u00edritu de concreci\u00f3n, sin duda fruto de la experiencia adquirida a lo largo de los a\u00f1os, mantienen una mirada consciente hacia el futuro, canalizando creatividad y estrategias en un flujo incesante de mejora continua.<\/p>\n<p>Las Personas: el ADN de una empresa que inevitablemente define su perfil, historia y futuro. Con una edad promedio de 35 a\u00f1os y el objetivo de seguir invirtiendo en j\u00f3venes talentos, el ma\u00f1ana de Errecom se prev\u00e9 inevitablemente ser din\u00e1mico y en constante evoluci\u00f3n. Precursor del sector, representativo de un futuro todav\u00eda que escribir.<\/p>\n\t\t\t\t\t\t<\/div>\n\t\t\t\t<\/div>\n\t\t\t\t\t<\/div>\n\t\t<\/div>\n\t\t\t\t\t<\/div>\n\t\t<\/section>\n\t\t\t\t<\/div>\n\t\t","protected":false},"excerpt":{"rendered":"<p>Errecom: la fuerza y el dinamismo de una empresa under 40 Para 72% under 40: j\u00f3venes, frescos, din\u00e1micos. Son los empleados de Errecom SPA, empresa que desde los primeros a\u00f1os de su existencia se ha distinguido por estar representada por un equipo joven y emprendedor que ha ido creciendo a lo largo de los a\u00f1os, [&hellip;]<\/p>\n <a href=\"https:\/\/www.errecom.com\/es\/errecom-la-fuerza-y-el-dinamismo-de-una-empresa-under-40\/\" class=\"more-link\" title=\"Read More\">Leer m\u00e1s<\/a>","protected":false},"author":1,"featured_media":58451,"comment_status":"closed","ping_status":"closed","sticky":false,"template":"","format":"standard","meta":{"_acf_changed":false,"footnotes":""},"categories":[51],"tags":[],"yst_prominent_words":[],"class_list":["post-58471","post","type-post","status-publish","format-standard","has-post-thumbnail","hentry","category-dietro-le-quinte"],"acf":[],"_links":{"self":[{"href":"https:\/\/www.errecom.com\/es\/wp-json\/wp\/v2\/posts\/58471","targetHints":{"allow":["GET"]}}],"collection":[{"href":"https:\/\/www.errecom.com\/es\/wp-json\/wp\/v2\/posts"}],"about":[{"href":"https:\/\/www.errecom.com\/es\/wp-json\/wp\/v2\/types\/post"}],"author":[{"embeddable":true,"href":"https:\/\/www.errecom.com\/es\/wp-json\/wp\/v2\/users\/1"}],"replies":[{"embeddable":true,"href":"https:\/\/www.errecom.com\/es\/wp-json\/wp\/v2\/comments?post=58471"}],"version-history":[{"count":6,"href":"https:\/\/www.errecom.com\/es\/wp-json\/wp\/v2\/posts\/58471\/revisions"}],"predecessor-version":[{"id":72349,"href":"https:\/\/www.errecom.com\/es\/wp-json\/wp\/v2\/posts\/58471\/revisions\/72349"}],"wp:featuredmedia":[{"embeddable":true,"href":"https:\/\/www.errecom.com\/es\/wp-json\/wp\/v2\/media\/58451"}],"wp:attachment":[{"href":"https:\/\/www.errecom.com\/es\/wp-json\/wp\/v2\/media?parent=58471"}],"wp:term":[{"taxonomy":"category","embeddable":true,"href":"https:\/\/www.errecom.com\/es\/wp-json\/wp\/v2\/categories?post=58471"},{"taxonomy":"post_tag","embeddable":true,"href":"https:\/\/www.errecom.com\/es\/wp-json\/wp\/v2\/tags?post=58471"},{"taxonomy":"yst_prominent_words","embeddable":true,"href":"https:\/\/www.errecom.com\/es\/wp-json\/wp\/v2\/yst_prominent_words?post=58471"}],"curies":[{"name":"wp","href":"https:\/\/api.w.org\/{rel}","templated":true}]}}