{"id":58429,"date":"2021-09-07T18:13:34","date_gmt":"2021-09-07T16:13:34","guid":{"rendered":"https:\/\/www.errecom.com\/la-contribucion-de-errecom-al-dia-mundial-del-aire-limpio\/"},"modified":"2022-11-18T11:20:06","modified_gmt":"2022-11-18T10:20:06","slug":"la-contribucion-de-errecom-al-dia-mundial-del-aire-limpio","status":"publish","type":"post","link":"https:\/\/www.errecom.com\/es\/la-contribucion-de-errecom-al-dia-mundial-del-aire-limpio\/","title":{"rendered":"La contribuci\u00f3n de Errecom al D\u00eda Mundial del Aire Limpio"},"content":{"rendered":"\t\t<div data-elementor-type=\"wp-post\" data-elementor-id=\"58429\" class=\"elementor elementor-58429 elementor-58400\" data-elementor-post-type=\"post\">\n\t\t\t\t\t\t<section class=\"elementor-section elementor-top-section elementor-element elementor-element-6575d6e3 elementor-section-boxed elementor-section-height-default elementor-section-height-default\" data-id=\"6575d6e3\" data-element_type=\"section\" id=\"article-head\">\n\t\t\t\t\t\t<div class=\"elementor-container elementor-column-gap-default\">\n\t\t\t\t\t<div class=\"elementor-column elementor-col-100 elementor-top-column elementor-element elementor-element-82fbec7\" data-id=\"82fbec7\" data-element_type=\"column\">\n\t\t\t<div class=\"elementor-widget-wrap elementor-element-populated\">\n\t\t\t\t\t\t<div class=\"elementor-element elementor-element-65172d4a elementor-widget elementor-widget-heading\" data-id=\"65172d4a\" data-element_type=\"widget\" data-widget_type=\"heading.default\">\n\t\t\t\t<div class=\"elementor-widget-container\">\n\t\t\t<h1 class=\"elementor-heading-title elementor-size-default\">La contribuci\u00f3n de Errecom al D\u00eda Mundial del Aire Limpio<\/h1>\t\t<\/div>\n\t\t\t\t<\/div>\n\t\t\t\t<div class=\"elementor-element elementor-element-130f01a2 elementor-widget elementor-widget-text-editor\" data-id=\"130f01a2\" data-element_type=\"widget\" data-widget_type=\"text-editor.default\">\n\t\t\t\t<div class=\"elementor-widget-container\">\n\t\t\t\t\t\t\tSe celebra hoy, 7 de septiembre, el D\u00eda Mundial del Aire Limpio. Instituido en 2019 por la Asamblea General de las Naciones Unidas, este d\u00eda tiene el prop\u00f3sito de recordar a toda la comunidad mundial la importancia de la calidad del aire y el destructivo impacto que la poluci\u00f3n atmosf\u00e9rica tiene sobre la salud humana y sobre los ecosistemas.\t\t\t\t\t\t<\/div>\n\t\t\t\t<\/div>\n\t\t\t\t<div class=\"elementor-element elementor-element-1db81df1 elementor-widget elementor-widget-shortcode\" data-id=\"1db81df1\" data-element_type=\"widget\" data-widget_type=\"shortcode.default\">\n\t\t\t\t<div class=\"elementor-widget-container\">\n\t\t\t\t\t<div class=\"elementor-shortcode\"><span class=\"my-reading-time\"><span class=\"my-reading-time-label\">Tiempo de lectura: <\/span><span class=\"my-reading-time-value\">3 min<\/span><\/span><\/div>\n\t\t\t\t<\/div>\n\t\t\t\t<\/div>\n\t\t\t\t\t<\/div>\n\t\t<\/div>\n\t\t\t\t\t<\/div>\n\t\t<\/section>\n\t\t\t\t<section class=\"elementor-section elementor-top-section elementor-element elementor-element-4ecc1fea elementor-section-boxed elementor-section-height-default elementor-section-height-default\" data-id=\"4ecc1fea\" data-element_type=\"section\">\n\t\t\t\t\t\t<div class=\"elementor-container elementor-column-gap-default\">\n\t\t\t\t\t<div class=\"elementor-column elementor-col-100 elementor-top-column elementor-element elementor-element-25c691c1\" data-id=\"25c691c1\" data-element_type=\"column\">\n\t\t\t<div class=\"elementor-widget-wrap elementor-element-populated\">\n\t\t\t\t\t\t<div class=\"elementor-element elementor-element-2c16fe12 elementor-widget elementor-widget-image\" data-id=\"2c16fe12\" data-element_type=\"widget\" data-widget_type=\"image.default\">\n\t\t\t\t<div class=\"elementor-widget-container\">\n\t\t\t\t\t\t\t\t\t\t\t\t\t<img fetchpriority=\"high\" decoding=\"async\" width=\"1152\" height=\"648\" src=\"https:\/\/www.errecom.com\/wp-content\/uploads\/2021\/09\/Blue-Skies-NEWS.png\" class=\"attachment-full size-full wp-image-58405\" alt=\"\" srcset=\"https:\/\/www.errecom.com\/wp-content\/uploads\/2021\/09\/Blue-Skies-NEWS.png 1152w, https:\/\/www.errecom.com\/wp-content\/uploads\/2021\/09\/Blue-Skies-NEWS-300x169.png 300w, https:\/\/www.errecom.com\/wp-content\/uploads\/2021\/09\/Blue-Skies-NEWS-1024x576.png 1024w, https:\/\/www.errecom.com\/wp-content\/uploads\/2021\/09\/Blue-Skies-NEWS-768x432.png 768w, https:\/\/www.errecom.com\/wp-content\/uploads\/2021\/09\/Blue-Skies-NEWS-100x56.png 100w\" sizes=\"(max-width: 1152px) 100vw, 1152px\" \/>\t\t\t\t\t\t\t\t\t\t\t\t\t<\/div>\n\t\t\t\t<\/div>\n\t\t\t\t\t<\/div>\n\t\t<\/div>\n\t\t\t\t\t<\/div>\n\t\t<\/section>\n\t\t\t\t<section class=\"elementor-section elementor-top-section elementor-element elementor-element-3569a15c dc-has-condition dc-condition-contains elementor-section-boxed elementor-section-height-default elementor-section-height-default\" data-id=\"3569a15c\" data-element_type=\"section\" id=\"article-body\">\n\t\t\t\t\t\t<div class=\"elementor-container elementor-column-gap-default\">\n\t\t\t\t\t<div class=\"elementor-column elementor-col-100 elementor-top-column elementor-element elementor-element-26bb906b\" data-id=\"26bb906b\" data-element_type=\"column\">\n\t\t\t<div class=\"elementor-widget-wrap elementor-element-populated\">\n\t\t\t\t\t\t<div class=\"elementor-element elementor-element-68272edc elementor-widget elementor-widget-text-editor\" data-id=\"68272edc\" data-element_type=\"widget\" data-widget_type=\"text-editor.default\">\n\t\t\t\t<div class=\"elementor-widget-container\">\n\t\t\t\t\t\t\t<p>De una investigaci\u00f3n por la\u00a0<a href=\"https:\/\/www.who.int\/es\/news\/item\/02-05-2018-9-out-of-10-people-worldwide-breathe-polluted-air-but-more-countries-are-taking-action\" target=\"_blank\" rel=\"noopener\">Organizaci\u00f3n Mundial de la Salud\u00a0<\/a>se estiman siete millones de muertos cada a\u00f1o por la poluci\u00f3n atmosf\u00e9rica. Infecciones respiratorias agudas, ictus, enfermedades card\u00edacas y tumores a los pulmones son las principales causas de mortalidad registradas en los \u00faltimos a\u00f1os en los Pa\u00edses que presentan altos \u00edndices de poluci\u00f3n atmosf\u00e9rica.Entre las emisiones m\u00e1s sustanciales encontramos las de CO2 que, en 2017 solo en los Estados Unidos, han sido algo como el 82% del total de las emisiones de gas de efecto invernadero. Su liberaci\u00f3n en la atm\u00f3sfera tiene un impacto destructivo sobre el planeta, no solo en t\u00e9rminos de enfermedades que pueden causar al ser humano, sino tambi\u00e9n de calentamiento global y cambiamiento clim\u00e1tico.<br \/>\nEl aumento de los niveles de anh\u00eddrido carb\u00f3nico causa desequilibrio a los nutrientes necesarios a la cultivaci\u00f3n, como hierro, zinc y prote\u00ednas, da\u00f1ando irremediablemente las recogidas de enteras estaciones. Sin hablar de la subida de las temperaturas promedio globales que, como hemos ya observado en estos meses, provoca eventos meteorol\u00f3gicos extremos como olas de calor, graves sequ\u00edas, incendios y tormentas tropicales.<br \/>\nDesde cuando en los \u00faltimos a\u00f1os ha sido comprendida la urgencia de la crisis clim\u00e1tica que estamos viviendo, diferentes aspectos de la vida cotidiana han quedado bajo la lupa.<br \/>\nLa industria de alimentos y el fast fashion est\u00e1n entre los sectores mayormente investigados, pero son crucial tambi\u00e9n el tr\u00e1fico, los sistemas para la producci\u00f3n de energ\u00eda, de calentamiento ecc.<br \/>\nEn esta lucha contra el cambiamiento clim\u00e1tico es necesario que todos hagan su parte, individuales y empresas, gobiernos y asociaciones.<br \/>\nEl compromiso de Errecom en materia ambiental no es una novedad, sino que un objetivo que la empresa lleva a cabo desde el principio de su historia. No solo elecci\u00f3n de materias primas biodegradables y del packaging eco-sostenible, sino tambi\u00e9n desarrollo de productos innovadores formulados para evitar las fugas de gas refrigerantes de los sistemas de climatizaci\u00f3n y refrigeraci\u00f3n y optimizar las performances de los sistemas mismos en el tiempo. Pensemos en Extreme Ultra, el sellador de fugas por el cual Errecom es conocida en todo el mundo, o en los aditivos formulados en el laboratorio qu\u00edmico internos que contribuyen en mejorar la eficiencia energ\u00e9tica de los sistemas, reduciendo el impacto que estos \u00faltimos tienen sobre nuestro planeta. O al final, en los limpiadores y desinfectantes para superficies que mejoran la calidad del aire que respiran en los ambientes internos.<br \/>\nPara saber m\u00e1s aqu\u00ed unos art\u00edculos recientes en los cuales se toca esta tem\u00e1tica:<\/p>\n<p><a href=\"https:\/\/www.errecom.com\/es\/el-climatizador-no-enfria-mas-como-al-principio-de-su-instalacion-que-hacer\/\" target=\"_blank\" rel=\"noopener\">El climatizador no enfr\u00eda m\u00e1s como al principio de su instalaci\u00f3n, \u00bfQu\u00e9 hacer?<\/a><\/p>\n<p><a href=\"https:\/\/www.errecom.com\/es\/sistemas-aar-correcta-manutencion-proteccion-medio-ambiente\/\" target=\"_blank\" rel=\"noopener\">Sistemas AA\/R: Una correcta manutenci\u00f3n para la protecci\u00f3n del medio ambiente<\/a><\/p>\n<p>Buena lectura!<\/p>\n\t\t\t\t\t\t<\/div>\n\t\t\t\t<\/div>\n\t\t\t\t\t<\/div>\n\t\t<\/div>\n\t\t\t\t\t<\/div>\n\t\t<\/section>\n\t\t\t\t<\/div>\n\t\t","protected":false},"excerpt":{"rendered":"<p>La contribuci\u00f3n de Errecom al D\u00eda Mundial del Aire Limpio Se celebra hoy, 7 de septiembre, el D\u00eda Mundial del Aire Limpio. Instituido en 2019 por la Asamblea General de las Naciones Unidas, este d\u00eda tiene el prop\u00f3sito de recordar a toda la comunidad mundial la importancia de la calidad del aire y el destructivo [&hellip;]<\/p>\n <a href=\"https:\/\/www.errecom.com\/es\/la-contribucion-de-errecom-al-dia-mundial-del-aire-limpio\/\" class=\"more-link\" title=\"Read More\">Leer m\u00e1s<\/a>","protected":false},"author":1,"featured_media":58411,"comment_status":"closed","ping_status":"closed","sticky":false,"template":"","format":"standard","meta":{"_acf_changed":false,"footnotes":""},"categories":[52],"tags":[],"yst_prominent_words":[],"class_list":["post-58429","post","type-post","status-publish","format-standard","has-post-thumbnail","hentry","category-eventi"],"acf":[],"_links":{"self":[{"href":"https:\/\/www.errecom.com\/es\/wp-json\/wp\/v2\/posts\/58429","targetHints":{"allow":["GET"]}}],"collection":[{"href":"https:\/\/www.errecom.com\/es\/wp-json\/wp\/v2\/posts"}],"about":[{"href":"https:\/\/www.errecom.com\/es\/wp-json\/wp\/v2\/types\/post"}],"author":[{"embeddable":true,"href":"https:\/\/www.errecom.com\/es\/wp-json\/wp\/v2\/users\/1"}],"replies":[{"embeddable":true,"href":"https:\/\/www.errecom.com\/es\/wp-json\/wp\/v2\/comments?post=58429"}],"version-history":[{"count":4,"href":"https:\/\/www.errecom.com\/es\/wp-json\/wp\/v2\/posts\/58429\/revisions"}],"predecessor-version":[{"id":72337,"href":"https:\/\/www.errecom.com\/es\/wp-json\/wp\/v2\/posts\/58429\/revisions\/72337"}],"wp:featuredmedia":[{"embeddable":true,"href":"https:\/\/www.errecom.com\/es\/wp-json\/wp\/v2\/media\/58411"}],"wp:attachment":[{"href":"https:\/\/www.errecom.com\/es\/wp-json\/wp\/v2\/media?parent=58429"}],"wp:term":[{"taxonomy":"category","embeddable":true,"href":"https:\/\/www.errecom.com\/es\/wp-json\/wp\/v2\/categories?post=58429"},{"taxonomy":"post_tag","embeddable":true,"href":"https:\/\/www.errecom.com\/es\/wp-json\/wp\/v2\/tags?post=58429"},{"taxonomy":"yst_prominent_words","embeddable":true,"href":"https:\/\/www.errecom.com\/es\/wp-json\/wp\/v2\/yst_prominent_words?post=58429"}],"curies":[{"name":"wp","href":"https:\/\/api.w.org\/{rel}","templated":true}]}}