{"id":58386,"date":"2021-09-16T17:37:15","date_gmt":"2021-09-16T15:37:15","guid":{"rendered":"https:\/\/www.errecom.com\/capa-del-ozono-lo-que-errecom-hace-para-protegerlo\/"},"modified":"2022-11-18T11:17:47","modified_gmt":"2022-11-18T10:17:47","slug":"capa-del-ozono-lo-que-errecom-hace-para-protegerlo","status":"publish","type":"post","link":"https:\/\/www.errecom.com\/es\/capa-del-ozono-lo-que-errecom-hace-para-protegerlo\/","title":{"rendered":"Capa del ozono: lo que Errecom hace para protegerlo"},"content":{"rendered":"\t\t<div data-elementor-type=\"wp-post\" data-elementor-id=\"58386\" class=\"elementor elementor-58386 elementor-58327\" data-elementor-post-type=\"post\">\n\t\t\t\t\t\t<section class=\"elementor-section elementor-top-section elementor-element elementor-element-6575d6e3 elementor-section-boxed elementor-section-height-default elementor-section-height-default\" data-id=\"6575d6e3\" data-element_type=\"section\" id=\"article-head\">\n\t\t\t\t\t\t<div class=\"elementor-container elementor-column-gap-default\">\n\t\t\t\t\t<div class=\"elementor-column elementor-col-100 elementor-top-column elementor-element elementor-element-82fbec7\" data-id=\"82fbec7\" data-element_type=\"column\">\n\t\t\t<div class=\"elementor-widget-wrap elementor-element-populated\">\n\t\t\t\t\t\t<div class=\"elementor-element elementor-element-65172d4a elementor-widget elementor-widget-heading\" data-id=\"65172d4a\" data-element_type=\"widget\" data-widget_type=\"heading.default\">\n\t\t\t\t<div class=\"elementor-widget-container\">\n\t\t\t<h1 class=\"elementor-heading-title elementor-size-default\">Reparaci\u00f3n de fugas de gas refrigerante<\/h1>\t\t<\/div>\n\t\t\t\t<\/div>\n\t\t\t\t<div class=\"elementor-element elementor-element-130f01a2 elementor-widget elementor-widget-text-editor\" data-id=\"130f01a2\" data-element_type=\"widget\" data-widget_type=\"text-editor.default\">\n\t\t\t\t<div class=\"elementor-widget-container\">\n\t\t\t\t\t\t\tDel reci\u00e9n encuentro del ORM, compuesto por los m\u00e1ximos expertos e investigadores del ozono, surge una certeza: a pesar de que la capa de ozono estratosf\u00e9rico se est\u00e1 recuperando gracias a las medidas de contenci\u00f3n adoptadas en los \u00faltimos a\u00f1os, no debemos bajar la guardia.\t\t\t\t\t\t<\/div>\n\t\t\t\t<\/div>\n\t\t\t\t<div class=\"elementor-element elementor-element-1db81df1 elementor-widget elementor-widget-shortcode\" data-id=\"1db81df1\" data-element_type=\"widget\" data-widget_type=\"shortcode.default\">\n\t\t\t\t<div class=\"elementor-widget-container\">\n\t\t\t\t\t<div class=\"elementor-shortcode\"><span class=\"my-reading-time\"><span class=\"my-reading-time-label\">Tiempo de lectura: <\/span><span class=\"my-reading-time-value\">3 min<\/span><\/span><\/div>\n\t\t\t\t<\/div>\n\t\t\t\t<\/div>\n\t\t\t\t\t<\/div>\n\t\t<\/div>\n\t\t\t\t\t<\/div>\n\t\t<\/section>\n\t\t\t\t<section class=\"elementor-section elementor-top-section elementor-element elementor-element-4ecc1fea elementor-section-boxed elementor-section-height-default elementor-section-height-default\" data-id=\"4ecc1fea\" data-element_type=\"section\">\n\t\t\t\t\t\t<div class=\"elementor-container elementor-column-gap-default\">\n\t\t\t\t\t<div class=\"elementor-column elementor-col-100 elementor-top-column elementor-element elementor-element-25c691c1\" data-id=\"25c691c1\" data-element_type=\"column\">\n\t\t\t<div class=\"elementor-widget-wrap elementor-element-populated\">\n\t\t\t\t\t\t<div class=\"elementor-element elementor-element-2c16fe12 elementor-widget elementor-widget-image\" data-id=\"2c16fe12\" data-element_type=\"widget\" data-widget_type=\"image.default\">\n\t\t\t\t<div class=\"elementor-widget-container\">\n\t\t\t\t\t\t\t\t\t\t\t\t\t<img fetchpriority=\"high\" decoding=\"async\" width=\"1152\" height=\"648\" src=\"https:\/\/www.errecom.com\/wp-content\/uploads\/2021\/09\/ozone-NEWS.png\" class=\"attachment-full size-full wp-image-58332\" alt=\"\" srcset=\"https:\/\/www.errecom.com\/wp-content\/uploads\/2021\/09\/ozone-NEWS.png 1152w, https:\/\/www.errecom.com\/wp-content\/uploads\/2021\/09\/ozone-NEWS-300x169.png 300w, https:\/\/www.errecom.com\/wp-content\/uploads\/2021\/09\/ozone-NEWS-1024x576.png 1024w, https:\/\/www.errecom.com\/wp-content\/uploads\/2021\/09\/ozone-NEWS-768x432.png 768w, https:\/\/www.errecom.com\/wp-content\/uploads\/2021\/09\/ozone-NEWS-100x56.png 100w\" sizes=\"(max-width: 1152px) 100vw, 1152px\" \/>\t\t\t\t\t\t\t\t\t\t\t\t\t<\/div>\n\t\t\t\t<\/div>\n\t\t\t\t\t<\/div>\n\t\t<\/div>\n\t\t\t\t\t<\/div>\n\t\t<\/section>\n\t\t\t\t<section class=\"elementor-section elementor-top-section elementor-element elementor-element-3569a15c dc-has-condition dc-condition-contains elementor-section-boxed elementor-section-height-default elementor-section-height-default\" data-id=\"3569a15c\" data-element_type=\"section\" id=\"article-body\">\n\t\t\t\t\t\t<div class=\"elementor-container elementor-column-gap-default\">\n\t\t\t\t\t<div class=\"elementor-column elementor-col-100 elementor-top-column elementor-element elementor-element-26bb906b\" data-id=\"26bb906b\" data-element_type=\"column\">\n\t\t\t<div class=\"elementor-widget-wrap elementor-element-populated\">\n\t\t\t\t\t\t<div class=\"elementor-element elementor-element-68272edc elementor-widget elementor-widget-text-editor\" data-id=\"68272edc\" data-element_type=\"widget\" data-widget_type=\"text-editor.default\">\n\t\t\t\t<div class=\"elementor-widget-container\">\n\t\t\t\t\t\t\t<p>Fue en 1995 cuando el cient\u00edfico mexicano Mario Molina recibi\u00f3 el Premio Nobel de Qu\u00edmica por descubrir el poder destructivo de los CFC (clorofluorocarbonos) sobre la capa de ozono. Junto a \u00e9l, su colega Frank Sherwood Rowland, quien acu\u00f1\u00f3 el t\u00e9rmino que todav\u00eda se utiliza hoy en d\u00eda \u00abagujero de ozono\u00bb, para indicar el aumento an\u00f3malo de la capa de ozono, causa del crecimiento exponencial de la radiaci\u00f3n ultravioleta en la superficie terrestre.<\/p>\n<p>Qu\u00edmicos visionarios, sin duda, cuyo trabajo ha sido una inmensa contribuci\u00f3n al futuro del planeta. Fue gracias a sus investigaciones y sus estudios, de hecho, que los gobiernos de los pa\u00edses individuales empezaron a cuestionarse sobre qu\u00e9 hacer, acabando por adoptar una soluci\u00f3n global: el Protocolo de Montreal, destinado a proteger al planeta de esos gases llamados ODS (ozone depleting substances) responsables del agujero de ozono.<\/p>\n<p>El tratado internacional prohibi\u00f3 primero el uso de CFC sustituy\u00e9ndolos por HFC (hidrofluorocarbonos), mientras que, posteriormente, tambi\u00e9n reconoci\u00f3 el l\u00edmite de estos \u00faltimos, tan seguros para la capa de ozono como potentes gases de efecto invernadero con un efecto de calentamiento global de hasta 23.000 veces mayor que el CO2.<br \/>\nA partir de esta conciencia, la introducci\u00f3n de la enmienda de Kigali en enero de 2019, que preve\u00eda la incorporaci\u00f3n de HFC a la lista de sustancias controladas del Protocolo de Montreal, a favor de gases con menor potencial de calentamiento global.<\/p>\n<p>De ser un tratado internacional para combatir el problema del aumento de la capa de ozono, el Protocolo de Montreal se ha convertido as\u00ed en una herramienta fundamental en la lucha contra el cambio clim\u00e1tico, as\u00ed como testimonio de uno de los \u00e9xitos m\u00e1s grandes en el campo ambiental.<br \/>\nLa importancia de este tratado internacional tambi\u00e9n fue confirmada por una investigaci\u00f3n reciente publicada en la revista cient\u00edfica Nature por el cient\u00edfico clim\u00e1tico Mark Ross England.<br \/>\nEl experto analiza dos escenarios clim\u00e1ticos diferentes: uno, en el que no existen l\u00edmites al uso de CFC y otro en el que su uso es limitado, destacando que en este \u00faltimo caso el calentamiento de la superficie \u00e1rtica y el derretimiento de los glaciares son solo la mitad de lo que son en el primer escenario.<\/p>\n<p>Pero \u00bfqu\u00e9 tiene que ver Errecom con la capa de ozono? \u00a1Mucho m\u00e1s de lo que imaginas!<br \/>\nDe hecho, desde 2001, la empresa con sede en Brescia estudia y desarrolla innovadores detectores de fugas en su laboratorio qu\u00edmico, con el objetivo de localizar y sellar permanentemente las fugas de gas refrigerante que pueden desarrollarse en sistemas de aire acondicionado y refrigeraci\u00f3n residenciales, comerciales e industriales.<br \/>\nErrecom tiene entonces la soluci\u00f3n al problema, pero en realidad ofrece mucho m\u00e1s. Los tapones de fugas y los aditivos, de hecho, son ideales para su uso tambi\u00e9n con vistas a la estrategia preventiva. Por un lado, el tap\u00f3n de fugas del l\u00edquido\u00a0<a href=\"https:\/\/shop.errecom.com\/es\/producto\/extreme-ultra\/\" target=\"_blank\" rel=\"noopener\">Extreme Ultra<\/a>, una vez insertado, permanece en el sistema y sella las fugas que puedan surgir con el tiempo. Por otro lado, aditivos como\u00a0<a href=\"https:\/\/shop.errecom.com\/es\/prodotto\/no-acid-ultra\/\" target=\"_blank\" rel=\"noopener\">No-Acid Ultra<\/a>\u00a0o\u00a0<a href=\"https:\/\/shop.errecom.com\/es\/prodotto\/super-dry-ultra\/\" target=\"_blank\" rel=\"noopener\">Super-Dry Ultra<\/a>\u00a0resuelven y previenen respectivamente el problema de acidez y humedad en los sistemas, ambas causas potenciales de la creaci\u00f3n de fugas.<\/p>\n\t\t\t\t\t\t<\/div>\n\t\t\t\t<\/div>\n\t\t\t\t\t<\/div>\n\t\t<\/div>\n\t\t\t\t\t<\/div>\n\t\t<\/section>\n\t\t\t\t<\/div>\n\t\t","protected":false},"excerpt":{"rendered":"<p>Reparaci\u00f3n de fugas de gas refrigerante Del reci\u00e9n encuentro del ORM, compuesto por los m\u00e1ximos expertos e investigadores del ozono, surge una certeza: a pesar de que la capa de ozono estratosf\u00e9rico se est\u00e1 recuperando gracias a las medidas de contenci\u00f3n adoptadas en los \u00faltimos a\u00f1os, no debemos bajar la guardia. Fue en 1995 cuando [&hellip;]<\/p>\n <a href=\"https:\/\/www.errecom.com\/es\/capa-del-ozono-lo-que-errecom-hace-para-protegerlo\/\" class=\"more-link\" title=\"Read More\">Leer m\u00e1s<\/a>","protected":false},"author":1,"featured_media":58338,"comment_status":"closed","ping_status":"closed","sticky":false,"template":"","format":"standard","meta":{"_acf_changed":false,"footnotes":""},"categories":[54],"tags":[],"yst_prominent_words":[],"class_list":["post-58386","post","type-post","status-publish","format-standard","has-post-thumbnail","hentry","category-riparazione-perdite-gas-refrigerante"],"acf":[],"_links":{"self":[{"href":"https:\/\/www.errecom.com\/es\/wp-json\/wp\/v2\/posts\/58386","targetHints":{"allow":["GET"]}}],"collection":[{"href":"https:\/\/www.errecom.com\/es\/wp-json\/wp\/v2\/posts"}],"about":[{"href":"https:\/\/www.errecom.com\/es\/wp-json\/wp\/v2\/types\/post"}],"author":[{"embeddable":true,"href":"https:\/\/www.errecom.com\/es\/wp-json\/wp\/v2\/users\/1"}],"replies":[{"embeddable":true,"href":"https:\/\/www.errecom.com\/es\/wp-json\/wp\/v2\/comments?post=58386"}],"version-history":[{"count":7,"href":"https:\/\/www.errecom.com\/es\/wp-json\/wp\/v2\/posts\/58386\/revisions"}],"predecessor-version":[{"id":72325,"href":"https:\/\/www.errecom.com\/es\/wp-json\/wp\/v2\/posts\/58386\/revisions\/72325"}],"wp:featuredmedia":[{"embeddable":true,"href":"https:\/\/www.errecom.com\/es\/wp-json\/wp\/v2\/media\/58338"}],"wp:attachment":[{"href":"https:\/\/www.errecom.com\/es\/wp-json\/wp\/v2\/media?parent=58386"}],"wp:term":[{"taxonomy":"category","embeddable":true,"href":"https:\/\/www.errecom.com\/es\/wp-json\/wp\/v2\/categories?post=58386"},{"taxonomy":"post_tag","embeddable":true,"href":"https:\/\/www.errecom.com\/es\/wp-json\/wp\/v2\/tags?post=58386"},{"taxonomy":"yst_prominent_words","embeddable":true,"href":"https:\/\/www.errecom.com\/es\/wp-json\/wp\/v2\/yst_prominent_words?post=58386"}],"curies":[{"name":"wp","href":"https:\/\/api.w.org\/{rel}","templated":true}]}}