{"id":58304,"date":"2021-10-04T17:23:03","date_gmt":"2021-10-04T15:23:03","guid":{"rendered":"https:\/\/www.errecom.com\/biden-reduce-el-uso-de-hfc-empieza-el-compromiso-para-un-futuro-mas-green\/"},"modified":"2022-11-18T11:13:55","modified_gmt":"2022-11-18T10:13:55","slug":"biden-reduce-el-uso-de-hfc-empieza-el-compromiso-para-un-futuro-mas-green","status":"publish","type":"post","link":"https:\/\/www.errecom.com\/es\/biden-reduce-el-uso-de-hfc-empieza-el-compromiso-para-un-futuro-mas-green\/","title":{"rendered":"Biden reduce el uso de HFC: empieza el compromiso para un futuro m\u00e1s green"},"content":{"rendered":"\t\t<div data-elementor-type=\"wp-post\" data-elementor-id=\"58304\" class=\"elementor elementor-58304 elementor-58290\" data-elementor-post-type=\"post\">\n\t\t\t\t\t\t<section class=\"elementor-section elementor-top-section elementor-element elementor-element-6575d6e3 elementor-section-boxed elementor-section-height-default elementor-section-height-default\" data-id=\"6575d6e3\" data-element_type=\"section\" id=\"article-head\">\n\t\t\t\t\t\t<div class=\"elementor-container elementor-column-gap-default\">\n\t\t\t\t\t<div class=\"elementor-column elementor-col-100 elementor-top-column elementor-element elementor-element-82fbec7\" data-id=\"82fbec7\" data-element_type=\"column\">\n\t\t\t<div class=\"elementor-widget-wrap elementor-element-populated\">\n\t\t\t\t\t\t<div class=\"elementor-element elementor-element-65172d4a elementor-widget elementor-widget-heading\" data-id=\"65172d4a\" data-element_type=\"widget\" data-widget_type=\"heading.default\">\n\t\t\t\t<div class=\"elementor-widget-container\">\n\t\t\t<h1 class=\"elementor-heading-title elementor-size-default\">Biden reduce el uso de HFC: empieza el compromiso para un futuro m\u00e1s green<\/h1>\t\t<\/div>\n\t\t\t\t<\/div>\n\t\t\t\t<div class=\"elementor-element elementor-element-130f01a2 elementor-widget elementor-widget-text-editor\" data-id=\"130f01a2\" data-element_type=\"widget\" data-widget_type=\"text-editor.default\">\n\t\t\t\t<div class=\"elementor-widget-container\">\n\t\t\t\t\t\t\tLas emisiones de efecto invernadero de EE. UU. ir\u00e1n reduci\u00e9ndose gradualmente a partir del a\u00f1o que viene. Esta fue la decisi\u00f3n tomada por EPA, la agencia federal que se ocupa de la protecci\u00f3n del medio ambiente en los Estados Unidos, despu\u00e9s de probar durante los a\u00f1os el desastroso impacto que los sistemas de climatizaci\u00f3n y refrigeraci\u00f3n dom\u00e9sticos y, sobre todo, industriales han tenido sobre el calentamiento global.\t\t\t\t\t\t<\/div>\n\t\t\t\t<\/div>\n\t\t\t\t<div class=\"elementor-element elementor-element-1db81df1 elementor-widget elementor-widget-shortcode\" data-id=\"1db81df1\" data-element_type=\"widget\" data-widget_type=\"shortcode.default\">\n\t\t\t\t<div class=\"elementor-widget-container\">\n\t\t\t\t\t<div class=\"elementor-shortcode\"><span class=\"my-reading-time\"><span class=\"my-reading-time-label\">Tiempo de lectura: <\/span><span class=\"my-reading-time-value\">2 min<\/span><\/span><\/div>\n\t\t\t\t<\/div>\n\t\t\t\t<\/div>\n\t\t\t\t\t<\/div>\n\t\t<\/div>\n\t\t\t\t\t<\/div>\n\t\t<\/section>\n\t\t\t\t<section class=\"elementor-section elementor-top-section elementor-element elementor-element-4ecc1fea elementor-section-boxed elementor-section-height-default elementor-section-height-default\" data-id=\"4ecc1fea\" data-element_type=\"section\">\n\t\t\t\t\t\t<div class=\"elementor-container elementor-column-gap-default\">\n\t\t\t\t\t<div class=\"elementor-column elementor-col-100 elementor-top-column elementor-element elementor-element-25c691c1\" data-id=\"25c691c1\" data-element_type=\"column\">\n\t\t\t<div class=\"elementor-widget-wrap elementor-element-populated\">\n\t\t\t\t\t\t<div class=\"elementor-element elementor-element-2c16fe12 elementor-widget elementor-widget-image\" data-id=\"2c16fe12\" data-element_type=\"widget\" data-widget_type=\"image.default\">\n\t\t\t\t<div class=\"elementor-widget-container\">\n\t\t\t\t\t\t\t\t\t\t\t\t\t<img fetchpriority=\"high\" decoding=\"async\" width=\"1152\" height=\"648\" src=\"https:\/\/www.errecom.com\/wp-content\/uploads\/2021\/10\/Biden-NEWS.png\" class=\"attachment-full size-full wp-image-58292\" alt=\"\" srcset=\"https:\/\/www.errecom.com\/wp-content\/uploads\/2021\/10\/Biden-NEWS.png 1152w, https:\/\/www.errecom.com\/wp-content\/uploads\/2021\/10\/Biden-NEWS-300x169.png 300w, https:\/\/www.errecom.com\/wp-content\/uploads\/2021\/10\/Biden-NEWS-1024x576.png 1024w, https:\/\/www.errecom.com\/wp-content\/uploads\/2021\/10\/Biden-NEWS-768x432.png 768w, https:\/\/www.errecom.com\/wp-content\/uploads\/2021\/10\/Biden-NEWS-100x56.png 100w\" sizes=\"(max-width: 1152px) 100vw, 1152px\" \/>\t\t\t\t\t\t\t\t\t\t\t\t\t<\/div>\n\t\t\t\t<\/div>\n\t\t\t\t\t<\/div>\n\t\t<\/div>\n\t\t\t\t\t<\/div>\n\t\t<\/section>\n\t\t\t\t<section class=\"elementor-section elementor-top-section elementor-element elementor-element-3569a15c dc-has-condition dc-condition-contains elementor-section-boxed elementor-section-height-default elementor-section-height-default\" data-id=\"3569a15c\" data-element_type=\"section\" id=\"article-body\">\n\t\t\t\t\t\t<div class=\"elementor-container elementor-column-gap-default\">\n\t\t\t\t\t<div class=\"elementor-column elementor-col-100 elementor-top-column elementor-element elementor-element-26bb906b\" data-id=\"26bb906b\" data-element_type=\"column\">\n\t\t\t<div class=\"elementor-widget-wrap elementor-element-populated\">\n\t\t\t\t\t\t<div class=\"elementor-element elementor-element-68272edc elementor-widget elementor-widget-text-editor\" data-id=\"68272edc\" data-element_type=\"widget\" data-widget_type=\"text-editor.default\">\n\t\t\t\t<div class=\"elementor-widget-container\">\n\t\t\t\t\t\t\t<p>El objeto de esta medida de restricci\u00f3n fuertemente pedida por Biden son los HFC, tambi\u00e9n conocidos como hidrofluorocarbonos. Desarrollados como alternativas m\u00e1s sostenibles de los CFC (gradualmente reducidos desde 1996 por el Protocolo de Montreal por su poder de destrucci\u00f3n de la capa de ozono), los HFC resultan ser los gases con un fuerte efecto invernadero, con una capacidad de calentar el planeta a una rapidez cientos veces mayor que la del CO2.<\/p>\n<p>El\u00a0<a href=\"https:\/\/espanol.news\/la-administracion-de-biden-finaliza-la-regla-para-eliminar-los-hfc-supercontaminantes\/\" target=\"_blank\" rel=\"noopener\">programa que acaba de lanzar la EPA<\/a>\u00a0establece restricciones espec\u00edficas sobre el uso y la producci\u00f3n de HFC desde ahora hasta 2023; prohibiciones que se someter\u00e1n a una mayor contenci\u00f3n hasta 2036, con el objetivo de reducir las emisiones de HFC por el 85% durante los pr\u00f3ximos 15 a\u00f1os.<\/p>\n<p>En base a estas evaluaciones, se establece que la nueva medida pueda evitar hasta 0.5\u00b0C de calentamiento global dentro del fin del siglo. Adem\u00e1s, la EPA ha afirmado que deber\u00eda reducir las emisiones de 4.7 millardos de toneladas de di\u00f3xido de carbono dentro la mitad del siglo, cifras que, se estima, equivalen casi a tres a\u00f1os de emisiones del sector energ\u00e9tico estadounidense.<\/p>\n<p>Estamos asistiendo, sin duda, a la primera grande acci\u00f3n normativa de la administraci\u00f3n Biden en materia de gas de efecto invernadero, pero, sobre todo, nos encontramos frente a los primeros standard que los Estados Unidos imponen a los HFC. Se ten\u00eda que tomar una decisi\u00f3n entonces, y la esperanza, ahora, es que estas nuevas medidas puedan ayudar el Pa\u00eds en el exigente y desafiante objetivo de transici\u00f3n ecol\u00f3gica hacia tecnolog\u00edas m\u00e1s eficientes.<\/p>\n<p>La de los EE. UU. es una toma de posici\u00f3n que todo el mundo estaba esperando, Errecom incluida. Tambi\u00e9n los clientes americanos tendr\u00e1n modo de beneficiar del trabajo de sostenibilidad hecho por la empresa a lo largo de los a\u00f1os, encontrando en el cat\u00e1logo aditivos y selladores de fugas compatibles con los nuevos gases refrigerantes de bajo impacto ambiental.<\/p>\n\t\t\t\t\t\t<\/div>\n\t\t\t\t<\/div>\n\t\t\t\t\t<\/div>\n\t\t<\/div>\n\t\t\t\t\t<\/div>\n\t\t<\/section>\n\t\t\t\t<\/div>\n\t\t","protected":false},"excerpt":{"rendered":"<p>Biden reduce el uso de HFC: empieza el compromiso para un futuro m\u00e1s green Las emisiones de efecto invernadero de EE. UU. ir\u00e1n reduci\u00e9ndose gradualmente a partir del a\u00f1o que viene. Esta fue la decisi\u00f3n tomada por EPA, la agencia federal que se ocupa de la protecci\u00f3n del medio ambiente en los Estados Unidos, despu\u00e9s [&hellip;]<\/p>\n <a href=\"https:\/\/www.errecom.com\/es\/biden-reduce-el-uso-de-hfc-empieza-el-compromiso-para-un-futuro-mas-green\/\" class=\"more-link\" title=\"Read More\">Leer m\u00e1s<\/a>","protected":false},"author":1,"featured_media":58298,"comment_status":"closed","ping_status":"closed","sticky":false,"template":"","format":"standard","meta":{"_acf_changed":false,"footnotes":""},"categories":[52],"tags":[],"yst_prominent_words":[],"class_list":["post-58304","post","type-post","status-publish","format-standard","has-post-thumbnail","hentry","category-eventi"],"acf":[],"_links":{"self":[{"href":"https:\/\/www.errecom.com\/es\/wp-json\/wp\/v2\/posts\/58304","targetHints":{"allow":["GET"]}}],"collection":[{"href":"https:\/\/www.errecom.com\/es\/wp-json\/wp\/v2\/posts"}],"about":[{"href":"https:\/\/www.errecom.com\/es\/wp-json\/wp\/v2\/types\/post"}],"author":[{"embeddable":true,"href":"https:\/\/www.errecom.com\/es\/wp-json\/wp\/v2\/users\/1"}],"replies":[{"embeddable":true,"href":"https:\/\/www.errecom.com\/es\/wp-json\/wp\/v2\/comments?post=58304"}],"version-history":[{"count":4,"href":"https:\/\/www.errecom.com\/es\/wp-json\/wp\/v2\/posts\/58304\/revisions"}],"predecessor-version":[{"id":72313,"href":"https:\/\/www.errecom.com\/es\/wp-json\/wp\/v2\/posts\/58304\/revisions\/72313"}],"wp:featuredmedia":[{"embeddable":true,"href":"https:\/\/www.errecom.com\/es\/wp-json\/wp\/v2\/media\/58298"}],"wp:attachment":[{"href":"https:\/\/www.errecom.com\/es\/wp-json\/wp\/v2\/media?parent=58304"}],"wp:term":[{"taxonomy":"category","embeddable":true,"href":"https:\/\/www.errecom.com\/es\/wp-json\/wp\/v2\/categories?post=58304"},{"taxonomy":"post_tag","embeddable":true,"href":"https:\/\/www.errecom.com\/es\/wp-json\/wp\/v2\/tags?post=58304"},{"taxonomy":"yst_prominent_words","embeddable":true,"href":"https:\/\/www.errecom.com\/es\/wp-json\/wp\/v2\/yst_prominent_words?post=58304"}],"curies":[{"name":"wp","href":"https:\/\/api.w.org\/{rel}","templated":true}]}}