{"id":58245,"date":"2021-11-20T16:55:37","date_gmt":"2021-11-20T15:55:37","guid":{"rendered":"https:\/\/www.errecom.com\/?p=58245"},"modified":"2022-11-18T10:47:42","modified_gmt":"2022-11-18T09:47:42","slug":"errecom-del-lado-de-los-jovenes","status":"publish","type":"post","link":"https:\/\/www.errecom.com\/es\/errecom-del-lado-de-los-jovenes\/","title":{"rendered":"ERRECOM: del lado de los j\u00f3venes"},"content":{"rendered":"\t\t<div data-elementor-type=\"wp-post\" data-elementor-id=\"58245\" class=\"elementor elementor-58245 elementor-58223\" data-elementor-post-type=\"post\">\n\t\t\t\t\t\t<section class=\"elementor-section elementor-top-section elementor-element elementor-element-6575d6e3 elementor-section-boxed elementor-section-height-default elementor-section-height-default\" data-id=\"6575d6e3\" data-element_type=\"section\" id=\"article-head\">\n\t\t\t\t\t\t<div class=\"elementor-container elementor-column-gap-default\">\n\t\t\t\t\t<div class=\"elementor-column elementor-col-100 elementor-top-column elementor-element elementor-element-82fbec7\" data-id=\"82fbec7\" data-element_type=\"column\">\n\t\t\t<div class=\"elementor-widget-wrap elementor-element-populated\">\n\t\t\t\t\t\t<div class=\"elementor-element elementor-element-65172d4a elementor-widget elementor-widget-heading\" data-id=\"65172d4a\" data-element_type=\"widget\" data-widget_type=\"heading.default\">\n\t\t\t\t<div class=\"elementor-widget-container\">\n\t\t\t<h1 class=\"elementor-heading-title elementor-size-default\">ERRECOM: del lado de los j\u00f3venes<\/h1>\t\t<\/div>\n\t\t\t\t<\/div>\n\t\t\t\t<div class=\"elementor-element elementor-element-130f01a2 elementor-widget elementor-widget-text-editor\" data-id=\"130f01a2\" data-element_type=\"widget\" data-widget_type=\"text-editor.default\">\n\t\t\t\t<div class=\"elementor-widget-container\">\n\t\t\t\t\t\t\tEn un cuarto de los pa\u00edses del mundo, la educaci\u00f3n de millones de ni\u00f1os corre peligro de colapsar: esta es la reciente y dram\u00e1tica alarma de Save the Children que Errecom quiere subrayar hoy, con motivo del D\u00eda Mundial de los Derechos del Ni\u00f1o.\t\t\t\t\t\t<\/div>\n\t\t\t\t<\/div>\n\t\t\t\t<div class=\"elementor-element elementor-element-1db81df1 elementor-widget elementor-widget-shortcode\" data-id=\"1db81df1\" data-element_type=\"widget\" data-widget_type=\"shortcode.default\">\n\t\t\t\t<div class=\"elementor-widget-container\">\n\t\t\t\t\t<div class=\"elementor-shortcode\"><span class=\"my-reading-time\"><span class=\"my-reading-time-label\">Tiempo de lectura: <\/span><span class=\"my-reading-time-value\">3 min<\/span><\/span><\/div>\n\t\t\t\t<\/div>\n\t\t\t\t<\/div>\n\t\t\t\t\t<\/div>\n\t\t<\/div>\n\t\t\t\t\t<\/div>\n\t\t<\/section>\n\t\t\t\t<section class=\"elementor-section elementor-top-section elementor-element elementor-element-4ecc1fea elementor-section-boxed elementor-section-height-default elementor-section-height-default\" data-id=\"4ecc1fea\" data-element_type=\"section\">\n\t\t\t\t\t\t<div class=\"elementor-container elementor-column-gap-default\">\n\t\t\t\t\t<div class=\"elementor-column elementor-col-100 elementor-top-column elementor-element elementor-element-25c691c1\" data-id=\"25c691c1\" data-element_type=\"column\">\n\t\t\t<div class=\"elementor-widget-wrap elementor-element-populated\">\n\t\t\t\t\t\t<div class=\"elementor-element elementor-element-2c16fe12 elementor-widget elementor-widget-image\" data-id=\"2c16fe12\" data-element_type=\"widget\" data-widget_type=\"image.default\">\n\t\t\t\t<div class=\"elementor-widget-container\">\n\t\t\t\t\t\t\t\t\t\t\t\t\t<img fetchpriority=\"high\" decoding=\"async\" width=\"1152\" height=\"648\" src=\"https:\/\/www.errecom.com\/wp-content\/uploads\/2021\/11\/World-Childrens-Day-NEWS.png\" class=\"attachment-full size-full wp-image-58227\" alt=\"\" srcset=\"https:\/\/www.errecom.com\/wp-content\/uploads\/2021\/11\/World-Childrens-Day-NEWS.png 1152w, https:\/\/www.errecom.com\/wp-content\/uploads\/2021\/11\/World-Childrens-Day-NEWS-300x169.png 300w, https:\/\/www.errecom.com\/wp-content\/uploads\/2021\/11\/World-Childrens-Day-NEWS-1024x576.png 1024w, https:\/\/www.errecom.com\/wp-content\/uploads\/2021\/11\/World-Childrens-Day-NEWS-768x432.png 768w, https:\/\/www.errecom.com\/wp-content\/uploads\/2021\/11\/World-Childrens-Day-NEWS-100x56.png 100w\" sizes=\"(max-width: 1152px) 100vw, 1152px\" \/>\t\t\t\t\t\t\t\t\t\t\t\t\t<\/div>\n\t\t\t\t<\/div>\n\t\t\t\t\t<\/div>\n\t\t<\/div>\n\t\t\t\t\t<\/div>\n\t\t<\/section>\n\t\t\t\t<section class=\"elementor-section elementor-top-section elementor-element elementor-element-3569a15c dc-has-condition dc-condition-contains elementor-section-boxed elementor-section-height-default elementor-section-height-default\" data-id=\"3569a15c\" data-element_type=\"section\" id=\"article-body\">\n\t\t\t\t\t\t<div class=\"elementor-container elementor-column-gap-default\">\n\t\t\t\t\t<div class=\"elementor-column elementor-col-100 elementor-top-column elementor-element elementor-element-26bb906b\" data-id=\"26bb906b\" data-element_type=\"column\">\n\t\t\t<div class=\"elementor-widget-wrap elementor-element-populated\">\n\t\t\t\t\t\t<div class=\"elementor-element elementor-element-68272edc elementor-widget elementor-widget-text-editor\" data-id=\"68272edc\" data-element_type=\"widget\" data-widget_type=\"text-editor.default\">\n\t\t\t\t<div class=\"elementor-widget-container\">\n\t\t\t\t\t\t\t<p>En septiembre de este a\u00f1o se estim\u00f3 que, debido a la pandemia,\u00a0<a href=\"https:\/\/lac.savethechildren.net\/es\/la-educaci%C3%B3n-de-millones-de-ni%C3%B1os-y-ni%C3%B1as-en-una-cuarta-parte-de-los-pa%C3%ADses-del-mundo-est%C3%A1-al-borde\" target=\"_blank\" rel=\"noopener\">entre 10 y 16 millones de ni\u00f1os se habr\u00edan arriesgado a no volver nunca a la escuela<\/a>. Un dato preocupante que, sin embargo, no debe sorprendernos si tenemos en cuenta que en el \u00faltimo a\u00f1o y medio el cierre de escuelas ha afectado al 90% de los alumnos de todo el mundo y que, de estos, 1 de cada 3 no tiene acceso a las nuevas tecnolog\u00edas digitales.<\/p>\n<p>Los pa\u00edses m\u00e1s pobres parecen ser los m\u00e1s afectados, incluso si este colapso educativo afecta a todo el mundo. Solo en Italia, se estima que el 13,5% de los ni\u00f1os abandonan prematuramente la escuela: una cifra demasiado alta, representativa de un grupo de j\u00f3venes que renuncian a la posibilidad de construir un futuro acorde con sus sue\u00f1os y talentos. El riesgo que corremos es, por tanto, doble: por un lado, se est\u00e1 privando a una generaci\u00f3n ocasiones y oportunidades profesionales, por otro lado, j\u00f3venes potencialmente v\u00e1lidos se est\u00e1n separando del mundo laboral por no estar adecuadamente formados. Sin embargo, no es solo la pandemia lo que decreta la salida prematura de muchos j\u00f3venes de la escuela. Ya en 2018, en Italia, se estimaba que los j\u00f3venes no escolarizados eran 10 veces m\u00e1s altos que la fuga de cerebros: \u00ab598 mil j\u00f3venes de entre 18 y 24 a\u00f1os que abandonaron la escuela antes de tiempo frente a los 62 mil italianos que abandonan Italia para mudarse en el extranjero\u00bb.<\/p>\n<p>Entre las principales causas del abandono prematuro se encuentran las razones econ\u00f3micas pero no faltan las culturales y sociales. De hecho, ocurre con demasiada frecuencia que los j\u00f3venes se sienten perdidos y confundidos, incapaces de tomar decisiones sobre el curso de estudio a realizar y, en general, sobre su futuro.<br \/>\nElegir lo que queremos hacer por el resto de nuestras vidas: para casi nadie fue una elecci\u00f3n f\u00e1cil, y las cosas se complican a\u00fan m\u00e1s si esta evaluaci\u00f3n la hacen chicos de 17\/18 a\u00f1os o peor, de 12\/13 a\u00f1os. Necesitamos un itinerario de orientaci\u00f3n pr\u00e1ctico y eficaz, en el que los j\u00f3venes puedan tocar de primera mano las profesiones y el mundo laboral, y para esto es fundamental el establecimiento de una relaci\u00f3n de colaboraci\u00f3n continua entre escuelas y empresas.<\/p>\n<p>En este sentido, el compromiso de Errecom con la comunidad joven de la zona se concreta con jornadas de puertas abiertas en la empresa dedicadas a los colegios interesados en descubrir el mundo de la qu\u00edmica. Lo que la empresa quiere ofrecer a los j\u00f3venes es un aut\u00e9ntico viaje en el mundo laboral para mostrarles la forma en que trabajan a diario los diferentes departamentos y figuras profesionales y, en la medida de lo posible, ayudarles a esclarecer sus talentos, actitudes y pasiones. Adem\u00e1s, al participar este a\u00f1o en las jornadas de puertas abiertas de Errecom, los centros de secundaria inferior tambi\u00e9n podr\u00e1n participar en el Premio Federchimica Giovani, un concurso para los estudiantes promovido por Federchimica en colaboraci\u00f3n con el Ministero dell\u2019Istruzione italiano, que incluye como premio una tableta o un bono de 2.000 \u20ac para la compra de material educativo.<\/p>\n<p>Como dijo Nelson Mandela: \u00abLa educaci\u00f3n es el arma m\u00e1s poderosa para cambiar el mundo\u00bb y Errecom seguir\u00e1 esforz\u00e1ndose por promoverla.<\/p>\n\t\t\t\t\t\t<\/div>\n\t\t\t\t<\/div>\n\t\t\t\t\t<\/div>\n\t\t<\/div>\n\t\t\t\t\t<\/div>\n\t\t<\/section>\n\t\t\t\t<\/div>\n\t\t","protected":false},"excerpt":{"rendered":"<p>ERRECOM: del lado de los j\u00f3venes En un cuarto de los pa\u00edses del mundo, la educaci\u00f3n de millones de ni\u00f1os corre peligro de colapsar: esta es la reciente y dram\u00e1tica alarma de Save the Children que Errecom quiere subrayar hoy, con motivo del D\u00eda Mundial de los Derechos del Ni\u00f1o. En septiembre de este a\u00f1o [&hellip;]<\/p>\n <a href=\"https:\/\/www.errecom.com\/es\/errecom-del-lado-de-los-jovenes\/\" class=\"more-link\" title=\"Read More\">Leer m\u00e1s<\/a>","protected":false},"author":1,"featured_media":58233,"comment_status":"closed","ping_status":"closed","sticky":false,"template":"","format":"standard","meta":{"_acf_changed":false,"footnotes":""},"categories":[51],"tags":[],"yst_prominent_words":[],"class_list":["post-58245","post","type-post","status-publish","format-standard","has-post-thumbnail","hentry","category-dietro-le-quinte"],"acf":[],"_links":{"self":[{"href":"https:\/\/www.errecom.com\/es\/wp-json\/wp\/v2\/posts\/58245","targetHints":{"allow":["GET"]}}],"collection":[{"href":"https:\/\/www.errecom.com\/es\/wp-json\/wp\/v2\/posts"}],"about":[{"href":"https:\/\/www.errecom.com\/es\/wp-json\/wp\/v2\/types\/post"}],"author":[{"embeddable":true,"href":"https:\/\/www.errecom.com\/es\/wp-json\/wp\/v2\/users\/1"}],"replies":[{"embeddable":true,"href":"https:\/\/www.errecom.com\/es\/wp-json\/wp\/v2\/comments?post=58245"}],"version-history":[{"count":4,"href":"https:\/\/www.errecom.com\/es\/wp-json\/wp\/v2\/posts\/58245\/revisions"}],"predecessor-version":[{"id":72220,"href":"https:\/\/www.errecom.com\/es\/wp-json\/wp\/v2\/posts\/58245\/revisions\/72220"}],"wp:featuredmedia":[{"embeddable":true,"href":"https:\/\/www.errecom.com\/es\/wp-json\/wp\/v2\/media\/58233"}],"wp:attachment":[{"href":"https:\/\/www.errecom.com\/es\/wp-json\/wp\/v2\/media?parent=58245"}],"wp:term":[{"taxonomy":"category","embeddable":true,"href":"https:\/\/www.errecom.com\/es\/wp-json\/wp\/v2\/categories?post=58245"},{"taxonomy":"post_tag","embeddable":true,"href":"https:\/\/www.errecom.com\/es\/wp-json\/wp\/v2\/tags?post=58245"},{"taxonomy":"yst_prominent_words","embeddable":true,"href":"https:\/\/www.errecom.com\/es\/wp-json\/wp\/v2\/yst_prominent_words?post=58245"}],"curies":[{"name":"wp","href":"https:\/\/api.w.org\/{rel}","templated":true}]}}