{"id":57972,"date":"2021-10-31T18:59:09","date_gmt":"2021-10-31T17:59:09","guid":{"rendered":"https:\/\/www.errecom.com\/una-esperanza-para-el-futuro-del-planeta-con-cop26\/"},"modified":"2022-11-18T11:00:20","modified_gmt":"2022-11-18T10:00:20","slug":"una-esperanza-para-el-futuro-del-planeta-con-cop26","status":"publish","type":"post","link":"https:\/\/www.errecom.com\/es\/una-esperanza-para-el-futuro-del-planeta-con-cop26\/","title":{"rendered":"Una esperanza para el futuro del planeta con COP26"},"content":{"rendered":"\t\t<div data-elementor-type=\"wp-post\" data-elementor-id=\"57972\" class=\"elementor elementor-57972 elementor-57955\" data-elementor-post-type=\"post\">\n\t\t\t\t\t\t<section class=\"elementor-section elementor-top-section elementor-element elementor-element-6575d6e3 elementor-section-boxed elementor-section-height-default elementor-section-height-default\" data-id=\"6575d6e3\" data-element_type=\"section\" id=\"article-head\">\n\t\t\t\t\t\t<div class=\"elementor-container elementor-column-gap-default\">\n\t\t\t\t\t<div class=\"elementor-column elementor-col-100 elementor-top-column elementor-element elementor-element-82fbec7\" data-id=\"82fbec7\" data-element_type=\"column\">\n\t\t\t<div class=\"elementor-widget-wrap elementor-element-populated\">\n\t\t\t\t\t\t<div class=\"elementor-element elementor-element-65172d4a elementor-widget elementor-widget-heading\" data-id=\"65172d4a\" data-element_type=\"widget\" data-widget_type=\"heading.default\">\n\t\t\t\t<div class=\"elementor-widget-container\">\n\t\t\t<h1 class=\"elementor-heading-title elementor-size-default\">Una esperanza para el futuro del planeta con COP26<\/h1>\t\t<\/div>\n\t\t\t\t<\/div>\n\t\t\t\t<div class=\"elementor-element elementor-element-130f01a2 elementor-widget elementor-widget-text-editor\" data-id=\"130f01a2\" data-element_type=\"widget\" data-widget_type=\"text-editor.default\">\n\t\t\t\t<div class=\"elementor-widget-container\">\n\t\t\t\t\t\t\tEmpieza hoy la COP26: XXVI Conferencia de las Partes sobre el cambio clim\u00e1tico que continuar\u00e1 hasta el 12 de noviembre. Presidida por la primera vez en el Reino Unido a Glasgow, el evento tiene una importancia global. No solo porque participan 197 pa\u00edses que son parte de la convenci\u00f3n de las Naciones Unidas sobre el cambio clim\u00e1tico (UNFCCC), sino tambi\u00e9n por causa de la dram\u00e1tica emergencia ambiental que afecta todo el planeta.\t\t\t\t\t\t<\/div>\n\t\t\t\t<\/div>\n\t\t\t\t<div class=\"elementor-element elementor-element-1db81df1 elementor-widget elementor-widget-shortcode\" data-id=\"1db81df1\" data-element_type=\"widget\" data-widget_type=\"shortcode.default\">\n\t\t\t\t<div class=\"elementor-widget-container\">\n\t\t\t\t\t<div class=\"elementor-shortcode\"><span class=\"my-reading-time\"><span class=\"my-reading-time-label\">Tiempo de lectura: <\/span><span class=\"my-reading-time-value\">3 min<\/span><\/span><\/div>\n\t\t\t\t<\/div>\n\t\t\t\t<\/div>\n\t\t\t\t\t<\/div>\n\t\t<\/div>\n\t\t\t\t\t<\/div>\n\t\t<\/section>\n\t\t\t\t<section class=\"elementor-section elementor-top-section elementor-element elementor-element-4ecc1fea elementor-section-boxed elementor-section-height-default elementor-section-height-default\" data-id=\"4ecc1fea\" data-element_type=\"section\">\n\t\t\t\t\t\t<div class=\"elementor-container elementor-column-gap-default\">\n\t\t\t\t\t<div class=\"elementor-column elementor-col-100 elementor-top-column elementor-element elementor-element-25c691c1\" data-id=\"25c691c1\" data-element_type=\"column\">\n\t\t\t<div class=\"elementor-widget-wrap elementor-element-populated\">\n\t\t\t\t\t\t<div class=\"elementor-element elementor-element-2c16fe12 elementor-widget elementor-widget-image\" data-id=\"2c16fe12\" data-element_type=\"widget\" data-widget_type=\"image.default\">\n\t\t\t\t<div class=\"elementor-widget-container\">\n\t\t\t\t\t\t\t\t\t\t\t\t\t<img fetchpriority=\"high\" decoding=\"async\" width=\"1152\" height=\"648\" src=\"https:\/\/www.errecom.com\/wp-content\/uploads\/2021\/10\/COP-NEWS.jpg\" class=\"attachment-full size-full wp-image-57957\" alt=\"\" srcset=\"https:\/\/www.errecom.com\/wp-content\/uploads\/2021\/10\/COP-NEWS.jpg 1152w, https:\/\/www.errecom.com\/wp-content\/uploads\/2021\/10\/COP-NEWS-300x169.jpg 300w, https:\/\/www.errecom.com\/wp-content\/uploads\/2021\/10\/COP-NEWS-1024x576.jpg 1024w, https:\/\/www.errecom.com\/wp-content\/uploads\/2021\/10\/COP-NEWS-768x432.jpg 768w, https:\/\/www.errecom.com\/wp-content\/uploads\/2021\/10\/COP-NEWS-100x56.jpg 100w\" sizes=\"(max-width: 1152px) 100vw, 1152px\" \/>\t\t\t\t\t\t\t\t\t\t\t\t\t<\/div>\n\t\t\t\t<\/div>\n\t\t\t\t\t<\/div>\n\t\t<\/div>\n\t\t\t\t\t<\/div>\n\t\t<\/section>\n\t\t\t\t<section class=\"elementor-section elementor-top-section elementor-element elementor-element-3569a15c dc-has-condition dc-condition-contains elementor-section-boxed elementor-section-height-default elementor-section-height-default\" data-id=\"3569a15c\" data-element_type=\"section\" id=\"article-body\">\n\t\t\t\t\t\t<div class=\"elementor-container elementor-column-gap-default\">\n\t\t\t\t\t<div class=\"elementor-column elementor-col-100 elementor-top-column elementor-element elementor-element-26bb906b\" data-id=\"26bb906b\" data-element_type=\"column\">\n\t\t\t<div class=\"elementor-widget-wrap elementor-element-populated\">\n\t\t\t\t\t\t<div class=\"elementor-element elementor-element-68272edc elementor-widget elementor-widget-text-editor\" data-id=\"68272edc\" data-element_type=\"widget\" data-widget_type=\"text-editor.default\">\n\t\t\t\t<div class=\"elementor-widget-container\">\n\t\t\t\t\t\t\t<p>En lo especifico, a la convenci\u00f3n COP26 participan cerca de 30.000 personas: Jefes De Estado, funcionarios de las Naciones Unidas, expertos de clima, activistas, organizaciones ambientales y emprendedores con el objetivo de definir las acciones comunes a todos los pa\u00edses y organizaciones.<\/p>\n<p>Tras un a\u00f1o de stop debido a la emergencia pand\u00e9mica, la\u00a0<a href=\"https:\/\/unfccc.int\/es\/process-and-meetings\/conferences\/conferencia-sobre-el-cambio-climatico-en-glasgow\" target=\"_blank\" rel=\"noopener\">26^ Conferencia<\/a>\u00a0tiene como objetivo tambi\u00e9n recuperar no solo el tiempo perdido, sino tambi\u00e9n los valores, despu\u00e9s de la criticas obtenidas en la 25\u00b0 edici\u00f3n que se ten\u00edo en Madrid en el 2019. La conferencia pre-covid, de hecho, termin\u00f3 con nada de concluido o decidido: las negociaciones duraron mucho tiempo y no fue posible llegar a un concordado concreto sobre el tema de los mercados de carbono, aplaz\u00e1ndolo a la edici\u00f3n siguiente.<\/p>\n<p>Es natural, por tanto, que, con la delusi\u00f3n pasada, en esta edici\u00f3n la expectativa es alta, en particular en las acciones a interprender sobre la cuesti\u00f3n del calentamiento global, que parecer\u00edan tener el objetivo de limitar al aumento de las temperaturas de 1,5\u00b0C (env\u00e9s de 2\u00b0C).<\/p>\n<p>Entre los diferentes sectores que contribuyen al problema, encontramos tambi\u00e9n lo del fr\u00edo.<\/p>\n<p>Como evidenciado por Errecom en los comunicados oficiales, durante masterclass y webinar para los t\u00e9cnicos y en las conferencias en las cuales nuestros expertos han participado como relatores, la manutenci\u00f3n de los sistemas de climatizaci\u00f3n y refrigeraci\u00f3n no se puede considerar accesoria para los fines ambientales. La presencia de micro fallas, por cuanto pueda parecer imperceptible, lleva como consecuencia la reducci\u00f3n de la prestaci\u00f3n del sistema con uno desperdicio energ\u00e9tico y favorece tambi\u00e9n la salida de gas refrigerante del sistema en la atm\u00f3sfera. A menos que no se trate de uno de los gases refrigerantes m\u00e1s recientes a bajo GWP, son destructiva las consecuencias que la dispersi\u00f3n de los gases contenidos en los sistemas provoca en el efecto invernadero (en caso se trate de clorofluorocarburos) y para el calentamiento global (en lo caso de los Hidrofluorocarbonos).<\/p>\n<p>Las expectativas para el COP26 por tanto son altas: medidas decisivas, abertura al cambio, pero sobre todo la instauraci\u00f3n de un clima de colaboraci\u00f3n internacional, de manera que las empresas y lo ciudadanos puedan ser inspirados por este clima de colaboraci\u00f3n internacional. Pero ahora dejamos la palabra a los expertos.<\/p>\n\t\t\t\t\t\t<\/div>\n\t\t\t\t<\/div>\n\t\t\t\t\t<\/div>\n\t\t<\/div>\n\t\t\t\t\t<\/div>\n\t\t<\/section>\n\t\t\t\t<\/div>\n\t\t","protected":false},"excerpt":{"rendered":"<p>Una esperanza para el futuro del planeta con COP26 Empieza hoy la COP26: XXVI Conferencia de las Partes sobre el cambio clim\u00e1tico que continuar\u00e1 hasta el 12 de noviembre. Presidida por la primera vez en el Reino Unido a Glasgow, el evento tiene una importancia global. No solo porque participan 197 pa\u00edses que son parte [&hellip;]<\/p>\n <a href=\"https:\/\/www.errecom.com\/es\/una-esperanza-para-el-futuro-del-planeta-con-cop26\/\" class=\"more-link\" title=\"Read More\">Leer m\u00e1s<\/a>","protected":false},"author":1,"featured_media":57963,"comment_status":"closed","ping_status":"closed","sticky":false,"template":"","format":"standard","meta":{"_acf_changed":false,"footnotes":""},"categories":[52],"tags":[],"yst_prominent_words":[],"class_list":["post-57972","post","type-post","status-publish","format-standard","has-post-thumbnail","hentry","category-eventi"],"acf":[],"_links":{"self":[{"href":"https:\/\/www.errecom.com\/es\/wp-json\/wp\/v2\/posts\/57972","targetHints":{"allow":["GET"]}}],"collection":[{"href":"https:\/\/www.errecom.com\/es\/wp-json\/wp\/v2\/posts"}],"about":[{"href":"https:\/\/www.errecom.com\/es\/wp-json\/wp\/v2\/types\/post"}],"author":[{"embeddable":true,"href":"https:\/\/www.errecom.com\/es\/wp-json\/wp\/v2\/users\/1"}],"replies":[{"embeddable":true,"href":"https:\/\/www.errecom.com\/es\/wp-json\/wp\/v2\/comments?post=57972"}],"version-history":[{"count":4,"href":"https:\/\/www.errecom.com\/es\/wp-json\/wp\/v2\/posts\/57972\/revisions"}],"predecessor-version":[{"id":72265,"href":"https:\/\/www.errecom.com\/es\/wp-json\/wp\/v2\/posts\/57972\/revisions\/72265"}],"wp:featuredmedia":[{"embeddable":true,"href":"https:\/\/www.errecom.com\/es\/wp-json\/wp\/v2\/media\/57963"}],"wp:attachment":[{"href":"https:\/\/www.errecom.com\/es\/wp-json\/wp\/v2\/media?parent=57972"}],"wp:term":[{"taxonomy":"category","embeddable":true,"href":"https:\/\/www.errecom.com\/es\/wp-json\/wp\/v2\/categories?post=57972"},{"taxonomy":"post_tag","embeddable":true,"href":"https:\/\/www.errecom.com\/es\/wp-json\/wp\/v2\/tags?post=57972"},{"taxonomy":"yst_prominent_words","embeddable":true,"href":"https:\/\/www.errecom.com\/es\/wp-json\/wp\/v2\/yst_prominent_words?post=57972"}],"curies":[{"name":"wp","href":"https:\/\/api.w.org\/{rel}","templated":true}]}}