{"id":57915,"date":"2021-09-26T15:31:29","date_gmt":"2021-09-26T13:31:29","guid":{"rendered":"https:\/\/www.errecom.com\/idiomas-y-culturas-patrimonio-de-europa-y-de-errecom\/"},"modified":"2021-12-02T17:36:06","modified_gmt":"2021-12-02T16:36:06","slug":"idiomas-y-culturas-patrimonio-de-europa-y-de-errecom","status":"publish","type":"post","link":"https:\/\/www.errecom.com\/es\/idiomas-y-culturas-patrimonio-de-europa-y-de-errecom\/","title":{"rendered":"Idiomas y culturas: patrimonio de Europa y\u2026 \u00a1de Errecom!"},"content":{"rendered":"\t\t<div data-elementor-type=\"wp-post\" data-elementor-id=\"57915\" class=\"elementor elementor-57915 elementor-57789\" data-elementor-post-type=\"post\">\n\t\t\t\t\t\t<section class=\"elementor-section elementor-top-section elementor-element elementor-element-6575d6e3 elementor-section-boxed elementor-section-height-default elementor-section-height-default\" data-id=\"6575d6e3\" data-element_type=\"section\" id=\"article-head\">\n\t\t\t\t\t\t<div class=\"elementor-container elementor-column-gap-default\">\n\t\t\t\t\t<div class=\"elementor-column elementor-col-100 elementor-top-column elementor-element elementor-element-82fbec7\" data-id=\"82fbec7\" data-element_type=\"column\">\n\t\t\t<div class=\"elementor-widget-wrap elementor-element-populated\">\n\t\t\t\t\t\t<div class=\"elementor-element elementor-element-65172d4a elementor-widget elementor-widget-heading\" data-id=\"65172d4a\" data-element_type=\"widget\" data-widget_type=\"heading.default\">\n\t\t\t\t<div class=\"elementor-widget-container\">\n\t\t\t<h1 class=\"elementor-heading-title elementor-size-default\">Idiomas y culturas: patrimonio de Europa y\u2026 \u00a1de Errecom!<\/h1>\t\t<\/div>\n\t\t\t\t<\/div>\n\t\t\t\t<section class=\"elementor-section elementor-inner-section elementor-element elementor-element-47c1e4e elementor-section-boxed elementor-section-height-default elementor-section-height-default\" data-id=\"47c1e4e\" data-element_type=\"section\">\n\t\t\t\t\t\t<div class=\"elementor-container elementor-column-gap-default\">\n\t\t\t\t\t<div class=\"elementor-column elementor-col-50 elementor-inner-column elementor-element elementor-element-91b89f3\" data-id=\"91b89f3\" data-element_type=\"column\">\n\t\t\t<div class=\"elementor-widget-wrap elementor-element-populated\">\n\t\t\t\t\t\t<div class=\"elementor-element elementor-element-6b6a77e elementor-widget elementor-widget-image\" data-id=\"6b6a77e\" data-element_type=\"widget\" data-widget_type=\"image.default\">\n\t\t\t\t<div class=\"elementor-widget-container\">\n\t\t\t\t\t\t\t\t\t\t\t\t\t\t<a href=\"https:\/\/www.errecom.com\/wp-content\/uploads\/2021\/11\/news-768x652-1.jpeg\" data-elementor-open-lightbox=\"yes\" data-elementor-lightbox-title=\"news-768x652\" data-e-action-hash=\"#elementor-action%3Aaction%3Dlightbox%26settings%3DeyJpZCI6NTc3OTcsInVybCI6Imh0dHBzOlwvXC93d3cuZXJyZWNvbS5jb21cL3dwLWNvbnRlbnRcL3VwbG9hZHNcLzIwMjFcLzExXC9uZXdzLTc2OHg2NTItMS5qcGVnIn0%3D\">\n\t\t\t\t\t\t\t<img fetchpriority=\"high\" decoding=\"async\" width=\"768\" height=\"652\" src=\"https:\/\/www.errecom.com\/wp-content\/uploads\/2021\/11\/news-768x652-1.jpeg\" class=\"attachment-full size-full wp-image-57797\" alt=\"\" srcset=\"https:\/\/www.errecom.com\/wp-content\/uploads\/2021\/11\/news-768x652-1.jpeg 768w, https:\/\/www.errecom.com\/wp-content\/uploads\/2021\/11\/news-768x652-1-300x255.jpeg 300w, https:\/\/www.errecom.com\/wp-content\/uploads\/2021\/11\/news-768x652-1-100x85.jpeg 100w\" sizes=\"(max-width: 768px) 100vw, 768px\" \/>\t\t\t\t\t\t\t\t<\/a>\n\t\t\t\t\t\t\t\t\t\t\t\t\t<\/div>\n\t\t\t\t<\/div>\n\t\t\t\t\t<\/div>\n\t\t<\/div>\n\t\t\t\t<div class=\"elementor-column elementor-col-50 elementor-inner-column elementor-element elementor-element-0a1edbb\" data-id=\"0a1edbb\" data-element_type=\"column\">\n\t\t\t<div class=\"elementor-widget-wrap elementor-element-populated\">\n\t\t\t\t\t\t<div class=\"elementor-element elementor-element-70f85cf elementor-widget elementor-widget-text-editor\" data-id=\"70f85cf\" data-element_type=\"widget\" data-widget_type=\"text-editor.default\">\n\t\t\t\t<div class=\"elementor-widget-container\">\n\t\t\t\t\t\t\t<p>Etiquetas en 24 idiomas, fichas t\u00e9cnicas en 15. Bien diez los idiomas hablados en un nivel nativo por un personal multi\u00e9tnico y global.<\/p>\n<p>Es sin duda internacional, el clima que se respira en Errecom, porque la diversidad cultural es el punto de fuerza de la empresa para consolidar su partnership con sus clientes en m\u00e1s de 130 Pa\u00edses en el mundo.<br \/>\nUna intuici\u00f3n empresarial que ha sido capaz de acompa\u00f1ar la abertura global de los mercados y la consiguiente destrucci\u00f3n de los confines, desfrutando de las evidentes oportunidades comerciales que nacen en un mundo en el cual las distancias geogr\u00e1ficas dejan de ser un l\u00edmite.<br \/>\nDiversidad ling\u00fc\u00edstica y cultural: un valor inestimable que Errecom reconoce, celebra y premia, de d\u00eda en d\u00eda, en particular hoy, en ocasi\u00f3n del D\u00eda Europeo de las Lenguas.<\/p>\n\t\t\t\t\t\t<\/div>\n\t\t\t\t<\/div>\n\t\t\t\t\t<\/div>\n\t\t<\/div>\n\t\t\t\t\t<\/div>\n\t\t<\/section>\n\t\t\t\t<div class=\"elementor-element elementor-element-06c6e07 elementor-widget elementor-widget-spacer\" data-id=\"06c6e07\" data-element_type=\"widget\" data-widget_type=\"spacer.default\">\n\t\t\t\t<div class=\"elementor-widget-container\">\n\t\t\t\t\t<div class=\"elementor-spacer\">\n\t\t\t<div class=\"elementor-spacer-inner\"><\/div>\n\t\t<\/div>\n\t\t\t\t<\/div>\n\t\t\t\t<\/div>\n\t\t\t\t<div class=\"elementor-element elementor-element-1db81df1 elementor-widget elementor-widget-shortcode\" data-id=\"1db81df1\" data-element_type=\"widget\" data-widget_type=\"shortcode.default\">\n\t\t\t\t<div class=\"elementor-widget-container\">\n\t\t\t\t\t<div class=\"elementor-shortcode\"><span class=\"my-reading-time\"><span class=\"my-reading-time-label\">Tiempo de lectura: <\/span><span class=\"my-reading-time-value\">3 min<\/span><\/span><\/div>\n\t\t\t\t<\/div>\n\t\t\t\t<\/div>\n\t\t\t\t\t<\/div>\n\t\t<\/div>\n\t\t\t\t\t<\/div>\n\t\t<\/section>\n\t\t\t\t<section class=\"elementor-section elementor-top-section elementor-element elementor-element-4ecc1fea elementor-section-boxed elementor-section-height-default elementor-section-height-default\" data-id=\"4ecc1fea\" data-element_type=\"section\">\n\t\t\t\t\t\t<div class=\"elementor-container elementor-column-gap-default\">\n\t\t\t\t\t<div class=\"elementor-column elementor-col-100 elementor-top-column elementor-element elementor-element-25c691c1\" data-id=\"25c691c1\" data-element_type=\"column\">\n\t\t\t<div class=\"elementor-widget-wrap elementor-element-populated\">\n\t\t\t\t\t\t<div class=\"elementor-element elementor-element-edfcb53 elementor-widget elementor-widget-spacer\" data-id=\"edfcb53\" data-element_type=\"widget\" data-widget_type=\"spacer.default\">\n\t\t\t\t<div class=\"elementor-widget-container\">\n\t\t\t\t\t<div class=\"elementor-spacer\">\n\t\t\t<div class=\"elementor-spacer-inner\"><\/div>\n\t\t<\/div>\n\t\t\t\t<\/div>\n\t\t\t\t<\/div>\n\t\t\t\t<div class=\"elementor-element elementor-element-bedfb11 elementor-widget elementor-widget-text-editor\" data-id=\"bedfb11\" data-element_type=\"widget\" data-widget_type=\"text-editor.default\">\n\t\t\t\t<div class=\"elementor-widget-container\">\n\t\t\t\t\t\t\t<p>Instituida por el Consejo Europeo con el patrocinio de la Uni\u00f3n Europea, esta recurrencia naci\u00f3 en 2001 con el prop\u00f3sito de sensibilizar los diferentes pa\u00edses miembros sobre la comprensi\u00f3n intercultural y sobre la importancia de conservar el patrimonio ling\u00fc\u00edstico del cual el viejo continente jacta.<\/p>\n<p>Para citar unos n\u00fameros: 24 las lenguas habladas; 60 las aut\u00f3ctonas o minoritarias (Catalano, vasco, ecc.), difundidas entre 40 millones de personas.<\/p>\n<p>Y es en funci\u00f3n de su tutela que ha sido pensada la Carta Europea de las lenguas regionales o minoritarias: el \u00fanico tratado al mundo que protege y promueve las lenguas tradicionales de las minor\u00edas en peligro de extinci\u00f3n.<\/p>\n\t\t\t\t\t\t<\/div>\n\t\t\t\t<\/div>\n\t\t\t\t<div class=\"elementor-element elementor-element-2c16fe12 elementor-widget elementor-widget-image\" data-id=\"2c16fe12\" data-element_type=\"widget\" data-widget_type=\"image.default\">\n\t\t\t\t<div class=\"elementor-widget-container\">\n\t\t\t\t\t\t\t\t\t\t\t\t\t<img decoding=\"async\" width=\"724\" height=\"1024\" src=\"https:\/\/www.errecom.com\/wp-content\/uploads\/2021\/11\/EDL-infographic-languages-EN-724x1024-1.jpeg\" class=\"attachment-full size-full wp-image-57811\" alt=\"\" srcset=\"https:\/\/www.errecom.com\/wp-content\/uploads\/2021\/11\/EDL-infographic-languages-EN-724x1024-1.jpeg 724w, https:\/\/www.errecom.com\/wp-content\/uploads\/2021\/11\/EDL-infographic-languages-EN-724x1024-1-212x300.jpeg 212w, https:\/\/www.errecom.com\/wp-content\/uploads\/2021\/11\/EDL-infographic-languages-EN-724x1024-1-71x100.jpeg 71w\" sizes=\"(max-width: 724px) 100vw, 724px\" \/>\t\t\t\t\t\t\t\t\t\t\t\t\t<\/div>\n\t\t\t\t<\/div>\n\t\t\t\t<div class=\"elementor-element elementor-element-b606205 elementor-widget elementor-widget-text-editor\" data-id=\"b606205\" data-element_type=\"widget\" data-widget_type=\"text-editor.default\">\n\t\t\t\t<div class=\"elementor-widget-container\">\n\t\t\t\t\t\t\t<p style=\"text-align: center;\"><i>(fonte:\u00a0<a href=\"https:\/\/edl.ecml.at\/Portals\/33\/documents\/poster\/EDL-infographic-languages-EN.pdf\">sito ufficiale della Giornata Europea delle Lingue<\/a>)<\/i><\/p>\n\t\t\t\t\t\t<\/div>\n\t\t\t\t<\/div>\n\t\t\t\t\t<\/div>\n\t\t<\/div>\n\t\t\t\t\t<\/div>\n\t\t<\/section>\n\t\t\t\t<section class=\"elementor-section elementor-top-section elementor-element elementor-element-3569a15c dc-has-condition dc-condition-contains elementor-section-boxed elementor-section-height-default elementor-section-height-default\" data-id=\"3569a15c\" data-element_type=\"section\" id=\"article-body\">\n\t\t\t\t\t\t<div class=\"elementor-container elementor-column-gap-default\">\n\t\t\t\t\t<div class=\"elementor-column elementor-col-100 elementor-top-column elementor-element elementor-element-26bb906b\" data-id=\"26bb906b\" data-element_type=\"column\">\n\t\t\t<div class=\"elementor-widget-wrap elementor-element-populated\">\n\t\t\t\t\t\t<div class=\"elementor-element elementor-element-68272edc elementor-widget elementor-widget-text-editor\" data-id=\"68272edc\" data-element_type=\"widget\" data-widget_type=\"text-editor.default\">\n\t\t\t\t<div class=\"elementor-widget-container\">\n\t\t\t\t\t\t\t<p>En seguida algunos de los datos m\u00e1s interesantes que la infogr\u00e1fica nos presenta:<\/p>\n<ul>\n<li style=\"list-style-type: none;\">\n<ul>\n<li>M\u00e1s de la mitad de la poblaci\u00f3n europea es biling\u00fce.<\/li>\n<\/ul>\n<\/li>\n<\/ul>\n<p>&nbsp;<\/p>\n<ul>\n<li style=\"list-style-type: none;\">\n<ul>\n<li>Los cincos idiomas m\u00e1s hablados por la mayor\u00eda de las personas en Europa son el ruso, el alem\u00e1n, el franc\u00e9s, el ingl\u00e9s y el turco. El italiano se posiciona como sexto.<\/li>\n<\/ul>\n<\/li>\n<\/ul>\n<p>&nbsp;<\/p>\n<ul>\n<li style=\"list-style-type: none;\">\n<ul>\n<li>Ha sido estimado que cada lengua est\u00e1 compuesta por al menos 50.000 palabras, aunque tendencialmente los hablantes nativos conocen entre las 15.000 y las 20.000 palabras y utilizan solo unos pocos cientos.<\/li>\n<\/ul>\n<\/li>\n<\/ul>\n<p>&nbsp;<\/p>\n<ul>\n<li style=\"list-style-type: none;\">\n<ul>\n<li>Estudios recientes han demostrado que estudiar una segunda lengua puede alejar en promedio de 4-5 a\u00f1os la aparici\u00f3n de la demencia senil.<\/li>\n<\/ul>\n<\/li>\n<\/ul>\n<p>La coexistencia de diferentes culturas, idiomas y tradiciones es un elemento cardinal de Europa, una condici\u00f3n que ha contribuido a definir en los a\u00f1os la historia pol\u00edtica y social. No deber\u00eda sorprender, por eso, esta tenaz voluntad de proteger el multiling\u00fcismo. Con los proyectos Erasmus y Leonardo da Vinci y mucho m\u00e1s, Europa es entre las realidades mundiales que m\u00e1s invierte en la promoci\u00f3n del aprendizaje de las lenguas entre los ciudadanos de los diferentes Pa\u00edses con el objetivo de promover la econom\u00eda y la movilidad de los trabajadores. Esta orientaci\u00f3n inclusiva y global ha inevitablemente influido sobre la actitud estrat\u00e9gica de Errecom, nacida y crecida en un continente en el cual los acentos, las actitudes y los diferentes modelos de business se encuentran, tratando de entenderse y suportarse. Como en Europa, tambi\u00e9n se aplica una regla a Errecom. Aqu\u00ed las diferentes culturas no solo conviven, sino que se mezclan y se apoyan, en un maravilloso intercambio continuo que genera valor para el mercado y los clientes, pero sobre todo para el futuro.<\/p>\n\t\t\t\t\t\t<\/div>\n\t\t\t\t<\/div>\n\t\t\t\t\t<\/div>\n\t\t<\/div>\n\t\t\t\t\t<\/div>\n\t\t<\/section>\n\t\t\t\t<\/div>\n\t\t","protected":false},"excerpt":{"rendered":"<p>Idiomas y culturas: patrimonio de Europa y\u2026 \u00a1de Errecom! Etiquetas en 24 idiomas, fichas t\u00e9cnicas en 15. Bien diez los idiomas hablados en un nivel nativo por un personal multi\u00e9tnico y global. Es sin duda internacional, el clima que se respira en Errecom, porque la diversidad cultural es el punto de fuerza de la empresa [&hellip;]<\/p>\n <a href=\"https:\/\/www.errecom.com\/es\/idiomas-y-culturas-patrimonio-de-europa-y-de-errecom\/\" class=\"more-link\" title=\"Read More\">Leer m\u00e1s<\/a>","protected":false},"author":1,"featured_media":57847,"comment_status":"closed","ping_status":"open","sticky":false,"template":"","format":"standard","meta":{"_acf_changed":false,"footnotes":""},"categories":[96,145],"tags":[],"yst_prominent_words":[],"class_list":["post-57915","post","type-post","status-publish","format-standard","has-post-thumbnail","hentry","category-eventos","category-sanificacion-cabinas-y-sistemas-a-a-vehiculos"],"acf":[],"_links":{"self":[{"href":"https:\/\/www.errecom.com\/es\/wp-json\/wp\/v2\/posts\/57915","targetHints":{"allow":["GET"]}}],"collection":[{"href":"https:\/\/www.errecom.com\/es\/wp-json\/wp\/v2\/posts"}],"about":[{"href":"https:\/\/www.errecom.com\/es\/wp-json\/wp\/v2\/types\/post"}],"author":[{"embeddable":true,"href":"https:\/\/www.errecom.com\/es\/wp-json\/wp\/v2\/users\/1"}],"replies":[{"embeddable":true,"href":"https:\/\/www.errecom.com\/es\/wp-json\/wp\/v2\/comments?post=57915"}],"version-history":[{"count":5,"href":"https:\/\/www.errecom.com\/es\/wp-json\/wp\/v2\/posts\/57915\/revisions"}],"predecessor-version":[{"id":58320,"href":"https:\/\/www.errecom.com\/es\/wp-json\/wp\/v2\/posts\/57915\/revisions\/58320"}],"wp:featuredmedia":[{"embeddable":true,"href":"https:\/\/www.errecom.com\/es\/wp-json\/wp\/v2\/media\/57847"}],"wp:attachment":[{"href":"https:\/\/www.errecom.com\/es\/wp-json\/wp\/v2\/media?parent=57915"}],"wp:term":[{"taxonomy":"category","embeddable":true,"href":"https:\/\/www.errecom.com\/es\/wp-json\/wp\/v2\/categories?post=57915"},{"taxonomy":"post_tag","embeddable":true,"href":"https:\/\/www.errecom.com\/es\/wp-json\/wp\/v2\/tags?post=57915"},{"taxonomy":"yst_prominent_words","embeddable":true,"href":"https:\/\/www.errecom.com\/es\/wp-json\/wp\/v2\/yst_prominent_words?post=57915"}],"curies":[{"name":"wp","href":"https:\/\/api.w.org\/{rel}","templated":true}]}}