{"id":50362,"date":"2020-10-23T18:00:18","date_gmt":"2020-10-23T16:00:18","guid":{"rendered":"https:\/\/www.errecom.com\/?p=50362"},"modified":"2022-01-10T16:35:55","modified_gmt":"2022-01-10T15:35:55","slug":"luca-ronga-presidente-y-fundador-de-errecom-spa","status":"publish","type":"post","link":"https:\/\/www.errecom.com\/es\/luca-ronga-presidente-y-fundador-de-errecom-spa\/","title":{"rendered":"Luca Ronga: Presidente y Fundador de Errecom Spa"},"content":{"rendered":"\t\t<div data-elementor-type=\"wp-post\" data-elementor-id=\"50362\" class=\"elementor elementor-50362 elementor-15699\" data-elementor-post-type=\"post\">\n\t\t\t\t\t\t<section class=\"elementor-section elementor-top-section elementor-element elementor-element-19f5eb80 elementor-section-boxed elementor-section-height-default elementor-section-height-default\" data-id=\"19f5eb80\" data-element_type=\"section\" id=\"article-head\">\n\t\t\t\t\t\t<div class=\"elementor-container elementor-column-gap-default\">\n\t\t\t\t\t<div class=\"elementor-column elementor-col-100 elementor-top-column elementor-element elementor-element-a4aacac\" data-id=\"a4aacac\" data-element_type=\"column\">\n\t\t\t<div class=\"elementor-widget-wrap elementor-element-populated\">\n\t\t\t\t\t\t<div class=\"elementor-element elementor-element-1f24d1af elementor-hidden-desktop elementor-hidden-tablet elementor-hidden-phone elementor-widget elementor-widget-html\" data-id=\"1f24d1af\" data-element_type=\"widget\" data-widget_type=\"html.default\">\n\t\t\t\t<div class=\"elementor-widget-container\">\n\t\t\tQueremos empezar a revelar los rostros de las personas que trabajan en Errecom con pasi\u00f3n y profesionalismo para dar ... &nbsp;\t\t<\/div>\n\t\t\t\t<\/div>\n\t\t\t\t<div class=\"elementor-element elementor-element-1bc76942 elementor-widget elementor-widget-heading\" data-id=\"1bc76942\" data-element_type=\"widget\" data-widget_type=\"heading.default\">\n\t\t\t\t<div class=\"elementor-widget-container\">\n\t\t\t<h1 class=\"elementor-heading-title elementor-size-default\">Luca Ronga: Presidente y Fundador de Errecom Spa<\/h1>\t\t<\/div>\n\t\t\t\t<\/div>\n\t\t\t\t<div class=\"elementor-element elementor-element-2ecb7eba elementor-widget-divider--view-line elementor-widget elementor-widget-divider\" data-id=\"2ecb7eba\" data-element_type=\"widget\" data-widget_type=\"divider.default\">\n\t\t\t\t<div class=\"elementor-widget-container\">\n\t\t\t\t\t<div class=\"elementor-divider\">\n\t\t\t<span class=\"elementor-divider-separator\">\n\t\t\t\t\t\t<\/span>\n\t\t<\/div>\n\t\t\t\t<\/div>\n\t\t\t\t<\/div>\n\t\t\t\t<div class=\"elementor-element elementor-element-6f3d9a61 elementor-widget elementor-widget-text-editor\" data-id=\"6f3d9a61\" data-element_type=\"widget\" data-widget_type=\"text-editor.default\">\n\t\t\t\t<div class=\"elementor-widget-container\">\n\t\t\t\t\t\t\t<p>Queremos empezar a revelar los rostros de las personas que trabajan en Errecom con pasi\u00f3n y profesionalismo para dar respuestas oportunas a las necesidades de los clientes, a la luz de las nuevas necesidades y requerimientos que el mercado y el contexto imponen. Lo hacemos con la herramienta de entrevistas, ansiosos por presentar a las personas que hacen de Errecom una excelencia italiana conocida incluso m\u00e1s all\u00e1 de las estrechas fronteras nacionales. Pocas preguntas, unas relacionadas con el \u00e1mbito personal y otras con la dimensi\u00f3n profesional, dise\u00f1adas para revelar qui\u00e9nes son las personas que, con pasi\u00f3n y compromiso, trabajan cada d\u00eda en Errecom.<\/p>\t\t\t\t\t\t<\/div>\n\t\t\t\t<\/div>\n\t\t\t\t<div class=\"elementor-element elementor-element-461c6d9 elementor-widget elementor-widget-shortcode\" data-id=\"461c6d9\" data-element_type=\"widget\" data-widget_type=\"shortcode.default\">\n\t\t\t\t<div class=\"elementor-widget-container\">\n\t\t\t\t\t<div class=\"elementor-shortcode\"><span class=\"my-reading-time\"><span class=\"my-reading-time-label\">Tiempo de lectura: <\/span><span class=\"my-reading-time-value\">16 min<\/span><\/span><\/div>\n\t\t\t\t<\/div>\n\t\t\t\t<\/div>\n\t\t\t\t\t<\/div>\n\t\t<\/div>\n\t\t\t\t\t<\/div>\n\t\t<\/section>\n\t\t\t\t<section class=\"elementor-section elementor-top-section elementor-element elementor-element-1c26ebb8 elementor-section-boxed elementor-section-height-default elementor-section-height-default\" data-id=\"1c26ebb8\" data-element_type=\"section\">\n\t\t\t\t\t\t<div class=\"elementor-container elementor-column-gap-default\">\n\t\t\t\t\t<div class=\"elementor-column elementor-col-100 elementor-top-column elementor-element elementor-element-55246db6\" data-id=\"55246db6\" data-element_type=\"column\">\n\t\t\t<div class=\"elementor-widget-wrap elementor-element-populated\">\n\t\t\t\t\t\t<div class=\"elementor-element elementor-element-62eeeb9d elementor-widget elementor-widget-image\" data-id=\"62eeeb9d\" data-element_type=\"widget\" data-widget_type=\"image.default\">\n\t\t\t\t<div class=\"elementor-widget-container\">\n\t\t\t\t\t\t\t\t\t\t\t\t\t<img fetchpriority=\"high\" decoding=\"async\" width=\"1152\" height=\"648\" src=\"https:\/\/www.errecom.com\/wp-content\/uploads\/2020\/10\/article-intervista-lr.jpg\" class=\"attachment-full size-full wp-image-15707\" alt=\"\" srcset=\"https:\/\/www.errecom.com\/wp-content\/uploads\/2020\/10\/article-intervista-lr.jpg 1152w, https:\/\/www.errecom.com\/wp-content\/uploads\/2020\/10\/article-intervista-lr-300x169.jpg 300w, https:\/\/www.errecom.com\/wp-content\/uploads\/2020\/10\/article-intervista-lr-1024x576.jpg 1024w, https:\/\/www.errecom.com\/wp-content\/uploads\/2020\/10\/article-intervista-lr-768x432.jpg 768w\" sizes=\"(max-width: 1152px) 100vw, 1152px\" \/>\t\t\t\t\t\t\t\t\t\t\t\t\t<\/div>\n\t\t\t\t<\/div>\n\t\t\t\t\t<\/div>\n\t\t<\/div>\n\t\t\t\t\t<\/div>\n\t\t<\/section>\n\t\t\t\t<section class=\"elementor-section elementor-top-section elementor-element elementor-element-69102093 elementor-section-boxed elementor-section-height-default elementor-section-height-default\" data-id=\"69102093\" data-element_type=\"section\" id=\"article-body\">\n\t\t\t\t\t\t<div class=\"elementor-container elementor-column-gap-default\">\n\t\t\t\t\t<div class=\"elementor-column elementor-col-100 elementor-top-column elementor-element elementor-element-5668bdbd\" data-id=\"5668bdbd\" data-element_type=\"column\">\n\t\t\t<div class=\"elementor-widget-wrap elementor-element-populated\">\n\t\t\t\t\t\t<div class=\"elementor-element elementor-element-3b495d97 elementor-widget elementor-widget-text-editor\" data-id=\"3b495d97\" data-element_type=\"widget\" data-widget_type=\"text-editor.default\">\n\t\t\t\t<div class=\"elementor-widget-container\">\n\t\t\t\t\t\t\t<p><em>\u201cLas ideas y los proyectos caminan sobre las piernas de las personas\u201d, dec\u00edan. \u00a1Y todav\u00eda lo decimos! Es precisamente con esta convicci\u00f3n que sentimos el fuerte deseo de darnos a conocer, en nuestro rostro y en nuestra mirada, con nuestras convicciones y con nuestros deseos.<\/em><\/p><p>Empecemos a hacerlo hoy, con esta primera entrevista que solo podr\u00eda estar dirigida a Luca Ronga, Presidente y fundador de Errecom Spa, ya que en estos d\u00edas celebra su quincuag\u00e9simo cumplea\u00f1os. \u00bfQu\u00e9 mejor pretexto para empezar a deciros qui\u00e9n es Errecom y qui\u00e9nes son las personas que trabajan en Errecom?<\/p><h2>\u00a0<\/h2><h2><strong>Como dir\u00eda Littizzetto, c\u00f3mica italiana, cumplir 50 a\u00f1os no es algo cotidiano. \u00bfQu\u00e9 efecto tiene en ti? \u00bfC\u00f3mo se siente haber cruzado medio siglo de vida y haber alcanzado objetivos importantes tambi\u00e9n en la vida profesional y laboral?<\/strong><\/h2><p>En primer lugar, quiero aclarar que a\u00fan no he cumplido los 50 &#8230; quedan unos d\u00edas. Creo que en la vida no hay metas sino llegadas de etapas. Nuevos puntos de partida, cada vez m\u00e1s ambiciosos y estimulantes que te animan a no parar nunca, a seguir adelante con las ganas y la ilusi\u00f3n de saber c\u00f3mo continuar\u00e1 tu viaje. Despu\u00e9s de todo, hoy estoy aqu\u00ed tambi\u00e9n por casualidad: si pienso en mi comienzo como comerciante de neum\u00e1ticos, comenc\u00e9 esta aventura vendiendo anillos t\u00f3ricos y termin\u00e9 como qu\u00edmico, \u00a1realmente creo que todav\u00eda puedo hacer cualquier cosa!<\/p><h2>\u00a0<\/h2><h2>La edad de 50 a\u00f1os es una etapa importante en la vida de un hombre, incluso si en tu caso tenemos la impresi\u00f3n de que es solo un nuevo punto de partida para ti para otras apuestas y nuevos desaf\u00edos. \u00bfEstamos adivinando?<\/h2><p>Definitivamente s\u00ed, lo est\u00e1is adivinando. Cada vez que cruzo el umbral de la empresa tengo una nueva idea en mente, un nuevo proyecto, un nuevo objetivo. Para la buena suerte, no puedo anticipar nada, aunque si pronto vais a ver algunas ideas realizadas.<br \/>Pues vamos, os puedo decir una cosa: en 2021 estar\u00e1 operativa Errecom Middle East, una nueva sucursal de Errecom en la zona franca de Dubai, que junto con la de Miami nos permitir\u00e1 estar a\u00fan m\u00e1s cerca de los mercados del hemisferio sur. Ofreceremos un servicio a\u00fan mejor a nuestros socios y a nuestros clientes de Australia, Nueva Zelanda, Malasia, Sud\u00e1frica, etc. que podr\u00e1n ver los tiempos de entrega de nuestros productos reducidos a la mitad, lo que les permitir\u00e1 aumentar su negocio a\u00fan m\u00e1s aprovechando las oportunidades que hoy, con la entrega m\u00e1s larga, no podemos manejar. La reciente inclusi\u00f3n de una nueva figura comercial de lengua materna \u00e1rabe es parte de este proyecto.<br \/>Tambi\u00e9n tengo otros desaf\u00edos en mente que van m\u00e1s all\u00e1 del contexto laboral actual, pero estos son realmente top secret. Aplicar\u00e9 mi modelo de locura emprendedora a otros proyectos porque en el fondo disfruto y creo que no hay nada m\u00e1s bonito que redescubrir cada d\u00eda una fuente de diversi\u00f3n en tu trabajo. \u00a1Lo garantizo, veremos algunos buenos!<\/p><h2>En la vida profesional y laboral, \u00bfde qu\u00e9 est\u00e1s m\u00e1s orgulloso? \u00bfCu\u00e1les son los resultados m\u00e1s importantes que crees que has logrado hasta hoy? \u00bfHay algo que a\u00fan no has logrado a nivel empresarial y que tengas como objetivo para el futuro?<\/h2><p>Lo que m\u00e1s quer\u00eda era construir un Brand reconocido porque para m\u00ed el business es un brand, no es ganar dinero. Si sabes como administrar un buen business, se generan las ganancias. Pero construir un Brand es algo m\u00e1s. Hoy Errecom es una Brand reconocido a nivel mundial y esto tambi\u00e9n es gracias al importante trabajo de marketing que hemos realizado con perseverancia y determinaci\u00f3n en los \u00faltimos a\u00f1os. Puedo confirmar con orgullo que si hablas del mundo de los selladores de fugas para la reparaci\u00f3n de fugas de gas refrigerante de los sistemas de aire acondicionado y refrigeraci\u00f3n, hoy es made in Errecom.<\/p><p>Errecom es la liebre, el modelo que imitar. El mercado espera de nosotros la nueva idea, la soluci\u00f3n al problema, el punto de ruptura. \u00a1Y trabajamos todos los d\u00edas para estar siempre un paso adelante (o incluso dos o tres)!<br \/>Tengo que confiar una cosa: hacer lo que hago todos los d\u00edas me divierte mucho. Y creo que no hay nada m\u00e1s hermoso, m\u00e1s inspirador y mejor fuente de energ\u00eda creativa que esto.<br \/>La otra cosa que realmente me importa es la formaci\u00f3n. El mercado sigue siendo muy esc\u00e9ptico sobre el uso de algunos de nuestros productos. No los usan porque no los conocen, no saben c\u00f3mo funcionan, se han quemado por experiencias negativas con otros productos del mercado y por eso tienen miedo de insertarlos en sistemas AA \/ R. Estamos trabajando duro en este aspecto a trav\u00e9s de webinars, tutoriales, manuales, colaboraciones con fabricantes de compresores o sistemas de aire acondicionado y refrigeraci\u00f3n que aprueban el uso de nuestros productos en sus sistemas, garantizando su calidad y resultados. Pero es un proceso largo que requiere perseverancia, competencia y paciencia para obtener peque\u00f1os resultados porque hay que socavar el escepticismo y desacreditar los t\u00f3picos. Por ello, uno de los proyectos que pronto ver\u00e1 la luz es Errecom Academy con la posibilidad de ofrecer a los t\u00e9cnicos y a nuestros socios comerciales venir directamente a la empresa, seguir un curso de formaci\u00f3n con nuestros expertos y obtener por la fuente toda la informaci\u00f3n referida que necesitan para gastar luego su profesionalismo en el mercado creando m\u00e1s valor agregado.<\/p><p>Entonces todav\u00eda quedan muchas cosas que hacer. Por ejemplo, me gustar\u00eda poder crear una empresa a\u00fan m\u00e1s humana para permitir que mis colaboradores trabajen con total serenidad. Estoy pensando en una nursery para madres y padres que tienen que organizarse cada d\u00eda en la gesti\u00f3n de los m\u00e1s peque\u00f1os, un gym donde pasar parte de la pausa de la comida, un comedor donde encontrar comida de calidad. Hasta ahora siguen siendo proyectos por falta de espacio, pero espero poder realizarlos pronto.<br \/>Sabemos que una de las frases que repites de vez en cuando es: \u00abNo hay una segunda oportunidad para dar una buena primera impresi\u00f3n\u00bb. Esto revela lo fundamental que consideras ser cre\u00edble de inmediato. \u00bfEs eso as\u00ed? Todo esto tambi\u00e9n tiene que ver con el imperativo de dar de inmediato la respuesta adecuada a la necesidad del cliente, est\u00e1s de acuerdo?<br \/>Esta frase es fundamental para m\u00ed. Es un mantra que ahora me pertenece. Me lo cont\u00f3 por primera vez hace m\u00e1s de diez a\u00f1os una persona que hab\u00eda venido a Errecom para presentar un proyecto. Durante este encuentro qued\u00e9 tan impresionado por su carisma que se lo dije y \u00e9l, en respuesta, respondi\u00f3: \u00ab\u00bfSabes por qu\u00e9 te asombr\u00e9? Porque no hay una segunda oportunidad para dar una buena primera impresi\u00f3n \u00ab. \u00c9l ten\u00eda raz\u00f3n. Muchas veces subestimamos este aspecto que en cambio vivimos todos los d\u00edas, no solo en los negocios. Si vas a un restaurante y no te sorprende, no vuelves. Si conoces a alguien que no es cre\u00edble, dif\u00edcilmente compartir\u00e1s algo con \u00e9l.<br \/>Y lo mismo ocurre en los negocios. Cuando te presentas por primera vez a un cliente, tienes que ser cre\u00edble de inmediato para que te escuchen. No puedes ser cre\u00edble la pr\u00f3xima vez porque no tendr\u00e1s una vez siguiente.<br \/>A menudo repito esto tambi\u00e9n durante las entrevistas de trabajo. Tienes que jugarlo todo en ese momento. Aqu\u00ed y ahora. Y me enfada cuando veo que los j\u00f3venes a menudo carecen de esta conciencia, esta determinaci\u00f3n de ir directamente a la meta.<br \/>Cuando todav\u00eda estaba al comienzo de mi carrera empresarial, en 1997, logr\u00e9 a conseguir una cita con el gerente de W\u00fcrth. Quer\u00eda venderle mis o\u2019rings. Sab\u00eda que no pod\u00eda equivocarme porque nunca tendr\u00eda otra oportunidad de despertar su inter\u00e9s de nuevo. Solo tuve un disparo y con ese disparo tuve que dar en el blanco. Despu\u00e9s de la cita, no sab\u00eda c\u00f3mo hab\u00eda ido. Sin embargo, despu\u00e9s de unos meses, son\u00f3 mi tel\u00e9fono y fue \u00e9l quien hizo su primer pedido. Hab\u00eda dado en el blanco.<\/p><p>Conocemos tu obsesiva atenci\u00f3n al detalle, tanto en la vida privada como en la empresa. Desde el c\u00e9sped siempre cortado como una alfombra frente a la sede de Errecom hasta el empaque de los productos, desde el uniforme que usan los chicos en producci\u00f3n hasta el piso blanco del almac\u00e9n, hasta la se\u00f1ora de la limpieza que pasa y recorre las oficinas varias veces durante el mismo d\u00eda. No es solo una cuesti\u00f3n de est\u00e9tica, \u00bfverdad?<\/p><p>S\u00ed, no es solo una cuesti\u00f3n de est\u00e9tica. Soy man\u00edaco porque para m\u00ed el desorden, la suciedad, la descoordinaci\u00f3n reflejan un desequilibrio interior mientras que el orden, la limpieza, el detalle justo en el lugar correcto son sin\u00f3nimo de equilibrio. Tal y como soy. Incluso en casa nunca me encontrar\u00e1s descuidado o despeinado. Si es as\u00ed, empieza a preocuparte porque significa que tengo algunos problemas.<\/p><p>El mismo concepto se aplica tambi\u00e9n a la empresa. Si todo est\u00e1 en orden, significa que todo est\u00e1 bien, que hay equilibrio y eso aporta serenidad tanto a quienes pasan la mayor parte del d\u00eda en compa\u00f1\u00eda como a quienes son acogidos por un tiempo m\u00e1s corto. Y por eso tambi\u00e9n en Errecom soy obsesiva y espero que haya limpieza, orden y belleza, siempre.<\/p><p>Al ingresar a Errecom por primera vez, hay varias cosas que impresionan a los visitantes adem\u00e1s de los productos y servicios. Los ba\u00f1os son muy elegantes y siempre muy limpios: con el hilo musical en la antesala para lavarse las manos, recuerdan el ba\u00f1o de un centro de bienestar. Incluso la zona de relax frente a las cafeteras &#8230; con estas suaves luces LED y ese elegante sof\u00e1 &#8230; No son fruto de la casualidad, \u00bfdecimos bien?<\/p><p>\u00bfEst\u00e1s realmente sorprendido? Me complace. Nada es casualidad. La zona de relax, por ejemplo, la dise\u00f1\u00e9 as\u00ed porque es una zona de descompresi\u00f3n donde mis empleados deben encontrar un espacio c\u00f3modo en el que desenchufarse, aunque sea solo por unos minutos del frenes\u00ed del trabajo. Y esto no ser\u00eda posible en un entorno con luces brillantes o con un asiento r\u00edgido.<\/p><p>Es cierto que hay atenci\u00f3n al detalle tambi\u00e9n en los ba\u00f1os en mi opini\u00f3n, para que percibamos la atenci\u00f3n con la que nuestros colaboradores, nuestros clientes y nuestros proveedores merecen ser acompa\u00f1ados en todos los lugares de la empresa.<\/p><p>Este es mi estilo de vida y creo que es correcto que aquellos que me apoyan y tienen mi confianza disfruten del mismo est\u00e1ndar y se sientan bienvenidos. Y espero que esto se agradezca. Todav\u00eda no es exactamente como me gustar\u00eda, pero ahora, con la introducci\u00f3n del perfume, hemos aumentado a\u00fan m\u00e1s la comodidad.<\/p><p>Hablando de bienestar y salud: la pandemia que estall\u00f3 en febrero puso a prueba a todos, tanto en la dimensi\u00f3n humana como en el \u00e1mbito laboral. Errecom nunca par\u00f3, tambi\u00e9n porque al contar con un laboratorio qu\u00edmico y un centro interno de Investigaci\u00f3n y Desarrollo, pudo continuar produciendo desinfectantes y abasteciendo al mercado con desinfectantes. \u00bfC\u00f3mo ha impactado el coronavirus a la empresa? \u00bfQu\u00e9 ha aportado en t\u00e9rminos de cambio?<\/p><p>La emergencia sanitaria que hemos vivido y que en parte todav\u00eda vivimos nos ha permitido demostrarnos a nosotros mismos y al mercado lo que significan las palabras flexibilidad, dinamismo, apetito por el riesgo y previsi\u00f3n que suelen aparecer en las presentaciones de las empresas.<\/p><p>Tambi\u00e9n formulamos y producimos productos para la higienizaci\u00f3n de superficies y ambientes y cuando estall\u00f3 la emergencia reconoc\u00ed la oportunidad del business y al mismo tiempo me alegr\u00e9 de poner la empresa al servicio de la creciente demanda de estos productos, tomando sobre m\u00ed personalmente todos los riesgos de un \u00abavance a toda velocidad\u00bb. Hasta el cierre, esta producci\u00f3n era marginal para nosotros.<\/p><p>En febrero decid\u00ed convertir las l\u00edneas de producci\u00f3n para maximizar esta producci\u00f3n. As\u00ed, ante la ausencia total de pautas claras, defin\u00ed un estricto protocolo interno y asegur\u00e9 a la empresa y a mis colaboradores equip\u00e1ndolos con mascarillas, sanitizantes, desinfectantes, reglas de conducta y pruebas serol\u00f3gicas quincenales gratuitas. No niego que al principio la tensi\u00f3n era realmente alta porque la gente estaba asustada por este virus y por la falta de informaci\u00f3n confiable.<\/p><p>Luego, sin embargo, el equipo se compacta y gracias a mi testarudez y la profesionalidad y determinaci\u00f3n de cada uno, no solo nunca cerramos y permitimos que las empresas de nuestras industrias relacionadas siguieran trabajando sino que incluso logramos una rotaci\u00f3n superior a la esperada y adem\u00e1s las ventas online se han disparado.<\/p><p>Nuestros higienizantes y desinfectantes han abastecido los pasillos de hospitales y hogares de ancianos, han desinfectado los hogares y los sistemas de aire acondicionado de miles de personas, y han permitido a los gerentes de tiendas, restaurantes y bares reabrir sus puertas. Compartimos las dificultades de las realidades locales y donamos nuestros productos a voluntarios, oratorios, parroquias y municipios.<\/p><p>Hemos trabajado con abnegaci\u00f3n y ritmo fren\u00e9tico, haciendo malabares entre las dificultades aduaneras y las paradas de transporte. Hemos creado nuevos productos, modificado nuestra comunicaci\u00f3n, aumentado nuestros servicios online. Hemos sido socios fieles y presentes de nuestros distribuidores. Hemos realizado seminarios web y cursos de formaci\u00f3n para explicar mejor c\u00f3mo utilizar nuestros productos. Hemos colaborado con asociaciones y especialistas. Fue una locura pero salimos victoriosos y una vez m\u00e1s se copi\u00f3 nuestro modelo.<\/p><p>Sabemos que tu hija se llama Anna y que est\u00e1s muy ligado a ella. Sabemos que naci\u00f3 el 12\/12\/12. Le dedicaste la nueva l\u00ednea de fragancias para el hogar que creaste, relacionada con el marketing olfativo que quer\u00edas bautizar Anna Twelve. \u00bfPuedes contarnos algo m\u00e1s? No es solo el n\u00famero 12 quien te sugiri\u00f3 esta opci\u00f3n, \u00bfverdad?<\/p><p>Decir que estoy ligado a Anna es reductivo. Estoy locamente enamorado de mi hija. Ella me ense\u00f1\u00f3 la forma m\u00e1s pura e inmensa del amor: el de un padre. Mi mayor deseo es ser parte de su vida durante el mayor tiempo posible. Entonces me pregunt\u00e9: \u00ab\u00bfC\u00f3mo puedo dejarle un recuerdo imborrable de mi amor que va m\u00e1s all\u00e1 de mi tiempo?\u00bb Y mi respuesta fue dedicarle Anna Twelve, la marca de fragancias para el hogar que realic\u00e9, pensando que alg\u00fan d\u00eda, cuando tal vez ella est\u00e9 sentada en mi lugar (si quiere) a una pregunta sobre este brand contestar\u00e1: \u00abMi padre, Luca Ronga, decidi\u00f3 dedicarme\u2026 \u00ab.<br \/>Creo firmemente en esta marca y har\u00e9 todo lo posible para hacerla crecer y transformarla en un regalo \u00fanico y precioso para darle a Anna cuando alcance la mayor\u00eda de edad. Entonces ser\u00e1 suyo y ella decidir\u00e1 qu\u00e9 hacer con \u00e9l.<\/p><h2>\u00a0<\/h2><h2>Otra cosa que sabemos que te importa mucho es el Medio Ambiente. Sabemos que eres un gran aficionado a la sostenibilidad medioambiental, el reciclaje, etc. \u00bfC\u00f3mo se traduce todo esto en su empresa? \u00bfPuede promover estos valores suyos tambi\u00e9n dentro de Errecom?<\/h2><p>La sostenibilidad medioambiental es uno de los valores fundamentales de Errecom y se puede ver tanto en peque\u00f1os gestos diarios como en decisiones estrat\u00e9gicas. En las oficinas, por ejemplo, solo se imprime cuando es absolutamente necesario y el papel se reutiliza. Los residuos se separan. Casi hemos completado la sustituci\u00f3n de los envases de pl\u00e1stico por cart\u00f3n reciclado y todos los productos nuevos tienen envases respetuosos con el medio ambiente. En la formulaci\u00f3n de nuestros productos se utilizan cada vez m\u00e1s materias primas biodegradables o de bajo impacto ambiental. En nuestros patios est\u00e1n instaladas las columnas para la carga de coches el\u00e9ctricos, etc.<\/p><p>Sin olvidar que el producto estrella de Errecom es Extreme Ultra, el sellador de fugas para la reparaci\u00f3n de fugas de gas refrigerante de los sistemas de aire acondicionado y refrigeraci\u00f3n, una de las principales causas del efecto invernadero, y que todos los productos Errecom se utilizan para restaurar la eficiencia de los sistemas AA \/ R donde la eficiencia significa un mejor rendimiento con una reducci\u00f3n del consumo de energ\u00eda.<\/p><p>Hablando de pasiones. Eres un gran fan\u00e1tico de los deportes. De muchos deportes. Sabemos que eres un aficionado del Brescia y que segu\u00edas haciendo curvas en el estadio, pero tambi\u00e9n y sobre todo sabemos que te encantan las carreras, que juegas al golf y que tienes una gran pasi\u00f3n por los motores. Bien: \u00bfse puede considerar el deporte como una met\u00e1fora de tu vida y de tus objetivos profesionales? \u00bfQu\u00e9 importancia tiene en la vida cotidiana cultivar las pasiones?<\/p><p>Empiezo con la \u00faltima pregunta. Creo que si no tuviera pasi\u00f3n por lo que hago y no me divirtiera, no estar\u00edamos aqu\u00ed hoy. As\u00ed que s\u00ed, creo firmemente que la pasi\u00f3n es el motor de nuestras elecciones.<\/p><p>En cuanto al deporte, sobre todo los deportes individuales que practico, como correr, reflejan mucho mi forma de ser. Cuando corres, eres t\u00fa contra ti mismo. Eres tu \u00fanico l\u00edmite. Y entrenas, no te rindes, soportas el cansancio y el dolor para llegar a meta y superarlo. Y una vez que lo hayas superado, sube el list\u00f3n y empiezas de nuevo. Soy as\u00ed, tanto en la vida como en el trabajo. Nunca estoy satisfecho. Creo que siempre hay margen de mejora. Siempre puedes hacerlo mejor. Esto no significa que est\u00e9 eternamente insatisfecho, sino que soy una persona fascinada por la perfecci\u00f3n.<\/p><h2>\u00a0<\/h2><h2>Una \u00faltima pregunta, Luca. Creatividad, bienestar, calidad. \u00bfCu\u00e1l de estas tres palabras expresa mejor su idea de negocio? \u00bfA Qu\u00e9 no puedes simplemente renunciar? \u00bfPrefieres a\u00f1adir alg\u00fan otro sustantivo?<\/h2><p>Bienestar en el sentido de que me gusta hacer lo que hago y eso me da tranquilidad. Creatividad: a estas alturas ya me conoces, soy un creativo, no podr\u00eda ser de otra manera. Calidad: es un concepto tan b\u00e1sico que lo doy por sentado, imprescindible. Sin calidad, no se puede esperar sobrevivir. Definitivamente a\u00f1adir\u00eda pasi\u00f3n y ya te he dicho por qu\u00e9. Capacidad para elegir a tus colaboradores: porque es fundamental rodearte de las personas adecuadas, con las que est\u00e9s en sinton\u00eda y que te hagan sentir tranquilo. No vas a ning\u00fan lado solo. Por eso es fundamental poder encontrar los colaboradores adecuados.<\/p><p>Pero a lo que nunca me rendir\u00eda es a divertirme haciendo lo que hago. Si no me hubiera gustado, ya habr\u00eda cambiado porque nunca podr\u00eda hacer algo que no me gusta.<\/p><p>\u00a1Espero haber respondido a todas tus preguntas y os aconsejo que os manteng\u00e1is en contacto con nosotros si quieres ser parte de nuestra fascinante aventura! \u00a1Buen d\u00eda a todos!<\/p>\t\t\t\t\t\t<\/div>\n\t\t\t\t<\/div>\n\t\t\t\t\t<\/div>\n\t\t<\/div>\n\t\t\t\t\t<\/div>\n\t\t<\/section>\n\t\t\t\t<\/div>\n\t\t","protected":false},"excerpt":{"rendered":"<p>Queremos empezar a revelar los rostros de las personas que trabajan en Errecom con pasi\u00f3n y profesionalismo para dar &#8230; &nbsp; Luca Ronga: Presidente y Fundador de Errecom Spa Queremos empezar a revelar los rostros de las personas que trabajan en Errecom con pasi\u00f3n y profesionalismo para dar respuestas oportunas a las necesidades de los [&hellip;]<\/p>\n <a href=\"https:\/\/www.errecom.com\/es\/luca-ronga-presidente-y-fundador-de-errecom-spa\/\" class=\"more-link\" title=\"Read More\">Leer m\u00e1s<\/a>","protected":false},"author":1,"featured_media":15710,"comment_status":"closed","ping_status":"closed","sticky":false,"template":"","format":"standard","meta":{"_acf_changed":false,"footnotes":""},"categories":[152,145],"tags":[],"yst_prominent_words":[],"class_list":["post-50362","post","type-post","status-publish","format-standard","has-post-thumbnail","hentry","category-entre-bastidores","category-sanificacion-cabinas-y-sistemas-a-a-vehiculos"],"acf":[],"_links":{"self":[{"href":"https:\/\/www.errecom.com\/es\/wp-json\/wp\/v2\/posts\/50362","targetHints":{"allow":["GET"]}}],"collection":[{"href":"https:\/\/www.errecom.com\/es\/wp-json\/wp\/v2\/posts"}],"about":[{"href":"https:\/\/www.errecom.com\/es\/wp-json\/wp\/v2\/types\/post"}],"author":[{"embeddable":true,"href":"https:\/\/www.errecom.com\/es\/wp-json\/wp\/v2\/users\/1"}],"replies":[{"embeddable":true,"href":"https:\/\/www.errecom.com\/es\/wp-json\/wp\/v2\/comments?post=50362"}],"version-history":[{"count":29,"href":"https:\/\/www.errecom.com\/es\/wp-json\/wp\/v2\/posts\/50362\/revisions"}],"predecessor-version":[{"id":60921,"href":"https:\/\/www.errecom.com\/es\/wp-json\/wp\/v2\/posts\/50362\/revisions\/60921"}],"wp:featuredmedia":[{"embeddable":true,"href":"https:\/\/www.errecom.com\/es\/wp-json\/wp\/v2\/media\/15710"}],"wp:attachment":[{"href":"https:\/\/www.errecom.com\/es\/wp-json\/wp\/v2\/media?parent=50362"}],"wp:term":[{"taxonomy":"category","embeddable":true,"href":"https:\/\/www.errecom.com\/es\/wp-json\/wp\/v2\/categories?post=50362"},{"taxonomy":"post_tag","embeddable":true,"href":"https:\/\/www.errecom.com\/es\/wp-json\/wp\/v2\/tags?post=50362"},{"taxonomy":"yst_prominent_words","embeddable":true,"href":"https:\/\/www.errecom.com\/es\/wp-json\/wp\/v2\/yst_prominent_words?post=50362"}],"curies":[{"name":"wp","href":"https:\/\/api.w.org\/{rel}","templated":true}]}}