{"id":50234,"date":"2021-03-29T15:03:29","date_gmt":"2021-03-29T13:03:29","guid":{"rendered":"https:\/\/www.errecom.com\/?p=50234"},"modified":"2022-01-10T16:30:37","modified_gmt":"2022-01-10T15:30:37","slug":"cristiana-bocchi-chief-financial-officer-de-errecom-spa","status":"publish","type":"post","link":"https:\/\/www.errecom.com\/es\/cristiana-bocchi-chief-financial-officer-de-errecom-spa\/","title":{"rendered":"Cristiana Bocchi: Chief Financial Officer de Errecom SPA"},"content":{"rendered":"\t\t<div data-elementor-type=\"wp-post\" data-elementor-id=\"50234\" class=\"elementor elementor-50234 elementor-33411\" data-elementor-post-type=\"post\">\n\t\t\t\t\t\t<section class=\"elementor-section elementor-top-section elementor-element elementor-element-248a6fda elementor-section-boxed elementor-section-height-default elementor-section-height-default\" data-id=\"248a6fda\" data-element_type=\"section\" id=\"article-head\">\n\t\t\t\t\t\t<div class=\"elementor-container elementor-column-gap-default\">\n\t\t\t\t\t<div class=\"elementor-column elementor-col-100 elementor-top-column elementor-element elementor-element-6c0ac516\" data-id=\"6c0ac516\" data-element_type=\"column\">\n\t\t\t<div class=\"elementor-widget-wrap elementor-element-populated\">\n\t\t\t\t\t\t<div class=\"elementor-element elementor-element-3fee425b elementor-hidden-desktop elementor-hidden-tablet elementor-hidden-phone elementor-widget elementor-widget-html\" data-id=\"3fee425b\" data-element_type=\"widget\" data-widget_type=\"html.default\">\n\t\t\t\t<div class=\"elementor-widget-container\">\n\t\t\tNo solo n\u00fameros y precisi\u00f3n, sino tambi\u00e9n creatividad y predisposici\u00f3n a las relaciones y la empat\u00eda. En esta entrevista ... &nbsp;\t\t<\/div>\n\t\t\t\t<\/div>\n\t\t\t\t<div class=\"elementor-element elementor-element-cfaa912 elementor-widget elementor-widget-heading\" data-id=\"cfaa912\" data-element_type=\"widget\" data-widget_type=\"heading.default\">\n\t\t\t\t<div class=\"elementor-widget-container\">\n\t\t\t<h1 class=\"elementor-heading-title elementor-size-default\">Cristiana Bocchi: Chief Financial Officer de Errecom SPA<\/h1>\t\t<\/div>\n\t\t\t\t<\/div>\n\t\t\t\t<div class=\"elementor-element elementor-element-6a02c573 elementor-widget-divider--view-line elementor-widget elementor-widget-divider\" data-id=\"6a02c573\" data-element_type=\"widget\" data-widget_type=\"divider.default\">\n\t\t\t\t<div class=\"elementor-widget-container\">\n\t\t\t\t\t<div class=\"elementor-divider\">\n\t\t\t<span class=\"elementor-divider-separator\">\n\t\t\t\t\t\t<\/span>\n\t\t<\/div>\n\t\t\t\t<\/div>\n\t\t\t\t<\/div>\n\t\t\t\t<div class=\"elementor-element elementor-element-154386ae elementor-widget elementor-widget-text-editor\" data-id=\"154386ae\" data-element_type=\"widget\" data-widget_type=\"text-editor.default\">\n\t\t\t\t<div class=\"elementor-widget-container\">\n\t\t\t\t\t\t\tNo solo n\u00fameros y precisi\u00f3n, sino tambi\u00e9n creatividad y predisposici\u00f3n a las relaciones y la empat\u00eda.\nEn esta entrevista, Cristiana Bocchi, CFO de Errecom SPA, niega algunas de las ideas preconcebidas relacionadas con su rol, revelando que detr\u00e1s de su visi\u00f3n personal de \u00e9xito y autorrealizaci\u00f3n hay un largo camino de resiliencia y voluntad.\t\t\t\t\t\t<\/div>\n\t\t\t\t<\/div>\n\t\t\t\t<div class=\"elementor-element elementor-element-2e231fd3 elementor-widget elementor-widget-shortcode\" data-id=\"2e231fd3\" data-element_type=\"widget\" data-widget_type=\"shortcode.default\">\n\t\t\t\t<div class=\"elementor-widget-container\">\n\t\t\t\t\t<div class=\"elementor-shortcode\"><span class=\"my-reading-time\"><span class=\"my-reading-time-label\">Tiempo de lectura: <\/span><span class=\"my-reading-time-value\">10 min<\/span><\/span><\/div>\n\t\t\t\t<\/div>\n\t\t\t\t<\/div>\n\t\t\t\t\t<\/div>\n\t\t<\/div>\n\t\t\t\t\t<\/div>\n\t\t<\/section>\n\t\t\t\t<section class=\"elementor-section elementor-top-section elementor-element elementor-element-3d1ea452 elementor-section-boxed elementor-section-height-default elementor-section-height-default\" data-id=\"3d1ea452\" data-element_type=\"section\">\n\t\t\t\t\t\t<div class=\"elementor-container elementor-column-gap-default\">\n\t\t\t\t\t<div class=\"elementor-column elementor-col-100 elementor-top-column elementor-element elementor-element-766a1b2a\" data-id=\"766a1b2a\" data-element_type=\"column\">\n\t\t\t<div class=\"elementor-widget-wrap elementor-element-populated\">\n\t\t\t\t\t\t<div class=\"elementor-element elementor-element-3c44c1ed elementor-widget elementor-widget-image\" data-id=\"3c44c1ed\" data-element_type=\"widget\" data-widget_type=\"image.default\">\n\t\t\t\t<div class=\"elementor-widget-container\">\n\t\t\t\t\t\t\t\t\t\t\t\t\t<img fetchpriority=\"high\" decoding=\"async\" width=\"1142\" height=\"648\" src=\"https:\/\/www.errecom.com\/wp-content\/uploads\/2021\/03\/article_interview-cristiana-cfo-errecom.jpg\" class=\"attachment-full size-full wp-image-33374\" alt=\"\" srcset=\"https:\/\/www.errecom.com\/wp-content\/uploads\/2021\/03\/article_interview-cristiana-cfo-errecom.jpg 1142w, https:\/\/www.errecom.com\/wp-content\/uploads\/2021\/03\/article_interview-cristiana-cfo-errecom-300x170.jpg 300w, https:\/\/www.errecom.com\/wp-content\/uploads\/2021\/03\/article_interview-cristiana-cfo-errecom-1024x581.jpg 1024w, https:\/\/www.errecom.com\/wp-content\/uploads\/2021\/03\/article_interview-cristiana-cfo-errecom-768x436.jpg 768w, https:\/\/www.errecom.com\/wp-content\/uploads\/2021\/03\/article_interview-cristiana-cfo-errecom-100x57.jpg 100w\" sizes=\"(max-width: 1142px) 100vw, 1142px\" \/>\t\t\t\t\t\t\t\t\t\t\t\t\t<\/div>\n\t\t\t\t<\/div>\n\t\t\t\t\t<\/div>\n\t\t<\/div>\n\t\t\t\t\t<\/div>\n\t\t<\/section>\n\t\t\t\t<section class=\"elementor-section elementor-top-section elementor-element elementor-element-31461a88 dc-has-condition dc-condition-contains elementor-section-boxed elementor-section-height-default elementor-section-height-default\" data-id=\"31461a88\" data-element_type=\"section\" id=\"article-body\">\n\t\t\t\t\t\t<div class=\"elementor-container elementor-column-gap-default\">\n\t\t\t\t\t<div class=\"elementor-column elementor-col-100 elementor-top-column elementor-element elementor-element-61098b3d\" data-id=\"61098b3d\" data-element_type=\"column\">\n\t\t\t<div class=\"elementor-widget-wrap elementor-element-populated\">\n\t\t\t\t\t\t<div class=\"elementor-element elementor-element-7fadc532 elementor-widget elementor-widget-text-editor\" data-id=\"7fadc532\" data-element_type=\"widget\" data-widget_type=\"text-editor.default\">\n\t\t\t\t<div class=\"elementor-widget-container\">\n\t\t\t\t\t\t\t<h2><strong>1) Sabemos que hoy desempe\u00f1as un papel clave en Errecom. \u00bfCu\u00e1l fue el camino que te trajo aqu\u00ed?<\/strong><\/h2><p>En agosto de 2017 buscaba un trabajo que me ofreciera la posibilidad de crecer, ven\u00eda de una experiencia profesional que me hab\u00eda decepcionado, dej\u00e1ndome un sabor amargo, pero a la vez un fuerte deseo de redenci\u00f3n y venganza. Pensar en mis primeros d\u00edas en Errecom me hace sonre\u00edr: en treinta y dos horas tuve que aprender la contabilidad de la empresa, \u00a1un gran trauma! En serio, el traspaso se llev\u00f3 a cabo muy r\u00e1pido: fue estresante pero al mismo tiempo estimulante. A pesar de tener diecisiete a\u00f1os de experiencia en el campo administrativo para una realidad estructurada, todav\u00eda ten\u00eda que volver al juego, arremangarme y ocuparme porque, despu\u00e9s de todo, cada empresa es un mundo a s\u00ed mismo, incluso en el mundo administrativo y gerencial.<br \/>De car\u00e1cter, adem\u00e1s, soy una persona que da lo mejor de m\u00ed, pero sobre todo tiende a trabajar detr\u00e1s de escena, no me gusta imponerme o estar por encima de los dem\u00e1s. Sin embargo, a pesar de mi inclinaci\u00f3n a permanecer en las sombras, mi valor y compromiso han sido reconocidos y apreciados, lo que me ha llevado hoy a cubrir el puesto de CEO en Errecom. Si miro hacia atr\u00e1s y reflexiono sobre las dificultades del pasado, no me parece verdadero que haya llegado tan lejos: \u00a1contenta y satisfecha, haciendo el trabajo de mis sue\u00f1os! Es cierto que la constancia y el compromiso siempre dan sus frutos. Obviamente, son muchas las variables en juego que determinan el \u00e9xito en la vida: la humildad, el deseo de ponerse en juego constantemente, la suerte de estar en el lugar correcto en el momento adecuado. Pero creo que uno, al final, prevalece sobre todos y es la resiliencia.<\/p><p>\u00a0<\/p><h2><strong>2) \u00bfCu\u00e1les son los aspectos que m\u00e1s te gustan de tu trabajo?<\/strong><\/h2><p>Te cuento un secreto: hubo un momento en el que cuestion\u00e9 fuertemente mi pasi\u00f3n por mi trabajo. Impulsado por la necesidad de entender qu\u00e9 hacer con mi vida laboral y el deseo de ponerme en juego profesionalmente, trat\u00e9 de tomar nuevos caminos. As\u00ed me lanc\u00e9 al mundo de las ventas: una realidad totalmente diferente de la administrativa pero que, objetivamente hablando, incluso me dio alguna satisfacci\u00f3n. Sin embargo, enseguida me di cuenta de que no era mi camino: todo trabajo requiere una cierta predisposici\u00f3n y actitud y la del comercial no se ajusta a mi personalidad. As\u00ed que me embarqu\u00e9 en un camino de crecimiento personal apoy\u00e1ndome en un coach y, \u00bfadivina qu\u00e9 fue lo primero que me dijo? \u00a1Eres perfecta para roles administrativos!<br \/>Entonces decid\u00ed darle una segunda oportunidad a mi carrera en la administraci\u00f3n, esta vez tratando de ver el trabajo desde otro punto de vista, para enfrentar los desaf\u00edos con mayor coraje y confianza en m\u00ed misma. Bueno, funcion\u00f3: desde ese d\u00eda no he tenido dudas. Creo que cuestionarme a m\u00ed mismo fue fundamental para redescubrir el amor y la pasi\u00f3n que tengo por mi trabajo. En Errecom me siento satisfecha, percibo que lo que hago tiene un prop\u00f3sito y un valor muy espec\u00edfico. No soy un n\u00famero aqu\u00ed, todo lo contrario. Me encanta el hecho de que cada d\u00eda surgen nuevos est\u00edmulos y la sensaci\u00f3n de sentirme parte integral de una empresa din\u00e1mica y en constante evoluci\u00f3n. La aventura de Errecom comenz\u00f3 hace veinte a\u00f1os, ver los resultados que ha logrado hasta hoy y saber que, en parte, yo tambi\u00e9n contribu\u00ed al crecimiento de esta empresa es una satisfacci\u00f3n verdaderamente invaluable.<\/p><p>\u00a0<\/p><h2><strong>3) N\u00fameros, balances, minuciosidad, precisi\u00f3n: \u00bfson estas caracter\u00edsticas las que te distinguen incluso fuera de tu profesi\u00f3n?<\/strong><\/h2><p>Me encantan los n\u00fameros: desde cierto punto de vista, \u00a1pueden parecer un gusano mental m\u00edo, en el trabajo, en casa, en mi tiempo libre! Pero tengo que admitir que no me definir\u00eda el cl\u00e1sico contable, porque por mucho que me encantan los n\u00fameros, tambi\u00e9n me gusta variar y tener nuevos est\u00edmulos. Creo que tambi\u00e9n tengo un lado m\u00e1s creativo y en Errecom me siento satisfecha precisamente porque mi rol es muy variado y me da la oportunidad de expresar plenamente todas mis actitudes en libertad y autonom\u00eda. Entonces, para responder a tu pregunta: s\u00ed, soy una persona precisa y meticulosa pero lo suficiente. No pienso en esquemas mentales, me gusta ir m\u00e1s all\u00e1 de las fronteras, porque creo que, incluso para un trabajo aparentemente est\u00e1tico como el m\u00edo, es importante poder captar los matices y sacar lecciones de ellos.<\/p><p>\u00a0<\/p><h2><strong>4) Visto por aquellos que no est\u00e1n familiarizados, tu trabajo parece dedicarse \u00edntegramente a la empresa. En realidad, sabemos que otro aspecto fundamental tambi\u00e9n forma parte de su rol: gestionar las relaciones con las instituciones financieras y de seguros. \u00bfCu\u00e1l crees que es tu punto fuerte en este caso?<\/strong><\/h2><p>Mi secreto en las relaciones con colaboradores externos es enfocarme en construir una relaci\u00f3n humana. Creo firmemente que imponerse de un modo sabelotodo, presuntuoso o arrogante no lleva a ninguna parte. M\u00e1s bien, estoy convencido de que la humildad, la disponibilidad y la empat\u00eda son el arma ganadora para construir y tejer relaciones valiosas, porque son los cimientos de los que nacen el respeto y la confianza mutuos. \u00a1Y creo que esto es muy tangible en los resultados que obtengo! Obviamente, si noto que la otra parte malinterpreta esta humanidad m\u00eda, percibi\u00e9ndola como una falta de preparaci\u00f3n t\u00e9cnica, entonces cambio mi m\u00e9todo y enfoque, porque adem\u00e1s de lo mencionado hasta ahora, creo que el respeto reciproco es igualmente fundamental.<\/p><p>\u00a0<\/p><h2><strong>5) Como persona de contacto para la gesti\u00f3n de recursos humanos, tambi\u00e9n te ocupas de la salud de los trabajadores, aspecto que, en este per\u00edodo de pandemia, es especialmente delicado porque tambi\u00e9n est\u00e1 inevitablemente ligado a din\u00e1micas m\u00e1s emocionales. Errecom ha implementado medidas de prevenci\u00f3n destinadas a reducir el riesgo de contagio. \u00bfHa llevado esto a cambios en la gesti\u00f3n del personal?<\/strong><\/h2><p>La gesti\u00f3n de personal es quiz\u00e1s el trabajo m\u00e1s dif\u00edcil pero al mismo tiempo gratificante. Es fundamental saber mediar entre las necesidades de los particulares y las de la empresa, ponerse en la piel de los empleados y ofrecerles su tiempo, cuando sea necesario. El periodo de emergencia sanitaria que estamos viviendo no ayuda, son tiempos dif\u00edciles para todos, pero el personal de Errecom lo sabe: mi puerta siempre est\u00e1 abierta para quien lo necesite.<br \/>A nivel organizacional, creo que el momento m\u00e1s agotador fue el a\u00f1o pasado: hab\u00eda mucha confusi\u00f3n, cada semana se emit\u00eda un nuevo DPCM que requer\u00eda la configuraci\u00f3n de nuevos protocolos comerciales. La empresa actu\u00f3 de inmediato para garantizar a los empleados un lugar de trabajo seguro y proteger su salud. Desde el momento en que fue posible, hemos implementado campa\u00f1as de screening y prevenci\u00f3n peri\u00f3dicas, primero mediante pruebas serol\u00f3gicas y luego con hisopos r\u00e1pidos.<br \/>Una decisi\u00f3n fundamental para monitorear la situaci\u00f3n interna de la empresa y prevenir la aparici\u00f3n de cualquier brote. Estoy feliz de dar mi aporte: ha sido un trabajo considerable, no solo a nivel humano sino tambi\u00e9n pr\u00e1ctico y organizativo, pero afortunadamente el PPER que nos sigue es muy competente y actualizado, lo que me ayuda mucho.<\/p><p>\u00a0<\/p><h2><strong>6) Covid 19 te golpe\u00f3 con fuerza durante la primera ola. \u00bfEsta experiencia ha cambiado de alguna manera la forma en que aborda la vida y maneja la vida cotidiana?<\/strong><\/h2><p>Contraje el virus durante la primera ola: fiebre alta, dolor de garganta, falta de gusto y olfato. No fue un paseo, y en momentos como este te das cuenta de que la vida es realmente cuesti\u00f3n de un momento. Vuelves a evaluar sus prioridades, redescubres el valor de las cosas simples que siempre ha dado por sentado. Te das cuenta de que la frase \u00ablo importante es tener salud\u00bb no es tan trivial sino m\u00e1s bien llena de significado y conciencia.<br \/>Admito que, incluso en este caso, existe la otra cara de la moneda. Durante un tiempo te sientes predispuesto a este nuevo enfoque, hasta que llegas al punto en el que te encuentras envuelto por el sistema y por el ritmo vertiginoso de una vida que corre demasiado r\u00e1pido entre el hogar, el trabajo, la familia y todo lo que hace marco. Creo que es inevitable. Necesitamos encontrar un equilibrio entre la aceptaci\u00f3n de un estilo de vida que no podemos cambiar totalmente y la conciencia de que adem\u00e1s del frenes\u00ed existe la vida real, el significado de todo. No siempre es f\u00e1cil y, de hecho, a veces se vuelve frustrante. Sin embargo, he aprendido a labrar mis propios momentos, de profunda conciencia, en los que me desapego por completo y soy capaz de dar a las cosas individuales su dimensi\u00f3n correcta.<\/p><p>\u00a0<\/p><h2><strong>7) Adem\u00e1s del trabajo, que ya sabemos que es una pasi\u00f3n para ti, \u00bfqu\u00e9 otros intereses cultivas?<\/strong><\/h2><p>Me encanta estar en contacto con la naturaleza, pasar el tiempo libre al aire, en el jard\u00edn, podar plantas o cuidar mis flores. Y luego amo a los animales, especialmente a los perros. Siempre he tenido al menos uno, nunca podr\u00eda vivir sin su amor. Los considero ni\u00f1os, miembros de la familia a todos los efectos: con su forma de amar, tan profunda e incondicional, tienen mucho que ense\u00f1ar a los humanos. Mi hija Aurora tambi\u00e9n comparte conmigo el mismo amor por los animales y la naturaleza: tiene una yegua con la que compite, incluso a nivel nacional, y para m\u00ed es extraordinario seguirla en esta pasi\u00f3n suya.<br \/>Hablar de ello en voz alta me hace reflexionar sobre el hecho de que quiz\u00e1s mi mayor pasi\u00f3n sea esta: cuidarme. De la gente, de mi familia, de nuestros animales, de mis plantas. Pensando en ello no niego que por momentos es realmente agotador: tengo muchas personas que me quieren inmensamente pero que a su vez necesitan constantemente mi presencia. Sin embargo, al final del d\u00eda, a pesar del cansancio y la fatiga, me siento agradecida porque quiz\u00e1s esta sea mi misi\u00f3n en la vida: ser un punto de referencia para los que amo.<\/p><p>\u00a0<\/p><h2><strong>8) Mujer de carrera, madre, mujer: 3 mundos diferentes y a veces distantes. Desde tu experiencia personal, \u00bfhay algo que los une?<\/strong><\/h2><p>Creo que estos tres mundos muy opuestos est\u00e1n unidos por un mismo fuego que los hace comprometidos pero a la vez gratificantes: la pasi\u00f3n. Cuando estoy en el trabajo, dedico cuerpo y alma a Errecom. En el momento en que cruzo la puerta de casa, desconecto un enchufe y conecto el otro. Tengo que hacerlo, es correcto que sea as\u00ed y es maravilloso. Obviamente fue con el tiempo y la experiencia que encontr\u00e9 un equilibrio, aprendiendo a estar presente en ese \u00fanico momento, ya sea en la oficina, con mi hija o con mi marido. Quiz\u00e1s este sea el secreto del \u00e9xito.<\/p>\t\t\t\t\t\t<\/div>\n\t\t\t\t<\/div>\n\t\t\t\t\t<\/div>\n\t\t<\/div>\n\t\t\t\t\t<\/div>\n\t\t<\/section>\n\t\t\t\t<\/div>\n\t\t","protected":false},"excerpt":{"rendered":"<p>No solo n\u00fameros y precisi\u00f3n, sino tambi\u00e9n creatividad y predisposici\u00f3n a las relaciones y la empat\u00eda. En esta entrevista &#8230; &nbsp; Cristiana Bocchi: Chief Financial Officer de Errecom SPA No solo n\u00fameros y precisi\u00f3n, sino tambi\u00e9n creatividad y predisposici\u00f3n a las relaciones y la empat\u00eda. En esta entrevista, Cristiana Bocchi, CFO de Errecom SPA, niega [&hellip;]<\/p>\n <a href=\"https:\/\/www.errecom.com\/es\/cristiana-bocchi-chief-financial-officer-de-errecom-spa\/\" class=\"more-link\" title=\"Read More\">Leer m\u00e1s<\/a>","protected":false},"author":1,"featured_media":33378,"comment_status":"closed","ping_status":"closed","sticky":false,"template":"","format":"standard","meta":{"_acf_changed":false,"footnotes":""},"categories":[152],"tags":[],"yst_prominent_words":[],"class_list":["post-50234","post","type-post","status-publish","format-standard","has-post-thumbnail","hentry","category-entre-bastidores"],"acf":[],"_links":{"self":[{"href":"https:\/\/www.errecom.com\/es\/wp-json\/wp\/v2\/posts\/50234","targetHints":{"allow":["GET"]}}],"collection":[{"href":"https:\/\/www.errecom.com\/es\/wp-json\/wp\/v2\/posts"}],"about":[{"href":"https:\/\/www.errecom.com\/es\/wp-json\/wp\/v2\/types\/post"}],"author":[{"embeddable":true,"href":"https:\/\/www.errecom.com\/es\/wp-json\/wp\/v2\/users\/1"}],"replies":[{"embeddable":true,"href":"https:\/\/www.errecom.com\/es\/wp-json\/wp\/v2\/comments?post=50234"}],"version-history":[{"count":25,"href":"https:\/\/www.errecom.com\/es\/wp-json\/wp\/v2\/posts\/50234\/revisions"}],"predecessor-version":[{"id":60902,"href":"https:\/\/www.errecom.com\/es\/wp-json\/wp\/v2\/posts\/50234\/revisions\/60902"}],"wp:featuredmedia":[{"embeddable":true,"href":"https:\/\/www.errecom.com\/es\/wp-json\/wp\/v2\/media\/33378"}],"wp:attachment":[{"href":"https:\/\/www.errecom.com\/es\/wp-json\/wp\/v2\/media?parent=50234"}],"wp:term":[{"taxonomy":"category","embeddable":true,"href":"https:\/\/www.errecom.com\/es\/wp-json\/wp\/v2\/categories?post=50234"},{"taxonomy":"post_tag","embeddable":true,"href":"https:\/\/www.errecom.com\/es\/wp-json\/wp\/v2\/tags?post=50234"},{"taxonomy":"yst_prominent_words","embeddable":true,"href":"https:\/\/www.errecom.com\/es\/wp-json\/wp\/v2\/yst_prominent_words?post=50234"}],"curies":[{"name":"wp","href":"https:\/\/api.w.org\/{rel}","templated":true}]}}