{"id":46983,"date":"2021-05-11T16:29:42","date_gmt":"2021-05-11T14:29:42","guid":{"rendered":"https:\/\/www.errecom.com\/?p=46983"},"modified":"2022-09-28T15:27:40","modified_gmt":"2022-09-28T13:27:40","slug":"xix-conferencia-europea-errecom-reconfirmada-la-empresa-quimica-de-referencia-para-la-refrigeracion","status":"publish","type":"post","link":"https:\/\/www.errecom.com\/es\/xix-conferencia-europea-errecom-reconfirmada-la-empresa-quimica-de-referencia-para-la-refrigeracion\/","title":{"rendered":"XIX Conferencia europea: Errecom reconfirmada la empresa qu\u00edmica de referencia para la refrigeraci\u00f3n"},"content":{"rendered":"\t\t<div data-elementor-type=\"wp-post\" data-elementor-id=\"46983\" class=\"elementor elementor-46983 elementor-45556\" data-elementor-post-type=\"post\">\n\t\t\t\t\t\t<section class=\"elementor-section elementor-top-section elementor-element elementor-element-7bccd4eb elementor-section-boxed elementor-section-height-default elementor-section-height-default\" data-id=\"7bccd4eb\" data-element_type=\"section\" id=\"article-head\">\n\t\t\t\t\t\t<div class=\"elementor-container elementor-column-gap-default\">\n\t\t\t\t\t<div class=\"elementor-column elementor-col-100 elementor-top-column elementor-element elementor-element-478fa30f\" data-id=\"478fa30f\" data-element_type=\"column\">\n\t\t\t<div class=\"elementor-widget-wrap elementor-element-populated\">\n\t\t\t\t\t\t<div class=\"elementor-element elementor-element-34c4653c elementor-hidden-desktop elementor-hidden-tablet elementor-hidden-phone elementor-widget elementor-widget-html\" data-id=\"34c4653c\" data-element_type=\"widget\" data-widget_type=\"html.default\">\n\t\t\t\t<div class=\"elementor-widget-container\">\n\t\t\tErrecom reafirma con gran orgullo su participaci\u00f3n en la decimonovena edici\u00f3n de la Conferencia Europea organizada por el Centro ... &nbsp;\t\t<\/div>\n\t\t\t\t<\/div>\n\t\t\t\t<div class=\"elementor-element elementor-element-67070b34 elementor-widget elementor-widget-heading\" data-id=\"67070b34\" data-element_type=\"widget\" data-widget_type=\"heading.default\">\n\t\t\t\t<div class=\"elementor-widget-container\">\n\t\t\t<h1 class=\"elementor-heading-title elementor-size-default\">XIX Conferencia europea: <br>Errecom reconfirmada la empresa qu\u00edmica de referencia para la refrigeraci\u00f3n<\/h1>\t\t<\/div>\n\t\t\t\t<\/div>\n\t\t\t\t<div class=\"elementor-element elementor-element-74a43390 elementor-hidden-desktop elementor-hidden-tablet elementor-hidden-phone elementor-widget elementor-widget-text-editor\" data-id=\"74a43390\" data-element_type=\"widget\" data-widget_type=\"text-editor.default\">\n\t\t\t\t<div class=\"elementor-widget-container\">\n\t\t\t\t\t\t\tLa pulizia dell\u2019unit\u00e0 esterna \u00e8 fondamentale per garantire all\u2019impianto di climatizzazione di funzionare in materia efficiente senza generare consumi maggiorati che irrimediabilmente si traducono in un aumento delle bollette energetiche.\t\t\t\t\t\t<\/div>\n\t\t\t\t<\/div>\n\t\t\t\t<div class=\"elementor-element elementor-element-435f7941 elementor-widget elementor-widget-shortcode\" data-id=\"435f7941\" data-element_type=\"widget\" data-widget_type=\"shortcode.default\">\n\t\t\t\t<div class=\"elementor-widget-container\">\n\t\t\t\t\t<div class=\"elementor-shortcode\"><span class=\"my-reading-time\"><span class=\"my-reading-time-label\">Tiempo de lectura: <\/span><span class=\"my-reading-time-value\">3 min<\/span><\/span><\/div>\n\t\t\t\t<\/div>\n\t\t\t\t<\/div>\n\t\t\t\t\t<\/div>\n\t\t<\/div>\n\t\t\t\t\t<\/div>\n\t\t<\/section>\n\t\t\t\t<section class=\"elementor-section elementor-top-section elementor-element elementor-element-5b71fecc elementor-section-boxed elementor-section-height-default elementor-section-height-default\" data-id=\"5b71fecc\" data-element_type=\"section\">\n\t\t\t\t\t\t<div class=\"elementor-container elementor-column-gap-default\">\n\t\t\t\t\t<div class=\"elementor-column elementor-col-100 elementor-top-column elementor-element elementor-element-45610324\" data-id=\"45610324\" data-element_type=\"column\">\n\t\t\t<div class=\"elementor-widget-wrap elementor-element-populated\">\n\t\t\t\t\t\t<div class=\"elementor-element elementor-element-e9b3617 elementor-widget elementor-widget-image\" data-id=\"e9b3617\" data-element_type=\"widget\" data-widget_type=\"image.default\">\n\t\t\t\t<div class=\"elementor-widget-container\">\n\t\t\t\t\t\t\t\t\t\t\t\t\t<img fetchpriority=\"high\" decoding=\"async\" width=\"1152\" height=\"648\" src=\"https:\/\/www.errecom.com\/wp-content\/uploads\/2021\/05\/Paolo-Mattavelli-copia.jpg\" class=\"attachment-full size-full wp-image-45496\" alt=\"\" srcset=\"https:\/\/www.errecom.com\/wp-content\/uploads\/2021\/05\/Paolo-Mattavelli-copia.jpg 1152w, https:\/\/www.errecom.com\/wp-content\/uploads\/2021\/05\/Paolo-Mattavelli-copia-300x169.jpg 300w, https:\/\/www.errecom.com\/wp-content\/uploads\/2021\/05\/Paolo-Mattavelli-copia-1024x576.jpg 1024w, https:\/\/www.errecom.com\/wp-content\/uploads\/2021\/05\/Paolo-Mattavelli-copia-768x432.jpg 768w, https:\/\/www.errecom.com\/wp-content\/uploads\/2021\/05\/Paolo-Mattavelli-copia-100x56.jpg 100w\" sizes=\"(max-width: 1152px) 100vw, 1152px\" \/>\t\t\t\t\t\t\t\t\t\t\t\t\t<\/div>\n\t\t\t\t<\/div>\n\t\t\t\t\t<\/div>\n\t\t<\/div>\n\t\t\t\t\t<\/div>\n\t\t<\/section>\n\t\t\t\t<section class=\"elementor-section elementor-top-section elementor-element elementor-element-452ac83 dc-has-condition dc-condition-contains elementor-section-boxed elementor-section-height-default elementor-section-height-default\" data-id=\"452ac83\" data-element_type=\"section\" id=\"article-body\">\n\t\t\t\t\t\t<div class=\"elementor-container elementor-column-gap-default\">\n\t\t\t\t\t<div class=\"elementor-column elementor-col-100 elementor-top-column elementor-element elementor-element-32747bf3\" data-id=\"32747bf3\" data-element_type=\"column\">\n\t\t\t<div class=\"elementor-widget-wrap elementor-element-populated\">\n\t\t\t\t\t\t<div class=\"elementor-element elementor-element-18afad2b elementor-widget elementor-widget-text-editor\" data-id=\"18afad2b\" data-element_type=\"widget\" data-widget_type=\"text-editor.default\">\n\t\t\t\t<div class=\"elementor-widget-container\">\n\t\t\t\t\t\t\t<p>Errecom reafirma con gran orgullo su participaci\u00f3n en la decimonovena edici\u00f3n de la Conferencia Europea organizada por el Centro Studi Galileo y acogida por el Politecnico di Milano, del 10 al 11 de junio de 2021. \u00abLas \u00faltimas tecnolog\u00edas en refrigeraci\u00f3n y aire acondicionado\u00bb, el t\u00edtulo de esta edici\u00f3n del a\u00f1o, que acoger\u00e1 a expertos y numerosas asociaciones mundiales del sector y contar\u00e1 tambi\u00e9n con la intervenci\u00f3n de nuestro director de I&amp;D, Dr. Paolo Mattavelli.<\/p><p>El evento, que se realiza cada dos a\u00f1os en colaboraci\u00f3n con el PNUMA (organismo especializado de la ONU, tambi\u00e9n conocido como Programa de las Naciones Unidas para el Medio Ambiente) y el Instituto Internacional de Refrigeraci\u00f3n (IIF-IIR), se realizar\u00e1, excepcionalmente para este a\u00f1o, tanto de forma remota como en persona.<br \/>Entre las conferencias m\u00e1s reconocidas del sector, la Conferencia Europea re\u00fane a los principales expertos en fr\u00edo a nivel mundial en colaboraci\u00f3n con AREA (Asociaci\u00f3n Europea de Contratistas RACHP) y con el patrocinio del Ministerio de Medio Ambiente italiano.<\/p><p>Entre los diferentes speakers e invitados encontramos a los principales actores del mercado de la refrigeraci\u00f3n y el aire acondicionado, exponentes de las realidades internacionales de la FAO, UNPE y ONUDI (agencias de Naciones Unidas), as\u00ed como investigadores y profesores universitarios de calibre del Imperial College London, que tambi\u00e9n en 2021 reconfirm\u00f3 su presencia en la clasificaci\u00f3n de las 15 mejores universidades del mundo.<\/p><p>El evento, precisamente por su dimensi\u00f3n internacional, contar\u00e1 con un servicio de traducci\u00f3n simult\u00e1nea (italiano-ingl\u00e9s) y profundizar\u00e1 en los \u00faltimos avances tecnol\u00f3gicos adoptados en el sector HVAC \/ R para afrontar el cambio clim\u00e1tico. El enfoque de la conferencia ser\u00e1, de hecho, la eficiencia energ\u00e9tica y la sostenibilidad ambiental, un tema fundamental para el desarrollo de un sector clave para lograr los objetivos globales.<\/p><p>Por su parte, Errecom, como \u00fanica empresa qu\u00edmica invitada al congreso, expondr\u00e1 los resultados del trabajo de investigaci\u00f3n realizado por el laboratorio interno y el departamento de I&amp;D en los \u00faltimos dos a\u00f1os, dando fe del importante papel que juega la qu\u00edmica en garantizar la eficiencia energ\u00e9tica a los sistemas de aire acondicionado y refrigeraci\u00f3n que contienen gases refrigerantes de bajo GWP. En su presentaci\u00f3n, el Dr. Paolo Mattavelli se centrar\u00e1 de hecho en los nuevos lubricantes, verdaderos protagonistas del desaf\u00edo medioambiental por su capacidad de trasladar en el sistema los aditivos necesarios para garantizar la estabilidad, eficiencia y longevidad.<\/p><p>M\u00e1s informaciones sobre el evento est\u00e1n disponibles en la p\u00e1gina web del <a href=\"https:\/\/www.centrogalileo.it\/convegni\/\" target=\"_blank\" rel=\"noopener\">Centro Studi Galileo<\/a>.<\/p>\t\t\t\t\t\t<\/div>\n\t\t\t\t<\/div>\n\t\t\t\t\t<\/div>\n\t\t<\/div>\n\t\t\t\t\t<\/div>\n\t\t<\/section>\n\t\t\t\t<\/div>\n\t\t","protected":false},"excerpt":{"rendered":"<p>Errecom reafirma con gran orgullo su participaci\u00f3n en la decimonovena edici\u00f3n de la Conferencia Europea organizada por el Centro &#8230; &nbsp; XIX Conferencia europea: Errecom reconfirmada la empresa qu\u00edmica de referencia para la refrigeraci\u00f3n La pulizia dell\u2019unit\u00e0 esterna \u00e8 fondamentale per garantire all\u2019impianto di climatizzazione di funzionare in materia efficiente senza generare consumi maggiorati che [&hellip;]<\/p>\n <a href=\"https:\/\/www.errecom.com\/es\/xix-conferencia-europea-errecom-reconfirmada-la-empresa-quimica-de-referencia-para-la-refrigeracion\/\" class=\"more-link\" title=\"Read More\">Leer m\u00e1s<\/a>","protected":false},"author":1,"featured_media":45502,"comment_status":"closed","ping_status":"closed","sticky":false,"template":"","format":"standard","meta":{"_acf_changed":false,"footnotes":""},"categories":[145],"tags":[],"yst_prominent_words":[],"class_list":["post-46983","post","type-post","status-publish","format-standard","has-post-thumbnail","hentry","category-sanificacion-cabinas-y-sistemas-a-a-vehiculos"],"acf":[],"_links":{"self":[{"href":"https:\/\/www.errecom.com\/es\/wp-json\/wp\/v2\/posts\/46983","targetHints":{"allow":["GET"]}}],"collection":[{"href":"https:\/\/www.errecom.com\/es\/wp-json\/wp\/v2\/posts"}],"about":[{"href":"https:\/\/www.errecom.com\/es\/wp-json\/wp\/v2\/types\/post"}],"author":[{"embeddable":true,"href":"https:\/\/www.errecom.com\/es\/wp-json\/wp\/v2\/users\/1"}],"replies":[{"embeddable":true,"href":"https:\/\/www.errecom.com\/es\/wp-json\/wp\/v2\/comments?post=46983"}],"version-history":[{"count":37,"href":"https:\/\/www.errecom.com\/es\/wp-json\/wp\/v2\/posts\/46983\/revisions"}],"predecessor-version":[{"id":64595,"href":"https:\/\/www.errecom.com\/es\/wp-json\/wp\/v2\/posts\/46983\/revisions\/64595"}],"wp:featuredmedia":[{"embeddable":true,"href":"https:\/\/www.errecom.com\/es\/wp-json\/wp\/v2\/media\/45502"}],"wp:attachment":[{"href":"https:\/\/www.errecom.com\/es\/wp-json\/wp\/v2\/media?parent=46983"}],"wp:term":[{"taxonomy":"category","embeddable":true,"href":"https:\/\/www.errecom.com\/es\/wp-json\/wp\/v2\/categories?post=46983"},{"taxonomy":"post_tag","embeddable":true,"href":"https:\/\/www.errecom.com\/es\/wp-json\/wp\/v2\/tags?post=46983"},{"taxonomy":"yst_prominent_words","embeddable":true,"href":"https:\/\/www.errecom.com\/es\/wp-json\/wp\/v2\/yst_prominent_words?post=46983"}],"curies":[{"name":"wp","href":"https:\/\/api.w.org\/{rel}","templated":true}]}}