{"id":46440,"date":"2021-03-12T08:41:43","date_gmt":"2021-03-12T07:41:43","guid":{"rendered":"https:\/\/www.errecom.com\/?p=46440"},"modified":"2022-03-25T12:41:50","modified_gmt":"2022-03-25T11:41:50","slug":"sky-entrevista-al-presidente-de-errecom","status":"publish","type":"post","link":"https:\/\/www.errecom.com\/es\/sky-entrevista-al-presidente-de-errecom\/","title":{"rendered":"SKY entrevista al Presidente de Errecom"},"content":{"rendered":"\t\t<div data-elementor-type=\"wp-post\" data-elementor-id=\"46440\" class=\"elementor elementor-46440 elementor-33145\" data-elementor-post-type=\"post\">\n\t\t\t\t\t\t<section class=\"elementor-section elementor-top-section elementor-element elementor-element-67a680ca elementor-section-boxed elementor-section-height-default elementor-section-height-default\" data-id=\"67a680ca\" data-element_type=\"section\" id=\"article-head\">\n\t\t\t\t\t\t<div class=\"elementor-container elementor-column-gap-default\">\n\t\t\t\t\t<div class=\"elementor-column elementor-col-100 elementor-top-column elementor-element elementor-element-68122b8b\" data-id=\"68122b8b\" data-element_type=\"column\">\n\t\t\t<div class=\"elementor-widget-wrap elementor-element-populated\">\n\t\t\t\t\t\t<div class=\"elementor-element elementor-element-b99e161 elementor-hidden-desktop elementor-hidden-tablet elementor-hidden-phone elementor-widget elementor-widget-html\" data-id=\"b99e161\" data-element_type=\"widget\" data-widget_type=\"html.default\">\n\t\t\t\t<div class=\"elementor-widget-container\">\n\t\t\tVenerd\u00ec 26 Febbraio \u00e8 andata in onda su Businnes24, canale 821 di Sky, l\u2019intervista a Luca Ronga ... &nbsp; &nbsp; &nbsp;\t\t<\/div>\n\t\t\t\t<\/div>\n\t\t\t\t<div class=\"elementor-element elementor-element-12c81ed2 elementor-widget elementor-widget-heading\" data-id=\"12c81ed2\" data-element_type=\"widget\" data-widget_type=\"heading.default\">\n\t\t\t\t<div class=\"elementor-widget-container\">\n\t\t\t<h1 class=\"elementor-heading-title elementor-size-default\">SKY entrevista al Presidente de Errecom<\/h1>\t\t<\/div>\n\t\t\t\t<\/div>\n\t\t\t\t<div class=\"elementor-element elementor-element-2e843f52 elementor-widget-divider--view-line elementor-widget elementor-widget-divider\" data-id=\"2e843f52\" data-element_type=\"widget\" data-widget_type=\"divider.default\">\n\t\t\t\t<div class=\"elementor-widget-container\">\n\t\t\t\t\t<div class=\"elementor-divider\">\n\t\t\t<span class=\"elementor-divider-separator\">\n\t\t\t\t\t\t<\/span>\n\t\t<\/div>\n\t\t\t\t<\/div>\n\t\t\t\t<\/div>\n\t\t\t\t<div class=\"elementor-element elementor-element-6ee57d3d elementor-widget elementor-widget-text-editor\" data-id=\"6ee57d3d\" data-element_type=\"widget\" data-widget_type=\"text-editor.default\">\n\t\t\t\t<div class=\"elementor-widget-container\">\n\t\t\t\t\t\t\tEl viernes 26 de febrero se emiti\u00f3 la entrevista a Luca Ronga en Businnes24, canal Sky 821.\t\t\t\t\t\t<\/div>\n\t\t\t\t<\/div>\n\t\t\t\t<div class=\"elementor-element elementor-element-5f467b39 elementor-widget elementor-widget-shortcode\" data-id=\"5f467b39\" data-element_type=\"widget\" data-widget_type=\"shortcode.default\">\n\t\t\t\t<div class=\"elementor-widget-container\">\n\t\t\t\t\t<div class=\"elementor-shortcode\"><span class=\"my-reading-time\"><span class=\"my-reading-time-label\">Tiempo de lectura: <\/span><span class=\"my-reading-time-value\">1 minute<\/span><\/span><\/div>\n\t\t\t\t<\/div>\n\t\t\t\t<\/div>\n\t\t\t\t\t<\/div>\n\t\t<\/div>\n\t\t\t\t\t<\/div>\n\t\t<\/section>\n\t\t\t\t<section class=\"elementor-section elementor-top-section elementor-element elementor-element-5465c321 elementor-section-boxed elementor-section-height-default elementor-section-height-default\" data-id=\"5465c321\" data-element_type=\"section\">\n\t\t\t\t\t\t<div class=\"elementor-container elementor-column-gap-default\">\n\t\t\t\t\t<div class=\"elementor-column elementor-col-100 elementor-top-column elementor-element elementor-element-22174621\" data-id=\"22174621\" data-element_type=\"column\">\n\t\t\t<div class=\"elementor-widget-wrap elementor-element-populated\">\n\t\t\t\t\t\t\t<\/div>\n\t\t<\/div>\n\t\t\t\t\t<\/div>\n\t\t<\/section>\n\t\t<!-- hidden section -->\t\t<section class=\"elementor-section elementor-top-section elementor-element elementor-element-88a014c dc-has-condition dc-condition-contains elementor-section-boxed elementor-section-height-default elementor-section-height-default\" data-id=\"88a014c\" data-element_type=\"section\" id=\"article-body-2\">\n\t\t\t\t\t\t<div class=\"elementor-container elementor-column-gap-default\">\n\t\t\t\t\t<div class=\"elementor-column elementor-col-100 elementor-top-column elementor-element elementor-element-c2f5453\" data-id=\"c2f5453\" data-element_type=\"column\">\n\t\t\t<div class=\"elementor-widget-wrap elementor-element-populated\">\n\t\t\t\t\t\t<div class=\"elementor-element elementor-element-49543e0 elementor-widget elementor-widget-text-editor\" data-id=\"49543e0\" data-element_type=\"widget\" data-widget_type=\"text-editor.default\">\n\t\t\t\t<div class=\"elementor-widget-container\">\n\t\t\t\t\t\t\t<p>Invitado en Pole Position, el presidente de Errecom SPA repas\u00f3 las principales etapas del \u00e9xito de la empresa, revelando las apuestas y desaf\u00edos planeados para el futuro cercano. Mayor expansi\u00f3n en t\u00e9rminos globales, proyectos de marca olfativa y mucho m\u00e1s. El editorial est\u00e1 disponible para su lectura en el sitio web de la revista Business 24. A continuaci\u00f3n se muestra la versi\u00f3n completa de la entrevista.<br \/>\u00a1Buena visi\u00f3n!<\/p>\t\t\t\t\t\t<\/div>\n\t\t\t\t<\/div>\n\t\t\t\t<div class=\"elementor-element elementor-element-25191f5 elementor-widget elementor-widget-video\" data-id=\"25191f5\" data-element_type=\"widget\" data-settings=\"{&quot;youtube_url&quot;:&quot;https:\\\/\\\/youtu.be\\\/MWM6hzj-9mM&quot;,&quot;show_image_overlay&quot;:&quot;yes&quot;,&quot;image_overlay&quot;:{&quot;url&quot;:&quot;https:\\\/\\\/www.errecom.com\\\/wp-content\\\/uploads\\\/2021\\\/03\\\/cover-video-intervista.jpg&quot;,&quot;id&quot;:33529,&quot;size&quot;:&quot;&quot;},&quot;video_type&quot;:&quot;youtube&quot;,&quot;controls&quot;:&quot;yes&quot;}\" data-widget_type=\"video.default\">\n\t\t\t\t<div class=\"elementor-widget-container\">\n\t\t\t\t\t<div class=\"elementor-wrapper elementor-open-inline\">\n\t\t\t<div class=\"elementor-video\"><\/div>\t\t\t\t<div class=\"elementor-custom-embed-image-overlay\" style=\"background-image: url(https:\/\/www.errecom.com\/wp-content\/uploads\/2021\/03\/cover-video-intervista.jpg);\">\n\t\t\t\t\t\t\t\t\t\t\t\t\t\t\t\t<div class=\"elementor-custom-embed-play\" role=\"button\" aria-label=\"Reproducir v\u00eddeo\" tabindex=\"0\">\n\t\t\t\t\t\t\t<i aria-hidden=\"true\" class=\"eicon-play\"><\/i>\t\t\t\t\t\t\t<span class=\"elementor-screen-only\">Reproducir v\u00eddeo<\/span>\n\t\t\t\t\t\t<\/div>\n\t\t\t\t\t\t\t\t\t<\/div>\n\t\t\t\t\t<\/div>\n\t\t\t\t<\/div>\n\t\t\t\t<\/div>\n\t\t\t\t\t<\/div>\n\t\t<\/div>\n\t\t\t\t\t<\/div>\n\t\t<\/section>\n\t\t\t\t<\/div>\n\t\t","protected":false},"excerpt":{"rendered":"<p>Venerd\u00ec 26 Febbraio \u00e8 andata in onda su Businnes24, canale 821 di Sky, l\u2019intervista a Luca Ronga &#8230; &nbsp; &nbsp; &nbsp; SKY entrevista al Presidente de Errecom El viernes 26 de febrero se emiti\u00f3 la entrevista a Luca Ronga en Businnes24, canal Sky 821.Invitado en Pole Position, el presidente de Errecom SPA repas\u00f3 las principales [&hellip;]<\/p>\n <a href=\"https:\/\/www.errecom.com\/es\/sky-entrevista-al-presidente-de-errecom\/\" class=\"more-link\" title=\"Read More\">Leer m\u00e1s<\/a>","protected":false},"author":1,"featured_media":33368,"comment_status":"closed","ping_status":"closed","sticky":false,"template":"","format":"standard","meta":{"_acf_changed":false,"footnotes":""},"categories":[52,96],"tags":[],"yst_prominent_words":[],"class_list":["post-46440","post","type-post","status-publish","format-standard","has-post-thumbnail","hentry","category-eventi","category-eventos"],"acf":[],"_links":{"self":[{"href":"https:\/\/www.errecom.com\/es\/wp-json\/wp\/v2\/posts\/46440","targetHints":{"allow":["GET"]}}],"collection":[{"href":"https:\/\/www.errecom.com\/es\/wp-json\/wp\/v2\/posts"}],"about":[{"href":"https:\/\/www.errecom.com\/es\/wp-json\/wp\/v2\/types\/post"}],"author":[{"embeddable":true,"href":"https:\/\/www.errecom.com\/es\/wp-json\/wp\/v2\/users\/1"}],"replies":[{"embeddable":true,"href":"https:\/\/www.errecom.com\/es\/wp-json\/wp\/v2\/comments?post=46440"}],"version-history":[{"count":24,"href":"https:\/\/www.errecom.com\/es\/wp-json\/wp\/v2\/posts\/46440\/revisions"}],"predecessor-version":[{"id":64631,"href":"https:\/\/www.errecom.com\/es\/wp-json\/wp\/v2\/posts\/46440\/revisions\/64631"}],"wp:featuredmedia":[{"embeddable":true,"href":"https:\/\/www.errecom.com\/es\/wp-json\/wp\/v2\/media\/33368"}],"wp:attachment":[{"href":"https:\/\/www.errecom.com\/es\/wp-json\/wp\/v2\/media?parent=46440"}],"wp:term":[{"taxonomy":"category","embeddable":true,"href":"https:\/\/www.errecom.com\/es\/wp-json\/wp\/v2\/categories?post=46440"},{"taxonomy":"post_tag","embeddable":true,"href":"https:\/\/www.errecom.com\/es\/wp-json\/wp\/v2\/tags?post=46440"},{"taxonomy":"yst_prominent_words","embeddable":true,"href":"https:\/\/www.errecom.com\/es\/wp-json\/wp\/v2\/yst_prominent_words?post=46440"}],"curies":[{"name":"wp","href":"https:\/\/api.w.org\/{rel}","templated":true}]}}