{"id":46024,"date":"2021-03-12T09:56:11","date_gmt":"2021-03-12T08:56:11","guid":{"rendered":"https:\/\/www.errecom.com\/?p=46024"},"modified":"2022-03-25T12:41:34","modified_gmt":"2022-03-25T11:41:34","slug":"maurizio-zani-production-manager-de-errecom-spa","status":"publish","type":"post","link":"https:\/\/www.errecom.com\/es\/maurizio-zani-production-manager-de-errecom-spa\/","title":{"rendered":"Maurizio Zani: Production Manager de Errecom Spa"},"content":{"rendered":"\t\t<div data-elementor-type=\"wp-post\" data-elementor-id=\"46024\" class=\"elementor elementor-46024 elementor-31457\" data-elementor-post-type=\"post\">\n\t\t\t\t\t\t<section class=\"elementor-section elementor-top-section elementor-element elementor-element-21ba14fa elementor-section-boxed elementor-section-height-default elementor-section-height-default\" data-id=\"21ba14fa\" data-element_type=\"section\" id=\"article-head\">\n\t\t\t\t\t\t<div class=\"elementor-container elementor-column-gap-default\">\n\t\t\t\t\t<div class=\"elementor-column elementor-col-100 elementor-top-column elementor-element elementor-element-73e671fe\" data-id=\"73e671fe\" data-element_type=\"column\">\n\t\t\t<div class=\"elementor-widget-wrap elementor-element-populated\">\n\t\t\t\t\t\t<div class=\"elementor-element elementor-element-18e9a288 elementor-hidden-desktop elementor-hidden-tablet elementor-hidden-phone elementor-widget elementor-widget-html\" data-id=\"18e9a288\" data-element_type=\"widget\" data-widget_type=\"html.default\">\n\t\t\t\t<div class=\"elementor-widget-container\">\n\t\t\tConcreto y tenaz: con su dedici\u00f3n y su pragmatismo, Maurizio Zani dirige y coordina el departamento de producci\u00f3n de ... &nbsp;\t\t<\/div>\n\t\t\t\t<\/div>\n\t\t\t\t<div class=\"elementor-element elementor-element-f316dd4 elementor-widget elementor-widget-heading\" data-id=\"f316dd4\" data-element_type=\"widget\" data-widget_type=\"heading.default\">\n\t\t\t\t<div class=\"elementor-widget-container\">\n\t\t\t<h1 class=\"elementor-heading-title elementor-size-default\">Maurizio Zani: Production Manager de Errecom Spa<\/h1>\t\t<\/div>\n\t\t\t\t<\/div>\n\t\t\t\t<div class=\"elementor-element elementor-element-378a32d4 elementor-widget-divider--view-line elementor-widget elementor-widget-divider\" data-id=\"378a32d4\" data-element_type=\"widget\" data-widget_type=\"divider.default\">\n\t\t\t\t<div class=\"elementor-widget-container\">\n\t\t\t\t\t<div class=\"elementor-divider\">\n\t\t\t<span class=\"elementor-divider-separator\">\n\t\t\t\t\t\t<\/span>\n\t\t<\/div>\n\t\t\t\t<\/div>\n\t\t\t\t<\/div>\n\t\t\t\t<div class=\"elementor-element elementor-element-303785de elementor-widget elementor-widget-text-editor\" data-id=\"303785de\" data-element_type=\"widget\" data-widget_type=\"text-editor.default\">\n\t\t\t\t<div class=\"elementor-widget-container\">\n\t\t\t\t\t\t\tConcreto y tenaz: con su dedici\u00f3n y su pragmatismo, Maurizio Zani dirige y coordina el departamento de producci\u00f3n de Errecom desde tres a\u00f1os. En esta entrevista nos devela que destaca Errecom de otras realidades productivas, las satisfacciones conectadas con su trabajo y los desaf\u00edos que la empresa tiene que enfrentar en su futuro para garantizar una calidad y excelencia en el sector de AA\/R.\t\t\t\t\t\t<\/div>\n\t\t\t\t<\/div>\n\t\t\t\t<div class=\"elementor-element elementor-element-2e954c71 elementor-widget elementor-widget-shortcode\" data-id=\"2e954c71\" data-element_type=\"widget\" data-widget_type=\"shortcode.default\">\n\t\t\t\t<div class=\"elementor-widget-container\">\n\t\t\t\t\t<div class=\"elementor-shortcode\"><span class=\"my-reading-time\"><span class=\"my-reading-time-label\">Tiempo de lectura: <\/span><span class=\"my-reading-time-value\">10 min<\/span><\/span><\/div>\n\t\t\t\t<\/div>\n\t\t\t\t<\/div>\n\t\t\t\t\t<\/div>\n\t\t<\/div>\n\t\t\t\t\t<\/div>\n\t\t<\/section>\n\t\t\t\t<section class=\"elementor-section elementor-top-section elementor-element elementor-element-47df416c elementor-section-boxed elementor-section-height-default elementor-section-height-default\" data-id=\"47df416c\" data-element_type=\"section\">\n\t\t\t\t\t\t<div class=\"elementor-container elementor-column-gap-default\">\n\t\t\t\t\t<div class=\"elementor-column elementor-col-100 elementor-top-column elementor-element elementor-element-70076ac\" data-id=\"70076ac\" data-element_type=\"column\">\n\t\t\t<div class=\"elementor-widget-wrap elementor-element-populated\">\n\t\t\t\t\t\t<div class=\"elementor-element elementor-element-24ed211 elementor-widget elementor-widget-image\" data-id=\"24ed211\" data-element_type=\"widget\" data-widget_type=\"image.default\">\n\t\t\t\t<div class=\"elementor-widget-container\">\n\t\t\t\t\t\t\t\t\t\t\t\t\t<img fetchpriority=\"high\" decoding=\"async\" width=\"1152\" height=\"648\" src=\"https:\/\/www.errecom.com\/wp-content\/uploads\/2021\/02\/article-intervista-maurizio.jpg\" class=\"attachment-full size-full wp-image-31339\" alt=\"\" srcset=\"https:\/\/www.errecom.com\/wp-content\/uploads\/2021\/02\/article-intervista-maurizio.jpg 1152w, https:\/\/www.errecom.com\/wp-content\/uploads\/2021\/02\/article-intervista-maurizio-300x169.jpg 300w, https:\/\/www.errecom.com\/wp-content\/uploads\/2021\/02\/article-intervista-maurizio-1024x576.jpg 1024w, https:\/\/www.errecom.com\/wp-content\/uploads\/2021\/02\/article-intervista-maurizio-768x432.jpg 768w, https:\/\/www.errecom.com\/wp-content\/uploads\/2021\/02\/article-intervista-maurizio-100x56.jpg 100w\" sizes=\"(max-width: 1152px) 100vw, 1152px\" \/>\t\t\t\t\t\t\t\t\t\t\t\t\t<\/div>\n\t\t\t\t<\/div>\n\t\t\t\t\t<\/div>\n\t\t<\/div>\n\t\t\t\t\t<\/div>\n\t\t<\/section>\n\t\t\t\t<section class=\"elementor-section elementor-top-section elementor-element elementor-element-579bab07 elementor-section-boxed elementor-section-height-default elementor-section-height-default\" data-id=\"579bab07\" data-element_type=\"section\" id=\"article-body\">\n\t\t\t\t\t\t<div class=\"elementor-container elementor-column-gap-default\">\n\t\t\t\t\t<div class=\"elementor-column elementor-col-100 elementor-top-column elementor-element elementor-element-6b4a5ab1\" data-id=\"6b4a5ab1\" data-element_type=\"column\">\n\t\t\t<div class=\"elementor-widget-wrap elementor-element-populated\">\n\t\t\t\t<!-- hidden widget -->\t\t<div class=\"elementor-element elementor-element-2f0b3528 dc-has-condition dc-condition-contains elementor-widget elementor-widget-text-editor\" data-id=\"2f0b3528\" data-element_type=\"widget\" data-widget_type=\"text-editor.default\">\n\t\t\t\t<div class=\"elementor-widget-container\">\n\t\t\t\t\t\t\t<h2><strong>1) Ya sabemos que conoces a Luca, el presidente de Errecom, desde muchos a\u00f1os, sin embargo tu aventura en la empresa ha empezado en los \u00faltimos tiempos. \u00bfTe gustar\u00eda compartir con nosotros algunos detalles? \u00bfQu\u00e9 te incit\u00f3, despu\u00e9s de muchos a\u00f1os como responsable de producci\u00f3n en el sector metalmec\u00e1nico, a trabajar para Errecom?<\/strong><\/h2><p>Como ya dijistes, Luca y yo somos amigos desde hace mucho tiempo. Nos conocimos de adolescentes, fuimos compa\u00f1eros de clase del Instituto T\u00e9cnico y sal\u00edamos con el mismo grupo de amigos. Despu\u00e9s, con el tiempo, tomamos caminos diferentes. Yo me cas\u00e9 y ambos seguimos dedic\u00e1ndonos a nuestras carreras profesionales. En cualquier caso, siempre hemos quedado en contacto y nunca nos perdimos de vista.<br \/>Y as\u00ed, hace unos a\u00f1os, en ocasi\u00f3n de unas de nuestras llamadas, le expres\u00e9 mi deseo de acercarme a una realidad m\u00e1s adecuada para mi.<br \/>El destino hizo que \u00e9l, en aquel momento, estaba buscando a un responsable de producci\u00f3n, alguien con esperiencia y competencias, y al mismo tiempo alguien en que confiar. As\u00ed ambos encontramos en el otro la respuesta a nuestras exigencias que est\u00e1bamos buscando: \u00a1as\u00ed empez\u00e9 mi aventura aqu\u00ed!<\/p><p>\u00a0<\/p><h2><strong>2) \u00bfCon respeto a tus experiencias profesionales anteriores, qu\u00e9 has encontrado en Errecom que m\u00e1s te ha sorprendido?<\/strong><\/h2><p>Adem\u00e1s de la atenci\u00f3n a la calidad, la precisi\u00f3n y la puntualidad (todos pluses que mis colegas de los otros departamentos ya han subrayado varias veces), querr\u00eda mencionar la importancia que se atribuye a la comodidad de los trabajadores. En todas parte se respira una atm\u00f3sfera confortable y agradable, que convierte el trabajo en placer. No tiene que darse por obvio este aspecto, \u00a1sobre todo por lo que concierne el departamento de producci\u00f3n!<br \/>Por ejemplo, en Errecom tambi\u00e9n este departamento tiene aire acondicionado, garantizando a nuestros trabajadores un lugar fresco en verano y c\u00e1lido en invierno para la execuci\u00f3n de sus deberes diarios. Sin hablar del nivel de limpieza: tengo que admitir que nunca vi suelos tan limpios y lindos en los departamentos de producci\u00f3n en los que hab\u00eda trabajado hasta ahora. iY ten\u00e9is en cuenta que est\u00e1n pintados de blanco! Para concluir, otro aspecto que agradezco es la m\u00fasica que en producci\u00f3n nos acompa\u00f1a todo el d\u00eda: podr\u00eda parecer una tonter\u00eda pero esa hace que el trabajo sea menos estresante, favoreciendo as\u00ed la cocentraci\u00f3n y la motivaci\u00f3n de todos.<\/p><p>\u00a0<\/p><h2><strong>3) \u00bfCuales son las caracter\u00edsticas que consideras esenciales para manejar un departamento de producci\u00f3n?<\/strong><\/h2><p>Por cierto, si necesita de organizaci\u00f3n, precisi\u00f3n y resoluci\u00f3n. M\u00e9todo y planificaci\u00f3n son fundamentales para manejar los tiempos y los esqu\u00e9mas dictados por las nuevas tecnolog\u00edas de automaci\u00f3n y hacer que \u00e9stas \u00faltimas se disfruten en direcci\u00f3n de m\u00e1xima eficiencia y a total asistencia de nosostros. Adem\u00e1s, para cubrir de la mejor manera posible este papel, no se debe subestimar la exigencia de un aspecto m\u00e1s humano, emp\u00e1tico. En calidad de responsable de producci\u00f3n es importante saber crear un equipo que sepa trabajar junto, hecho de personas que llevan respeto las unas por las otras, colaborando para ganar un resultado com\u00fan.<\/p><p>\u00a0<\/p><h2><strong>4) \u00bfQu\u00e9 te hace feliz y satisfecho en este trabajo?<\/strong><\/h2><p>La satisfacci\u00f3n es de tener la posibilidad de hacer el trabajo que me gusta. Cada d\u00eda me encuentro en situaciones que me permiten practicar mis competencias adquiridas en a\u00f1os de experiencias y duro trabajo.<\/p><p>\u00a0<\/p><h2><strong>5) \u00bfQu\u00e9 te gustar\u00eda aconsejar a los j\u00f3venes que empiezan una carrera en la producci\u00f3n?<\/strong><\/h2><p>Lo que puedo recomandar es de trabajar siempre en optica de mejorarse cada d\u00eda y de hacer frente a los problemas como si fueran desaf\u00edos. Tienen que estar listos a ensuciarse las manos, como tiene que ser en un departamento de producci\u00f3n, pero al mismo tiempo ser capaces de utilizar la cabeza. Hoy en d\u00eda no es aceptable la idea de trabajar como si se encontrase en una simple cadena de montaje. Podemos y tenemos que llevar un valor a\u00f1adido al proceso de producci\u00f3n, pero para hacerlo es nececario tener motivaci\u00f3n, gana de hacer y sobre todo ingenio.<\/p><p>\u00a0<\/p><h2><strong>6) Errecom ha crecido en manera exponencial en los \u00faltimos a\u00f1os. \u00bfQu\u00e9 ha significado esta expansi\u00f3n en t\u00e9rminos productivos?<\/strong><\/h2><p>Trabajo en Errecom solo desde tres a\u00f1os pero, propio por mi amistad con Luca, conozco muy bien la evoluci\u00f3n que ha seguido la empresa desde 2001 hasta hoy. La innovaci\u00f3n es la mejor tarjeta de visita por un brand, de hecho no sorprende pensar en los saltos de calidad hechos por Errecom. Las exportaciones en m\u00e1s de 130 pa\u00edses en el mundo han hecho necesaria la abertura de sucursales extranjeras, sin embargo el top management ha decidido mantener la producci\u00f3n en Italia para garantizar un control apretado sobre el total proceso productivo asegurando la m\u00e1xima calidad y haciendo lo m\u00e1s r\u00e1pido posible el pasaje de la idea a la comercializaci\u00f3n. Esto ha requerido inevitablemente el utilizo de tecnolog\u00edas cada vez m\u00e1s vanguardistas e integradas, como Industria 4.0, para manajer tiempos y cuestos de una empresa en llena espansi\u00f3n. El camino es todav\u00eda largo, pero nos encontramos en la direcci\u00f3n correcta y sobre todo tenemos la conciencia de que los mejores resultados vienen de una evoluci\u00f3n constante.<\/p><p>\u00a0<\/p><h2><strong>7) \u00bfTe agradecer\u00eda revelarnos una vista previa de lo que van a ser los desaf\u00edos que el departamento de producci\u00f3n de Errecom se est\u00e1n preparando para enfrentar en su pr\u00f3ximo futuro?<\/strong><\/h2><p>El proceso de expansi\u00f3n que concierne la empresa se refleja inevitablemente en nuevas exigencias de personal. Antes que todo, la necesidad de insertar en el personal figuras calificadas que sepan manejar los niveles de automaci\u00f3n de las l\u00edneas productivas siempre m\u00e1s elevados y que seguir\u00e1n un curso de formaci\u00f3n interno espec\u00edfico. Esto confirma que para Errecom la innovaci\u00f3n y la calidad forman la base de cada proceso.<\/p>\t\t\t\t\t\t<\/div>\n\t\t\t\t<\/div>\n\t\t\t\t\t<\/div>\n\t\t<\/div>\n\t\t\t\t\t<\/div>\n\t\t<\/section>\n\t\t\t\t<\/div>\n\t\t","protected":false},"excerpt":{"rendered":"<p>Concreto y tenaz: con su dedici\u00f3n y su pragmatismo, Maurizio Zani dirige y coordina el departamento de producci\u00f3n de &#8230; &nbsp; Maurizio Zani: Production Manager de Errecom Spa Concreto y tenaz: con su dedici\u00f3n y su pragmatismo, Maurizio Zani dirige y coordina el departamento de producci\u00f3n de Errecom desde tres a\u00f1os. En esta entrevista nos [&hellip;]<\/p>\n <a href=\"https:\/\/www.errecom.com\/es\/maurizio-zani-production-manager-de-errecom-spa\/\" class=\"more-link\" title=\"Read More\">Leer m\u00e1s<\/a>","protected":false},"author":1,"featured_media":31343,"comment_status":"closed","ping_status":"closed","sticky":false,"template":"","format":"standard","meta":{"_acf_changed":false,"footnotes":""},"categories":[51,152],"tags":[],"yst_prominent_words":[],"class_list":["post-46024","post","type-post","status-publish","format-standard","has-post-thumbnail","hentry","category-dietro-le-quinte","category-entre-bastidores"],"acf":[],"_links":{"self":[{"href":"https:\/\/www.errecom.com\/es\/wp-json\/wp\/v2\/posts\/46024","targetHints":{"allow":["GET"]}}],"collection":[{"href":"https:\/\/www.errecom.com\/es\/wp-json\/wp\/v2\/posts"}],"about":[{"href":"https:\/\/www.errecom.com\/es\/wp-json\/wp\/v2\/types\/post"}],"author":[{"embeddable":true,"href":"https:\/\/www.errecom.com\/es\/wp-json\/wp\/v2\/users\/1"}],"replies":[{"embeddable":true,"href":"https:\/\/www.errecom.com\/es\/wp-json\/wp\/v2\/comments?post=46024"}],"version-history":[{"count":48,"href":"https:\/\/www.errecom.com\/es\/wp-json\/wp\/v2\/posts\/46024\/revisions"}],"predecessor-version":[{"id":64628,"href":"https:\/\/www.errecom.com\/es\/wp-json\/wp\/v2\/posts\/46024\/revisions\/64628"}],"wp:featuredmedia":[{"embeddable":true,"href":"https:\/\/www.errecom.com\/es\/wp-json\/wp\/v2\/media\/31343"}],"wp:attachment":[{"href":"https:\/\/www.errecom.com\/es\/wp-json\/wp\/v2\/media?parent=46024"}],"wp:term":[{"taxonomy":"category","embeddable":true,"href":"https:\/\/www.errecom.com\/es\/wp-json\/wp\/v2\/categories?post=46024"},{"taxonomy":"post_tag","embeddable":true,"href":"https:\/\/www.errecom.com\/es\/wp-json\/wp\/v2\/tags?post=46024"},{"taxonomy":"yst_prominent_words","embeddable":true,"href":"https:\/\/www.errecom.com\/es\/wp-json\/wp\/v2\/yst_prominent_words?post=46024"}],"curies":[{"name":"wp","href":"https:\/\/api.w.org\/{rel}","templated":true}]}}