{"id":73465,"date":"2024-02-13T14:40:24","date_gmt":"2024-02-13T13:40:24","guid":{"rendered":"https:\/\/www.errecom.com\/nachhaltigkeit-und-energieeffizienz-fuer-hlk\/"},"modified":"2024-02-13T15:32:45","modified_gmt":"2024-02-13T14:32:45","slug":"nachhaltigkeit-und-energieeffizienz-fuer-hlk","status":"publish","type":"post","link":"https:\/\/www.errecom.com\/de\/nachhaltigkeit-und-energieeffizienz-fuer-hlk\/","title":{"rendered":"Nachhaltigkeit und Energieeffizienz f\u00fcr HLK"},"content":{"rendered":"\t\t<div data-elementor-type=\"wp-post\" data-elementor-id=\"73465\" class=\"elementor elementor-73465 elementor-73415\" data-elementor-post-type=\"post\">\n\t\t\t\t\t\t<section class=\"elementor-section elementor-top-section elementor-element elementor-element-7e0a3a3f elementor-section-boxed elementor-section-height-default elementor-section-height-default\" data-id=\"7e0a3a3f\" data-element_type=\"section\" id=\"article-head\">\n\t\t\t\t\t\t<div class=\"elementor-container elementor-column-gap-default\">\n\t\t\t\t\t<div class=\"elementor-column elementor-col-100 elementor-top-column elementor-element elementor-element-6c42660\" data-id=\"6c42660\" data-element_type=\"column\">\n\t\t\t<div class=\"elementor-widget-wrap elementor-element-populated\">\n\t\t\t\t\t\t<div class=\"elementor-element elementor-element-2a64c862 elementor-widget elementor-widget-heading\" data-id=\"2a64c862\" data-element_type=\"widget\" data-widget_type=\"heading.default\">\n\t\t\t\t<div class=\"elementor-widget-container\">\n\t\t\t<h1 class=\"elementor-heading-title elementor-size-default\">Nachhaltigkeit und Energieeffizienz f\u00fcr HLK<\/h1>\t\t<\/div>\n\t\t\t\t<\/div>\n\t\t\t\t<div class=\"elementor-element elementor-element-134eed5b elementor-widget elementor-widget-text-editor\" data-id=\"134eed5b\" data-element_type=\"widget\" data-widget_type=\"text-editor.default\">\n\t\t\t\t<div class=\"elementor-widget-container\">\n\t\t\t\t\t\t\t<p>Nachhaltigkeit und Energieeffizienz: Ein Tag reicht aus, um sie zu feiern, Jahre der Forschung, st\u00e4ndiges Engagement und eine zukunftsorientierte Strategie, um sie zu erreichen. Der Nationale Tag des Energiesparens und des nachhaltigen Lebensstils, der letztes Jahr am 16. Februar nach der Umsetzung des Gesetzesdekrets Nr. 17\/2022 durch das italienische Parlament offiziell eingef\u00fchrt wurde, soll den Schutz der Umwelt und der nat\u00fcrlichen Ressourcen auf nationaler Ebene f\u00f6rdern.<\/p>\n\t\t\t\t\t\t<\/div>\n\t\t\t\t<\/div>\n\t\t\t\t<div class=\"elementor-element elementor-element-4808506 elementor-widget elementor-widget-shortcode\" data-id=\"4808506\" data-element_type=\"widget\" data-widget_type=\"shortcode.default\">\n\t\t\t\t<div class=\"elementor-widget-container\">\n\t\t\t\t\t<div class=\"elementor-shortcode\"><span class=\"my-reading-time\"><span class=\"my-reading-time-label\">Lesezeit: <\/span><span class=\"my-reading-time-value\">4 min<\/span><\/span><\/div>\n\t\t\t\t<\/div>\n\t\t\t\t<\/div>\n\t\t\t\t\t<\/div>\n\t\t<\/div>\n\t\t\t\t\t<\/div>\n\t\t<\/section>\n\t\t\t\t<section class=\"elementor-section elementor-top-section elementor-element elementor-element-72470d26 elementor-section-boxed elementor-section-height-default elementor-section-height-default\" data-id=\"72470d26\" data-element_type=\"section\">\n\t\t\t\t\t\t<div class=\"elementor-container elementor-column-gap-default\">\n\t\t\t\t\t<div class=\"elementor-column elementor-col-100 elementor-top-column elementor-element elementor-element-24d21535\" data-id=\"24d21535\" data-element_type=\"column\">\n\t\t\t<div class=\"elementor-widget-wrap elementor-element-populated\">\n\t\t\t\t\t\t<div class=\"elementor-element elementor-element-6133ca6b elementor-widget elementor-widget-image\" data-id=\"6133ca6b\" data-element_type=\"widget\" data-widget_type=\"image.default\">\n\t\t\t\t<div class=\"elementor-widget-container\">\n\t\t\t\t\t\t\t\t\t\t\t\t\t<img fetchpriority=\"high\" decoding=\"async\" width=\"1152\" height=\"648\" src=\"https:\/\/www.errecom.com\/wp-content\/uploads\/2023\/02\/GIORNATA-DEL-RISPARMIO.jpg\" class=\"attachment-full size-full wp-image-73426\" alt=\"\" srcset=\"https:\/\/www.errecom.com\/wp-content\/uploads\/2023\/02\/GIORNATA-DEL-RISPARMIO.jpg 1152w, https:\/\/www.errecom.com\/wp-content\/uploads\/2023\/02\/GIORNATA-DEL-RISPARMIO-300x169.jpg 300w, https:\/\/www.errecom.com\/wp-content\/uploads\/2023\/02\/GIORNATA-DEL-RISPARMIO-1024x576.jpg 1024w, https:\/\/www.errecom.com\/wp-content\/uploads\/2023\/02\/GIORNATA-DEL-RISPARMIO-768x432.jpg 768w, https:\/\/www.errecom.com\/wp-content\/uploads\/2023\/02\/GIORNATA-DEL-RISPARMIO-100x56.jpg 100w\" sizes=\"(max-width: 1152px) 100vw, 1152px\" \/>\t\t\t\t\t\t\t\t\t\t\t\t\t<\/div>\n\t\t\t\t<\/div>\n\t\t\t\t\t<\/div>\n\t\t<\/div>\n\t\t\t\t\t<\/div>\n\t\t<\/section>\n\t\t\t\t<section class=\"elementor-section elementor-top-section elementor-element elementor-element-49a11c0 dc-has-condition dc-condition-contains elementor-section-boxed elementor-section-height-default elementor-section-height-default\" data-id=\"49a11c0\" data-element_type=\"section\" id=\"article-body\">\n\t\t\t\t\t\t<div class=\"elementor-container elementor-column-gap-default\">\n\t\t\t\t\t<div class=\"elementor-column elementor-col-100 elementor-top-column elementor-element elementor-element-4564feb7\" data-id=\"4564feb7\" data-element_type=\"column\">\n\t\t\t<div class=\"elementor-widget-wrap elementor-element-populated\">\n\t\t\t\t\t\t<div class=\"elementor-element elementor-element-55305db7 elementor-widget elementor-widget-text-editor\" data-id=\"55305db7\" data-element_type=\"widget\" data-widget_type=\"text-editor.default\">\n\t\t\t\t<div class=\"elementor-widget-container\">\n\t\t\t\t\t\t\t<p>Ein Lebensstil, eine Entscheidung, eines der meist diskutierten Themen der letzten Jahrzehnte: Nachhaltigkeit. \u00c4u\u00dferst aktuell, herausfordernd und manchmal leider auch als Trend ausgenutzt, um die aktuelle Trendwelle zu nutzen. Definiert als &#8222;eine Entwicklungsbedingung, die sicherstellt, dass die Bed\u00fcrfnisse der heutigen Generation befriedigt werden, ohne die F\u00e4higkeit k\u00fcnftiger Generationen zu gef\u00e4hrden, ihre eigenen Bed\u00fcrfnisse zu befriedigen&#8220;, erfordert Nachhaltigkeit ein verantwortungsvolles und ausgewogenes Management der derzeitigen wirtschaftlichen, sozialen und \u00f6kologischen Bed\u00fcrfnisse. Und genau aus diesem Grund kann es keine Nachhaltigkeit ohne Energieeffizienz geben: Die Vermeidung von Abf\u00e4llen, die Reduzierung von CO<sub>2<\/sub>-Emissionen und die Senkung des Verbrauchs von Anlagen, Strukturen und Geb\u00e4uden ist eines der Hauptziele von Regierungen, Institutionen und Unternehmen, die sich der Nachhaltigkeit verschrieben haben. Der Nationale Tag des Energiesparens und der nachhaltigen Lebensweise hat genau das zum Ziel: das Land f\u00fcr diese Themen zu sensibilisieren und Aktivit\u00e4ten, Veranstaltungen und Initiativen zu f\u00f6rdern, die das Bewusstsein der B\u00fcrgerinnen und B\u00fcrger sch\u00e4rfen und ein tugendhaftes Verhalten im Sinne der Nachhaltigkeit anregen. Ein deutliches Beispiel daf\u00fcr ist die Initiative der Radiosendung Caterpillar von Rai Radio 2, <a href=\"https:\/\/www.raiplaysound.it\/articoli\/2021\/11\/Millumino-di-Meno-a40952e7-b8ec-44f3-967e-6d3c776df5e2.html\" target=\"_blank\" rel=\"noopener\">M&#8217;illumino di Meno<\/a>, die bereits vor der Einf\u00fchrung dieses Tages ins Leben gerufen wurde und auf das Jahr 2005 zur\u00fcckgeht, als die Sendung anl\u00e4sslich des Inkrafttretens des Kyoto-Protokolls den H\u00f6rern vorschlug, ihr Licht auszuschalten, um die Umweltbelastung zu verringern. Im Laufe der Jahre hat sich die gr\u00fcne Kampagne weiterentwickelt und verschiedene Ideen und Projekte vorgeschlagen und umgesetzt: B\u00e4ume pflanzen, das Fahrrad dem Auto vorziehen, nachhaltiger konsumieren, Lebensmittelabf\u00e4lle vermeiden, richtig recyceln, saubere Energie nutzen. Mehrere Organisationen und Verb\u00e4nde beteiligen sich seit Jahren an der Radio-Initiative, wie z. B. Fai, die in diesem Jahr Abendessen bei Kerzenlicht an exklusiven Orten und Men\u00fcs mit Null-Kilometer-Zutaten organisiert hat.<\/p>\n<p>Der HLK-Sektor seinerseits steht seit mehreren Jahren im Mittelpunkt der Energiefrage und des Schutzes des Planeten. In Fachkreisen w\u00e4chst die Einsicht, dass der K\u00e4ltesektor zur Verbesserung der Energieeffizienz von Geb\u00e4uden und Verkehrsmitteln beitragen kann und sollte, um eine gr\u00f6\u00dfere Nachhaltigkeit und einen besseren Lebensstil f\u00fcr die Weltgemeinschaft zu erreichen.<\/p>\n<p>Auch Errecom hat sich als Akteur der Branche verpflichtet, seinen Teil dazu beizutragen. Dies zeigt sich darin, dass Errecom bereits zum zweiten Mal in Folge mit dem Nachhaltigkeitspreis ausgezeichnet wurde, wodurch <a href=\"https:\/\/forbes.it\/2022\/10\/20\/sustainability-award-kon-group-e-credit-suisse-premiano-le-eccellenze-della-sostenibilita\/\" target=\"_blank\" rel=\"noopener\">Errecom zu den 100 nachhaltigsten Unternehmen in Italien z\u00e4hlt<\/a>. Das Unternehmen mit Sitz in Brescia tr\u00e4gt mit Hilfe der Chemie dazu bei, die Effizienz von W\u00e4rmepumpen, Klimaanlagen und K\u00fchlsystemen zu verbessern. Solche Systeme sollten nicht nur als eine Reihe von mechanischen Komponenten verstanden werden. Zum Betrieb tragen auch K\u00fchlgas und Schmiermittel bei, Elemente, die, wenn sie vernachl\u00e4ssigt werden, im Laufe der Zeit unweigerlich chemisch zerfallen und Mikrolecks, \u00d6lverschmutzung, Feuchtigkeit und S\u00e4urebildung verursachen. Ganz zu schweigen von Schmutz und Staub, die sich im Laufe der Zeit unweigerlich auf den Lamellenregistern der Innen- und Au\u00dfenger\u00e4te ansammeln. Instandhaltung und Sauberkeit sind also das Gebot der Stunde!<\/p>\n<p>Das Chemielabor konzentriert sich nicht nur auf die Suche nach immer innovativeren Produkten zur Steigerung der Effizienz und der nachhaltigen Instandhaltung von Anlagen, sondern Errecom engagiert sich auch seit Jahren in der F\u00f6rderung von Schulungen, <a href=\"https:\/\/www.youtube.com\/watch?t=7218&amp;v=BZJfpy-wARk&amp;feature=youtu.be\">Webinaren<\/a> und Vortr\u00e4gen, um die Sensibilit\u00e4t und das Bewusstsein f\u00fcr die M\u00f6glichkeiten der \u00d6kologisierung des HLK-Sektors zu erh\u00f6hen. F\u00fcr weitere Informationen \u00fcber die Wartung von K\u00e4lte- und Klimaanlagen <a href=\"https:\/\/www.errecom.com\/de\/errecom-academy\/\" target=\"_blank\" rel=\"noopener\">melden Sie sich bei der Errecom Academy an<\/a>! Es ist einfach, schnell und\u2026 kostenlos!<\/p>\n\t\t\t\t\t\t<\/div>\n\t\t\t\t<\/div>\n\t\t\t\t\t<\/div>\n\t\t<\/div>\n\t\t\t\t\t<\/div>\n\t\t<\/section>\n\t\t\t\t<\/div>\n\t\t","protected":false},"excerpt":{"rendered":"<p>Nachhaltigkeit und Energieeffizienz f\u00fcr HLK Nachhaltigkeit und Energieeffizienz: Ein Tag reicht aus, um sie zu feiern, Jahre der Forschung, st\u00e4ndiges Engagement und eine zukunftsorientierte Strategie, um sie zu erreichen. Der Nationale Tag des Energiesparens und des nachhaltigen Lebensstils, der letztes Jahr am 16. Februar nach der Umsetzung des Gesetzesdekrets Nr. 17\/2022 durch das italienische Parlament [&hellip;]<\/p>\n <a href=\"https:\/\/www.errecom.com\/de\/nachhaltigkeit-und-energieeffizienz-fuer-hlk\/\" class=\"more-link\" title=\"Read More\">Mehr lesen<\/a>","protected":false},"author":7,"featured_media":73430,"comment_status":"closed","ping_status":"closed","sticky":false,"template":"","format":"standard","meta":{"_acf_changed":false,"footnotes":""},"categories":[55],"tags":[],"yst_prominent_words":[],"class_list":["post-73465","post","type-post","status-publish","format-standard","has-post-thumbnail","hentry","category-manutenzione-impianti-ac-r"],"acf":[],"_links":{"self":[{"href":"https:\/\/www.errecom.com\/de\/wp-json\/wp\/v2\/posts\/73465","targetHints":{"allow":["GET"]}}],"collection":[{"href":"https:\/\/www.errecom.com\/de\/wp-json\/wp\/v2\/posts"}],"about":[{"href":"https:\/\/www.errecom.com\/de\/wp-json\/wp\/v2\/types\/post"}],"author":[{"embeddable":true,"href":"https:\/\/www.errecom.com\/de\/wp-json\/wp\/v2\/users\/7"}],"replies":[{"embeddable":true,"href":"https:\/\/www.errecom.com\/de\/wp-json\/wp\/v2\/comments?post=73465"}],"version-history":[{"count":5,"href":"https:\/\/www.errecom.com\/de\/wp-json\/wp\/v2\/posts\/73465\/revisions"}],"predecessor-version":[{"id":77688,"href":"https:\/\/www.errecom.com\/de\/wp-json\/wp\/v2\/posts\/73465\/revisions\/77688"}],"wp:featuredmedia":[{"embeddable":true,"href":"https:\/\/www.errecom.com\/de\/wp-json\/wp\/v2\/media\/73430"}],"wp:attachment":[{"href":"https:\/\/www.errecom.com\/de\/wp-json\/wp\/v2\/media?parent=73465"}],"wp:term":[{"taxonomy":"category","embeddable":true,"href":"https:\/\/www.errecom.com\/de\/wp-json\/wp\/v2\/categories?post=73465"},{"taxonomy":"post_tag","embeddable":true,"href":"https:\/\/www.errecom.com\/de\/wp-json\/wp\/v2\/tags?post=73465"},{"taxonomy":"yst_prominent_words","embeddable":true,"href":"https:\/\/www.errecom.com\/de\/wp-json\/wp\/v2\/yst_prominent_words?post=73465"}],"curies":[{"name":"wp","href":"https:\/\/api.w.org\/{rel}","templated":true}]}}