{"id":58463,"date":"2021-08-12T18:34:56","date_gmt":"2021-08-12T16:34:56","guid":{"rendered":"https:\/\/www.errecom.com\/errecom-die-staerke-und-dynamik-eines-unternehmens-unter-40\/"},"modified":"2022-11-18T11:22:56","modified_gmt":"2022-11-18T10:22:56","slug":"errecom-die-staerke-und-dynamik-eines-unternehmens-unter-40","status":"publish","type":"post","link":"https:\/\/www.errecom.com\/de\/errecom-die-staerke-und-dynamik-eines-unternehmens-unter-40\/","title":{"rendered":"Errecom: Die St\u00e4rke und Dynamik eines Unternehmens unter 40"},"content":{"rendered":"\t\t<div data-elementor-type=\"wp-post\" data-elementor-id=\"58463\" class=\"elementor elementor-58463 elementor-58431\" data-elementor-post-type=\"post\">\n\t\t\t\t\t\t<section class=\"elementor-section elementor-top-section elementor-element elementor-element-6575d6e3 elementor-section-boxed elementor-section-height-default elementor-section-height-default\" data-id=\"6575d6e3\" data-element_type=\"section\" id=\"article-head\">\n\t\t\t\t\t\t<div class=\"elementor-container elementor-column-gap-default\">\n\t\t\t\t\t<div class=\"elementor-column elementor-col-100 elementor-top-column elementor-element elementor-element-82fbec7\" data-id=\"82fbec7\" data-element_type=\"column\">\n\t\t\t<div class=\"elementor-widget-wrap elementor-element-populated\">\n\t\t\t\t\t\t<div class=\"elementor-element elementor-element-65172d4a elementor-widget elementor-widget-heading\" data-id=\"65172d4a\" data-element_type=\"widget\" data-widget_type=\"heading.default\">\n\t\t\t\t<div class=\"elementor-widget-container\">\n\t\t\t<h1 class=\"elementor-heading-title elementor-size-default\">Errecom: Die St\u00e4rke und Dynamik eines Unternehmens unter 40<\/h1>\t\t<\/div>\n\t\t\t\t<\/div>\n\t\t\t\t<div class=\"elementor-element elementor-element-130f01a2 elementor-widget elementor-widget-text-editor\" data-id=\"130f01a2\" data-element_type=\"widget\" data-widget_type=\"text-editor.default\">\n\t\t\t\t<div class=\"elementor-widget-container\">\n\t\t\t\t\t\t\t72 % der Besch\u00e4ftigten sind unter 40: jung und dynamisch. Es handelt sich um die Besch\u00e4ftigten von Errecom SPA, einem Unternehmen, dass sich bereits zu Beginn seiner Existenz von anderen Unternehmen abgehoben hat, indem es sich mit einem jungen und unternehmerischen Team pr\u00e4sentiert hat, das im Laufe der Jahre gewachsen ist und weiterhin auf junge K\u00f6pfe mit innovativen Ideen setzt.\t\t\t\t\t\t<\/div>\n\t\t\t\t<\/div>\n\t\t\t\t<div class=\"elementor-element elementor-element-1db81df1 elementor-widget elementor-widget-shortcode\" data-id=\"1db81df1\" data-element_type=\"widget\" data-widget_type=\"shortcode.default\">\n\t\t\t\t<div class=\"elementor-widget-container\">\n\t\t\t\t\t<div class=\"elementor-shortcode\"><span class=\"my-reading-time\"><span class=\"my-reading-time-label\">Lesezeit: <\/span><span class=\"my-reading-time-value\">3 min<\/span><\/span><\/div>\n\t\t\t\t<\/div>\n\t\t\t\t<\/div>\n\t\t\t\t\t<\/div>\n\t\t<\/div>\n\t\t\t\t\t<\/div>\n\t\t<\/section>\n\t\t\t\t<section class=\"elementor-section elementor-top-section elementor-element elementor-element-4ecc1fea elementor-section-boxed elementor-section-height-default elementor-section-height-default\" data-id=\"4ecc1fea\" data-element_type=\"section\">\n\t\t\t\t\t\t<div class=\"elementor-container elementor-column-gap-default\">\n\t\t\t\t\t<div class=\"elementor-column elementor-col-100 elementor-top-column elementor-element elementor-element-25c691c1\" data-id=\"25c691c1\" data-element_type=\"column\">\n\t\t\t<div class=\"elementor-widget-wrap elementor-element-populated\">\n\t\t\t\t\t\t<div class=\"elementor-element elementor-element-2c16fe12 elementor-widget elementor-widget-image\" data-id=\"2c16fe12\" data-element_type=\"widget\" data-widget_type=\"image.default\">\n\t\t\t\t<div class=\"elementor-widget-container\">\n\t\t\t\t\t\t\t\t\t\t\t\t\t<img fetchpriority=\"high\" decoding=\"async\" width=\"1152\" height=\"648\" src=\"https:\/\/www.errecom.com\/wp-content\/uploads\/2021\/08\/youth-notizia.png\" class=\"attachment-full size-full wp-image-58445\" alt=\"\" srcset=\"https:\/\/www.errecom.com\/wp-content\/uploads\/2021\/08\/youth-notizia.png 1152w, https:\/\/www.errecom.com\/wp-content\/uploads\/2021\/08\/youth-notizia-300x169.png 300w, https:\/\/www.errecom.com\/wp-content\/uploads\/2021\/08\/youth-notizia-1024x576.png 1024w, https:\/\/www.errecom.com\/wp-content\/uploads\/2021\/08\/youth-notizia-768x432.png 768w, https:\/\/www.errecom.com\/wp-content\/uploads\/2021\/08\/youth-notizia-100x56.png 100w\" sizes=\"(max-width: 1152px) 100vw, 1152px\" \/>\t\t\t\t\t\t\t\t\t\t\t\t\t<\/div>\n\t\t\t\t<\/div>\n\t\t\t\t\t<\/div>\n\t\t<\/div>\n\t\t\t\t\t<\/div>\n\t\t<\/section>\n\t\t\t\t<section class=\"elementor-section elementor-top-section elementor-element elementor-element-3569a15c dc-has-condition dc-condition-contains elementor-section-boxed elementor-section-height-default elementor-section-height-default\" data-id=\"3569a15c\" data-element_type=\"section\" id=\"article-body\">\n\t\t\t\t\t\t<div class=\"elementor-container elementor-column-gap-default\">\n\t\t\t\t\t<div class=\"elementor-column elementor-col-100 elementor-top-column elementor-element elementor-element-26bb906b\" data-id=\"26bb906b\" data-element_type=\"column\">\n\t\t\t<div class=\"elementor-widget-wrap elementor-element-populated\">\n\t\t\t\t\t\t<div class=\"elementor-element elementor-element-68272edc elementor-widget elementor-widget-text-editor\" data-id=\"68272edc\" data-element_type=\"widget\" data-widget_type=\"text-editor.default\">\n\t\t\t\t<div class=\"elementor-widget-container\">\n\t\t\t\t\t\t\t<p>\u201eMillennials\u201c. So werden Menschen definiert, die zwischen den Jahren 1981 und 1995 geboren wurden und zur Generation-Y geh\u00f6ren. In Italien sind dies um die 11,2 Millionen Menschen und bei Errecom machen diese 65 % der Unternehmensbelegschaft aus. Es handelt sich um die \u00dcbergangsgeneration, die bei der Geburtsstunde des Internets dabei war und zur allm\u00e4hlichen Verbreitung der sozialen Netzwerke in unserem t\u00e4glichen Leben beigetragen hat. Millennials sind echte Weltb\u00fcrger, die aufgeschlossen sind und das Neue in all seinen Formen entdecken m\u00f6chten: Kulturen, Sprachen, Orte, Prozesse. Wahre Abenteurer, die damit aufgewachsen sind, dass das Netzwerk kulturelle Schranken \u00fcberwindet und die in dem Konzept des Teilens und sich mitteilen eine neue Art ihre Geschichten zu erz\u00e4hlen gefunden hat. Innovation, Inspiration und Idealismus: Dies sind die drei \u201ci-Schlagw\u00f6rter\u201d mit denen sich die Millennials identifizieren. Eine Realit\u00e4t, bei bei Errecom ganz offensichtlich ist und die sich von anderen Unternehmen der Branche unterscheidet aufgrund seines Umweltversprechens, des Vorhandenseins einer eigenen Forschungs- und Entwicklungsabteilung und dem Engagement mit Kreativit\u00e4t die Produkte einzigartig und wiedererkennbar auf dem Markt zu bringen.<\/p>\n<p>Es gibt jedoch nicht nur die Millennials. 7 % des Teams von Errecom geh\u00f6ren zur sog. Generation-Z, sprich alldiejenigen, die zwischen den Jahren 1996 und 2012 geboren sind. Ihr Motto lautet: Kein Plastik und null Abfall: die \u201cPost-Millennials\u201d (so wird die Nachfolgegeneration auch genannt) sind sowohl in \u00f6kologischer als auch digitaler Hinsicht stark gepr\u00e4gt. Geboren und aufgewachsen mit dem Bewusstsein, dass die globale Erderw\u00e4rmung und der Klimawandel reale Probleme sind, f\u00fcr die jeder, von Privatpersonen bis hin zu Unternehmen, eine L\u00f6sung suchen muss, sowie der Kontakt mit Smartphones, Notebook und Tablet bereits im fr\u00fchen Kindesalter. Diese Generation stellt f\u00fcr Errecom einen Verm\u00f6genswert dar, in den man investieren muss. Ein Reichtum, auf den Errecom stolz ist und darauf vertraut, dass die Generation-Z nicht nur eine Generation mit starken Werten ist, sondern auch sehr pragmatisch denkt.<\/p>\n<p>Und die restlichen 28 %? Es handelt sich um die Generation-X! Dies sind die langj\u00e4hrigen Mitarbeiter bei Errecom, die die Unternehmensgeschichte und den Wandel sowie das Wachstum und die Weiterentwicklung von Errecom miterlebt haben. Da sie in einer Zeit des \u00dcbergangs aufgewachsen sind, spielen die Mitglieder dieser Generation eine Schl\u00fcsselrolle bei Errecom, weil sie die Kluft \u00fcberbr\u00fccken zwischen vorher und nachher. Geleitet von einem Geist der Konkretheit, der sich im Laufe der Jahre durch die entsprechende Erfahrung angeeignet wurde, behalten diese stets einen bewussten Blick in Richtung Zukunft und versuchen in den kontinuierlichen Verbesserungsprozess sowohl Kreativit\u00e4t als auch strategisches Denken einflie\u00dfen zu lassen.<\/p>\n<p>Menschen: die DNA eines Unternehmens, die unweigerlich dessen Profil, dessen Geschichte und dessen Zukunft bestimmt. Mit einem Durchschnittsalter von 35 Jahren und dem Ziel weiterhin in junge Talente zu investieren, wird die Zukunft von Errecom zwangsl\u00e4ufig dynamisch sein und sich st\u00e4ndig weiterentwickeln. Errecom, der Vorreiter des Sektors, Vertreter einer Zukunft, die noch nicht geschrieben ist.<\/p>\n\t\t\t\t\t\t<\/div>\n\t\t\t\t<\/div>\n\t\t\t\t\t<\/div>\n\t\t<\/div>\n\t\t\t\t\t<\/div>\n\t\t<\/section>\n\t\t\t\t<\/div>\n\t\t","protected":false},"excerpt":{"rendered":"<p>Errecom: Die St\u00e4rke und Dynamik eines Unternehmens unter 40 72 % der Besch\u00e4ftigten sind unter 40: jung und dynamisch. Es handelt sich um die Besch\u00e4ftigten von Errecom SPA, einem Unternehmen, dass sich bereits zu Beginn seiner Existenz von anderen Unternehmen abgehoben hat, indem es sich mit einem jungen und unternehmerischen Team pr\u00e4sentiert hat, das im [&hellip;]<\/p>\n <a href=\"https:\/\/www.errecom.com\/de\/errecom-die-staerke-und-dynamik-eines-unternehmens-unter-40\/\" class=\"more-link\" title=\"Read More\">Mehr lesen<\/a>","protected":false},"author":1,"featured_media":58449,"comment_status":"closed","ping_status":"closed","sticky":false,"template":"","format":"standard","meta":{"_acf_changed":false,"footnotes":""},"categories":[51],"tags":[],"yst_prominent_words":[],"class_list":["post-58463","post","type-post","status-publish","format-standard","has-post-thumbnail","hentry","category-dietro-le-quinte"],"acf":[],"_links":{"self":[{"href":"https:\/\/www.errecom.com\/de\/wp-json\/wp\/v2\/posts\/58463","targetHints":{"allow":["GET"]}}],"collection":[{"href":"https:\/\/www.errecom.com\/de\/wp-json\/wp\/v2\/posts"}],"about":[{"href":"https:\/\/www.errecom.com\/de\/wp-json\/wp\/v2\/types\/post"}],"author":[{"embeddable":true,"href":"https:\/\/www.errecom.com\/de\/wp-json\/wp\/v2\/users\/1"}],"replies":[{"embeddable":true,"href":"https:\/\/www.errecom.com\/de\/wp-json\/wp\/v2\/comments?post=58463"}],"version-history":[{"count":4,"href":"https:\/\/www.errecom.com\/de\/wp-json\/wp\/v2\/posts\/58463\/revisions"}],"predecessor-version":[{"id":72352,"href":"https:\/\/www.errecom.com\/de\/wp-json\/wp\/v2\/posts\/58463\/revisions\/72352"}],"wp:featuredmedia":[{"embeddable":true,"href":"https:\/\/www.errecom.com\/de\/wp-json\/wp\/v2\/media\/58449"}],"wp:attachment":[{"href":"https:\/\/www.errecom.com\/de\/wp-json\/wp\/v2\/media?parent=58463"}],"wp:term":[{"taxonomy":"category","embeddable":true,"href":"https:\/\/www.errecom.com\/de\/wp-json\/wp\/v2\/categories?post=58463"},{"taxonomy":"post_tag","embeddable":true,"href":"https:\/\/www.errecom.com\/de\/wp-json\/wp\/v2\/tags?post=58463"},{"taxonomy":"yst_prominent_words","embeddable":true,"href":"https:\/\/www.errecom.com\/de\/wp-json\/wp\/v2\/yst_prominent_words?post=58463"}],"curies":[{"name":"wp","href":"https:\/\/api.w.org\/{rel}","templated":true}]}}