{"id":58243,"date":"2021-11-20T16:55:37","date_gmt":"2021-11-20T15:55:37","guid":{"rendered":"https:\/\/www.errecom.com\/?p=58243"},"modified":"2022-11-18T10:48:13","modified_gmt":"2022-11-18T09:48:13","slug":"errecom-auf-der-seite-der-kinder","status":"publish","type":"post","link":"https:\/\/www.errecom.com\/de\/errecom-auf-der-seite-der-kinder\/","title":{"rendered":"Errecom: auf der Seite der Kinder"},"content":{"rendered":"\t\t<div data-elementor-type=\"wp-post\" data-elementor-id=\"58243\" class=\"elementor elementor-58243 elementor-58223\" data-elementor-post-type=\"post\">\n\t\t\t\t\t\t<section class=\"elementor-section elementor-top-section elementor-element elementor-element-6575d6e3 elementor-section-boxed elementor-section-height-default elementor-section-height-default\" data-id=\"6575d6e3\" data-element_type=\"section\" id=\"article-head\">\n\t\t\t\t\t\t<div class=\"elementor-container elementor-column-gap-default\">\n\t\t\t\t\t<div class=\"elementor-column elementor-col-100 elementor-top-column elementor-element elementor-element-82fbec7\" data-id=\"82fbec7\" data-element_type=\"column\">\n\t\t\t<div class=\"elementor-widget-wrap elementor-element-populated\">\n\t\t\t\t\t\t<div class=\"elementor-element elementor-element-65172d4a elementor-widget elementor-widget-heading\" data-id=\"65172d4a\" data-element_type=\"widget\" data-widget_type=\"heading.default\">\n\t\t\t\t<div class=\"elementor-widget-container\">\n\t\t\t<h1 class=\"elementor-heading-title elementor-size-default\">Errecom: auf der Seite der Kinder<\/h1>\t\t<\/div>\n\t\t\t\t<\/div>\n\t\t\t\t<div class=\"elementor-element elementor-element-130f01a2 elementor-widget elementor-widget-text-editor\" data-id=\"130f01a2\" data-element_type=\"widget\" data-widget_type=\"text-editor.default\">\n\t\t\t\t<div class=\"elementor-widget-container\">\n\t\t\t\t\t\t\tIn einem Viertel der L\u00e4nder der Welt ist die Bildung von Millionen von Kindern vom Zusammenbruch bedroht: Dies ist die j\u00fcngste Warnung der Kinderrechtsorganisation Save the Children, dies m\u00f6chte Errecom anl\u00e4sslich des internationalen Tages der Kinderrechte hervorheben.\t\t\t\t\t\t<\/div>\n\t\t\t\t<\/div>\n\t\t\t\t<div class=\"elementor-element elementor-element-1db81df1 elementor-widget elementor-widget-shortcode\" data-id=\"1db81df1\" data-element_type=\"widget\" data-widget_type=\"shortcode.default\">\n\t\t\t\t<div class=\"elementor-widget-container\">\n\t\t\t\t\t<div class=\"elementor-shortcode\"><span class=\"my-reading-time\"><span class=\"my-reading-time-label\">Lesezeit: <\/span><span class=\"my-reading-time-value\">3 min<\/span><\/span><\/div>\n\t\t\t\t<\/div>\n\t\t\t\t<\/div>\n\t\t\t\t\t<\/div>\n\t\t<\/div>\n\t\t\t\t\t<\/div>\n\t\t<\/section>\n\t\t\t\t<section class=\"elementor-section elementor-top-section elementor-element elementor-element-4ecc1fea elementor-section-boxed elementor-section-height-default elementor-section-height-default\" data-id=\"4ecc1fea\" data-element_type=\"section\">\n\t\t\t\t\t\t<div class=\"elementor-container elementor-column-gap-default\">\n\t\t\t\t\t<div class=\"elementor-column elementor-col-100 elementor-top-column elementor-element elementor-element-25c691c1\" data-id=\"25c691c1\" data-element_type=\"column\">\n\t\t\t<div class=\"elementor-widget-wrap elementor-element-populated\">\n\t\t\t\t\t\t<div class=\"elementor-element elementor-element-2c16fe12 elementor-widget elementor-widget-image\" data-id=\"2c16fe12\" data-element_type=\"widget\" data-widget_type=\"image.default\">\n\t\t\t\t<div class=\"elementor-widget-container\">\n\t\t\t\t\t\t\t\t\t\t\t\t\t<img fetchpriority=\"high\" decoding=\"async\" width=\"1152\" height=\"648\" src=\"https:\/\/www.errecom.com\/wp-content\/uploads\/2021\/11\/World-Childrens-Day-NEWS.png\" class=\"attachment-full size-full wp-image-58227\" alt=\"\" srcset=\"https:\/\/www.errecom.com\/wp-content\/uploads\/2021\/11\/World-Childrens-Day-NEWS.png 1152w, https:\/\/www.errecom.com\/wp-content\/uploads\/2021\/11\/World-Childrens-Day-NEWS-300x169.png 300w, https:\/\/www.errecom.com\/wp-content\/uploads\/2021\/11\/World-Childrens-Day-NEWS-1024x576.png 1024w, https:\/\/www.errecom.com\/wp-content\/uploads\/2021\/11\/World-Childrens-Day-NEWS-768x432.png 768w, https:\/\/www.errecom.com\/wp-content\/uploads\/2021\/11\/World-Childrens-Day-NEWS-100x56.png 100w\" sizes=\"(max-width: 1152px) 100vw, 1152px\" \/>\t\t\t\t\t\t\t\t\t\t\t\t\t<\/div>\n\t\t\t\t<\/div>\n\t\t\t\t\t<\/div>\n\t\t<\/div>\n\t\t\t\t\t<\/div>\n\t\t<\/section>\n\t\t\t\t<section class=\"elementor-section elementor-top-section elementor-element elementor-element-3569a15c dc-has-condition dc-condition-contains elementor-section-boxed elementor-section-height-default elementor-section-height-default\" data-id=\"3569a15c\" data-element_type=\"section\" id=\"article-body\">\n\t\t\t\t\t\t<div class=\"elementor-container elementor-column-gap-default\">\n\t\t\t\t\t<div class=\"elementor-column elementor-col-100 elementor-top-column elementor-element elementor-element-26bb906b\" data-id=\"26bb906b\" data-element_type=\"column\">\n\t\t\t<div class=\"elementor-widget-wrap elementor-element-populated\">\n\t\t\t\t\t\t<div class=\"elementor-element elementor-element-68272edc elementor-widget elementor-widget-text-editor\" data-id=\"68272edc\" data-element_type=\"widget\" data-widget_type=\"text-editor.default\">\n\t\t\t\t<div class=\"elementor-widget-container\">\n\t\t\t\t\t\t\t<p>Im September dieses Jahres wurde gesch\u00e4tzt, dass zwischen\u00a0<a href=\"https:\/\/www.savethechildren.de\/news\/bildungswesen-droht-weltweit-zusammenzubrechen\/\" target=\"_blank\" rel=\"noopener\">10 und 16 Millionen Kinder Gefahr laufen, aufgrund der Covid-19-Pandemie keinen Zugang zu Bildung mehr zu haben<\/a>. Diese Zahl ist besorgniserregend, jedoch sollte sie uns nicht \u00fcberraschen, wenn man bedenkt, dass in den letzten anderthalb Jahren 90 Prozent der Sch\u00fcler weltweit von Schulschlie\u00dfungen betroffen waren und jeder dritte keinen Zugriff auf digitale Technologien hatte.<\/p>\n<p>Die \u00e4rmsten L\u00e4nder scheinen am st\u00e4rksten betroffen zu sein, auch wenn dieser Bildungseinbruch die ganze Welt betrifft. Allein in Italien verlassen sch\u00e4tzungsweise 13,5 Prozent der Kinder die Schule vorzeitig: eine deutlich zu hohe Zahl, die eine Gruppe junger Menschen repr\u00e4sentiert, die auf die Chance verzichten, sich eine Zukunft entsprechend ihren Tr\u00e4umen und Talenten aufzubauen. Es besteht also ein doppeltes Risiko: Einerseits werden einer Generation berufliche M\u00f6glichkeiten und Chancen vorenthalten, andererseits verweigern wir potenziell jungen Menschen Zutritt zur Berufs- und Arbeitswelt, weil sie nicht ausreichend ausgebildet sind. Es ist jedoch nicht nur die Pandemie, die viele junge Menschen dazu bringt, die Schule vorzeitig abzubrechen. Bereits 2018 wurde in Italien gesch\u00e4tzt, dass die Zahl der Schulabbrecher zehnmal h\u00f6her ist als die der Auswanderer: 598 Tausend junge Menschen im Alter zwischen 18 und 24 Jahren, die die Schule vorzeitig verlassen haben, im Vergleich zu 62 Tausend Italienern, die ihr Heimatland verlassen, um ins Ausland zu ziehen.<\/p>\n<p>Zu den Hauptursachen f\u00fcr den vorzeitigen Schulabbruch geh\u00f6ren wirtschaftliche, aber auch soziale und kulturelle Gr\u00fcnde. Allzu oft f\u00fchlen sich junge Menschen verloren und verwirrt und sind nicht in der Lage, Entscheidungen \u00fcber das zu absolvierende Studium und ihre Zukunft im Allgemeinen zu treffen. Die Entscheidung, was wir f\u00fcr den Rest unseres Lebens machen m\u00f6chten: F\u00fcr fast niemanden ist dies eine einfache Entscheidung und die Dinge werden noch komplizierter, wenn 17-18 oder noch schlimmer 12-13-J\u00e4hrige diese Entscheidung treffen m\u00fcssen. Es sind praxisnahe Einsichten in das Berufsleben erforderlich, damit die jungen Menschen die Arbeitswelt hautnah erleben k\u00f6nnen \u2013 dazu ist eine kontinuierliche Zusammenarbeit zwischen Schulen und Unternehmen unerl\u00e4sslich.<\/p>\n<p>Errecoms Engagement nimmt mit Tagen der offenen T\u00fcr f\u00fcr die Sch\u00fcler der umliegenden Umgebung, welche sich f\u00fcr die Welt der Chemie interessieren, Gestalt an. Das Unternehmen m\u00f6chte jungen Menschen einen Einblick in die Arbeitswelt gew\u00e4hren, um ihnen die Arbeitsweise der verschiedenen Abteilungen und Berufsgruppen in der Chemieindustrie n\u00e4herzubringen. Zudem k\u00f6nnen Sekundarstufen I, die an den diesj\u00e4hrigen Tagen der offenen T\u00fcr von Errecom teilnehmen, den Federchimica Giovani-Preis gewinnen, bei dem ein Tablet oder ein Gutschein in H\u00f6he von 2.000 Euro f\u00fcr den Kauf von Unterrichtsmaterial verliehen wird.<\/p>\n<p>Wie Nelson Mandela einst sagte: \u201eBildung ist die m\u00e4chtigste Waffe, um die Welt zu ver\u00e4ndern \u201cund Errecom wird weiterhin daran arbeiten, dies zu f\u00f6rdern.<\/p>\n\t\t\t\t\t\t<\/div>\n\t\t\t\t<\/div>\n\t\t\t\t\t<\/div>\n\t\t<\/div>\n\t\t\t\t\t<\/div>\n\t\t<\/section>\n\t\t\t\t<\/div>\n\t\t","protected":false},"excerpt":{"rendered":"<p>Errecom: auf der Seite der Kinder In einem Viertel der L\u00e4nder der Welt ist die Bildung von Millionen von Kindern vom Zusammenbruch bedroht: Dies ist die j\u00fcngste Warnung der Kinderrechtsorganisation Save the Children, dies m\u00f6chte Errecom anl\u00e4sslich des internationalen Tages der Kinderrechte hervorheben. Im September dieses Jahres wurde gesch\u00e4tzt, dass zwischen\u00a010 und 16 Millionen Kinder [&hellip;]<\/p>\n <a href=\"https:\/\/www.errecom.com\/de\/errecom-auf-der-seite-der-kinder\/\" class=\"more-link\" title=\"Read More\">Mehr lesen<\/a>","protected":false},"author":1,"featured_media":58231,"comment_status":"closed","ping_status":"closed","sticky":false,"template":"","format":"standard","meta":{"_acf_changed":false,"footnotes":""},"categories":[51],"tags":[],"yst_prominent_words":[],"class_list":["post-58243","post","type-post","status-publish","format-standard","has-post-thumbnail","hentry","category-dietro-le-quinte"],"acf":[],"_links":{"self":[{"href":"https:\/\/www.errecom.com\/de\/wp-json\/wp\/v2\/posts\/58243","targetHints":{"allow":["GET"]}}],"collection":[{"href":"https:\/\/www.errecom.com\/de\/wp-json\/wp\/v2\/posts"}],"about":[{"href":"https:\/\/www.errecom.com\/de\/wp-json\/wp\/v2\/types\/post"}],"author":[{"embeddable":true,"href":"https:\/\/www.errecom.com\/de\/wp-json\/wp\/v2\/users\/1"}],"replies":[{"embeddable":true,"href":"https:\/\/www.errecom.com\/de\/wp-json\/wp\/v2\/comments?post=58243"}],"version-history":[{"count":4,"href":"https:\/\/www.errecom.com\/de\/wp-json\/wp\/v2\/posts\/58243\/revisions"}],"predecessor-version":[{"id":72223,"href":"https:\/\/www.errecom.com\/de\/wp-json\/wp\/v2\/posts\/58243\/revisions\/72223"}],"wp:featuredmedia":[{"embeddable":true,"href":"https:\/\/www.errecom.com\/de\/wp-json\/wp\/v2\/media\/58231"}],"wp:attachment":[{"href":"https:\/\/www.errecom.com\/de\/wp-json\/wp\/v2\/media?parent=58243"}],"wp:term":[{"taxonomy":"category","embeddable":true,"href":"https:\/\/www.errecom.com\/de\/wp-json\/wp\/v2\/categories?post=58243"},{"taxonomy":"post_tag","embeddable":true,"href":"https:\/\/www.errecom.com\/de\/wp-json\/wp\/v2\/tags?post=58243"},{"taxonomy":"yst_prominent_words","embeddable":true,"href":"https:\/\/www.errecom.com\/de\/wp-json\/wp\/v2\/yst_prominent_words?post=58243"}],"curies":[{"name":"wp","href":"https:\/\/api.w.org\/{rel}","templated":true}]}}