{"id":57928,"date":"2021-11-10T16:14:50","date_gmt":"2021-11-10T15:14:50","guid":{"rendered":"https:\/\/www.errecom.com\/praktikum-bei-errecom-spa-eine-chance-fuer-junge-talente-und-fuer-das-unternehmen\/"},"modified":"2022-11-18T10:52:49","modified_gmt":"2022-11-18T09:52:49","slug":"praktikum-bei-errecom-spa-eine-chance-fuer-junge-talente-und-fuer-das-unternehmen","status":"publish","type":"post","link":"https:\/\/www.errecom.com\/de\/praktikum-bei-errecom-spa-eine-chance-fuer-junge-talente-und-fuer-das-unternehmen\/","title":{"rendered":"Praktikum bei Errecom SPA: eine Chance f\u00fcr junge Talente und f\u00fcr das Unternehmen"},"content":{"rendered":"\t\t<div data-elementor-type=\"wp-post\" data-elementor-id=\"57928\" class=\"elementor elementor-57928 elementor-57866\" data-elementor-post-type=\"post\">\n\t\t\t\t\t\t<section class=\"elementor-section elementor-top-section elementor-element elementor-element-6575d6e3 elementor-section-boxed elementor-section-height-default elementor-section-height-default\" data-id=\"6575d6e3\" data-element_type=\"section\" id=\"article-head\">\n\t\t\t\t\t\t<div class=\"elementor-container elementor-column-gap-default\">\n\t\t\t\t\t<div class=\"elementor-column elementor-col-100 elementor-top-column elementor-element elementor-element-82fbec7\" data-id=\"82fbec7\" data-element_type=\"column\">\n\t\t\t<div class=\"elementor-widget-wrap elementor-element-populated\">\n\t\t\t\t\t\t<div class=\"elementor-element elementor-element-65172d4a elementor-widget elementor-widget-heading\" data-id=\"65172d4a\" data-element_type=\"widget\" data-widget_type=\"heading.default\">\n\t\t\t\t<div class=\"elementor-widget-container\">\n\t\t\t<h1 class=\"elementor-heading-title elementor-size-default\">Praktikum bei Errecom SPA: eine Chance f\u00fcr junge Talente und f\u00fcr das Unternehmen<\/h1>\t\t<\/div>\n\t\t\t\t<\/div>\n\t\t\t\t<div class=\"elementor-element elementor-element-130f01a2 elementor-widget elementor-widget-text-editor\" data-id=\"130f01a2\" data-element_type=\"widget\" data-widget_type=\"text-editor.default\">\n\t\t\t\t<div class=\"elementor-widget-container\">\n\t\t\t\t\t\t\tOftmals ist es eine Gelegenheit, sich zu beweisen und seine Arbeitsbereitschaft unter Beweis zu stellen \u2013 ein Schritt, der oft notwendig ist, um in die Berufs- und Arbeitswelt einzusteigen: das Praktikum. Hochschulabsolventen, Sch\u00fcler und Studenten wissen: Der \u00dcbergang von der gelehrten Theorie zu den konkreten Anforderungen der Unternehmen ist nicht einfach. \u00dcberall auf der Welt, aber vor allem in Italien, herrscht ein gro\u00dfer Unterschied zwischen Lehrplan und Praxis. Was vor allem fehlt, ist die Praxiserfahrung, das Know-how, welches nicht in B\u00fcchern vermittelt wird, aber von Arbeitgebern verlangt wird. Ein Praktikum zielt darauf ab, junge Menschen aktiv an einen Beruf heranzuf\u00fchren.\t\t\t\t\t\t<\/div>\n\t\t\t\t<\/div>\n\t\t\t\t<div class=\"elementor-element elementor-element-1db81df1 elementor-widget elementor-widget-shortcode\" data-id=\"1db81df1\" data-element_type=\"widget\" data-widget_type=\"shortcode.default\">\n\t\t\t\t<div class=\"elementor-widget-container\">\n\t\t\t\t\t<div class=\"elementor-shortcode\"><span class=\"my-reading-time\"><span class=\"my-reading-time-label\">Lesezeit: <\/span><span class=\"my-reading-time-value\">4 min<\/span><\/span><\/div>\n\t\t\t\t<\/div>\n\t\t\t\t<\/div>\n\t\t\t\t\t<\/div>\n\t\t<\/div>\n\t\t\t\t\t<\/div>\n\t\t<\/section>\n\t\t\t\t<section class=\"elementor-section elementor-top-section elementor-element elementor-element-4ecc1fea elementor-section-boxed elementor-section-height-default elementor-section-height-default\" data-id=\"4ecc1fea\" data-element_type=\"section\">\n\t\t\t\t\t\t<div class=\"elementor-container elementor-column-gap-default\">\n\t\t\t\t\t<div class=\"elementor-column elementor-col-100 elementor-top-column elementor-element elementor-element-25c691c1\" data-id=\"25c691c1\" data-element_type=\"column\">\n\t\t\t<div class=\"elementor-widget-wrap elementor-element-populated\">\n\t\t\t\t\t\t<div class=\"elementor-element elementor-element-2c16fe12 elementor-widget elementor-widget-image\" data-id=\"2c16fe12\" data-element_type=\"widget\" data-widget_type=\"image.default\">\n\t\t\t\t<div class=\"elementor-widget-container\">\n\t\t\t\t\t\t\t\t\t\t\t\t\t<img fetchpriority=\"high\" decoding=\"async\" width=\"1152\" height=\"648\" src=\"https:\/\/www.errecom.com\/wp-content\/uploads\/2021\/11\/NEWS-stage.jpg\" class=\"attachment-full size-full wp-image-57868\" alt=\"\" srcset=\"https:\/\/www.errecom.com\/wp-content\/uploads\/2021\/11\/NEWS-stage.jpg 1152w, https:\/\/www.errecom.com\/wp-content\/uploads\/2021\/11\/NEWS-stage-300x169.jpg 300w, https:\/\/www.errecom.com\/wp-content\/uploads\/2021\/11\/NEWS-stage-1024x576.jpg 1024w, https:\/\/www.errecom.com\/wp-content\/uploads\/2021\/11\/NEWS-stage-768x432.jpg 768w, https:\/\/www.errecom.com\/wp-content\/uploads\/2021\/11\/NEWS-stage-100x56.jpg 100w\" sizes=\"(max-width: 1152px) 100vw, 1152px\" \/>\t\t\t\t\t\t\t\t\t\t\t\t\t<\/div>\n\t\t\t\t<\/div>\n\t\t\t\t\t<\/div>\n\t\t<\/div>\n\t\t\t\t\t<\/div>\n\t\t<\/section>\n\t\t\t\t<section class=\"elementor-section elementor-top-section elementor-element elementor-element-3569a15c dc-has-condition dc-condition-contains elementor-section-boxed elementor-section-height-default elementor-section-height-default\" data-id=\"3569a15c\" data-element_type=\"section\" id=\"article-body\">\n\t\t\t\t\t\t<div class=\"elementor-container elementor-column-gap-default\">\n\t\t\t\t\t<div class=\"elementor-column elementor-col-100 elementor-top-column elementor-element elementor-element-26bb906b\" data-id=\"26bb906b\" data-element_type=\"column\">\n\t\t\t<div class=\"elementor-widget-wrap elementor-element-populated\">\n\t\t\t\t\t\t<div class=\"elementor-element elementor-element-68272edc elementor-widget elementor-widget-text-editor\" data-id=\"68272edc\" data-element_type=\"widget\" data-widget_type=\"text-editor.default\">\n\t\t\t\t<div class=\"elementor-widget-container\">\n\t\t\t\t\t\t\t<p>Im Jahr 2015 hat die internationale Organisation European Youth Forum mit Unterst\u00fctzung der Europ\u00e4ischen Kommission den internationalen Tag der Praktikanten ins Leben gerufen. Der internationale Tag der Praktikanten soll darauf aufmerksam machen, dass der Zugang zur Arbeitswelt und die Besch\u00e4ftigungsbedingungen f\u00fcr Praktikanten verbessert werden m\u00fcssen. Was von den Unternehmen verlangt wird, ist mehr Transparenz gegen\u00fcber den jungen Menschen, die Verpflichtung, sie als Ressourcen zu sch\u00e4tzen und sie beim Erwerb von Kenntnissen, F\u00e4higkeiten und Handelskompetenzen zu unterst\u00fctzen. Was das Chemieunternehmen Errecom betrifft, kann man sagen, ist das Engagement mehr als vorhanden.<\/p>\n<p>Derzeit sind vier Praktikanten im Unternehmen besch\u00e4ftigt: zwei im Marketingb\u00fcro, einer im Chemielabor und einer im Drucklabor. Jeder hat seine eigene Geschichte zu erz\u00e4hlen, die sich aus unterschiedlichen Bildungs-Hintergr\u00fcnden, Kulturen, Erfahrungen und Erwartungen zusammensetzt.<\/p>\n<p>Darya, eine junge Studentin, welche derzeit als Praktikantin in der Marketingabteilung von Errecom t\u00e4tig ist, erz\u00e4hlt: \u201eIch h\u00e4tte nie gedacht, dass ich einen Job finden w\u00fcrde, bei dem ich meine Muttersprache Russisch t\u00e4glich anwenden kann. Die Vielf\u00e4ltigkeit bei Errecom hat mich positiv \u00fcberrascht \u2013 jeder hier hat einen anderen Hintergrund und wird daf\u00fcr sehr gesch\u00e4tzt.\u201c Auch \u00fcber ihr Masterstudium in International Business an der Universit\u00e4t Brescia \u00e4u\u00dfert sich Darya sehr positiv: \u201eDie Vorlesungen, die ich besuche, sind alle auf Englisch, die zahlreichen Projekte und die verschiedenen Gruppenarbeiten tragen dazu bei, die gelernte Theorie in die Praxis umzusetzen und haben mir F\u00e4higkeiten und Kompetenzen vermittelt, die ich in meiner derzeitigen Besch\u00e4ftigung in Errecoms Marketingabteilung als sehr n\u00fctzlich empfinde.\u201c Dicht an Daryas Seite ist Glenda, deutsche Muttersprachlerin und Tochter italienischer Einwanderer nach Deutschland, die derzeit einen Doppelabschluss in International Business, an der gleichen Universit\u00e4t anstrebt. \u201eMein Praktikum bei Errecom erm\u00f6glicht mir meine Kenntnisse im Bereich des Social-Media-Marketings, zu vertiefen, ein Marketingbereich, den sowohl die italienische als auch meine Heimat-Universit\u00e4t in Deutschland ein wenig au\u00dfer Acht lassen. W\u00e4hrend der von mir besuchten Marketing-Vorlesungen hatte ich das Gef\u00fchl, dass beide Universit\u00e4ten sich mehr auf Offline-Marketing-Strategien und -Tools konzentrieren.\u201c Ein weiterer wichtiger Aspekt, den Glenda hervorhebt, ist die M\u00f6glichkeit, ihre Kenntnisse in der italienischen Sprache zu verbessern und die Kultur unseres Landes n\u00e4her kennenzulernen. Ein Bonus und f\u00fcr diejenigen von grundlegender Bedeutung, die wie Glenda einen international ausgelegten Studiengang besuchen und jahrelange Auslandserfahrung einschlie\u00dflich in den Vereinigten Staaten von Amerika, Mexiko und Kolumbien gesammelt haben.<\/p>\n<p>Das Klischee, dass die Schule leider noch nicht ausreichend auf die Berufs- und Arbeitswelt vorbereitet, best\u00e4tigt der Praktikant in Errecoms Chemielabor Andrea. Die Schule sollte seiner Meinung nach, den \u00dcbergang zwischen schulischer Bildung und Einstieg in eine Berufst\u00e4tigkeit weiter ausbauen, denn gerade vor Beginn einer Ausbildung sollte man sich mit dem angestrebten Beruf schon auseinandergesetzt haben. \u201eEin Praktikum pro Jahr, w\u00e4hrend der letzten drei Schuljahre ist unerl\u00e4sslich, aber diese Praktika sollten l\u00e4nger als die \u00fcblichen 2-3 Wochen dauern, um den Sch\u00fclern ausreichend Zeit zu geben, in die Arbeitswelt einzutauchen und bessere Einblicke in bestimmte Branchen zu erhalten und dadurch eine wertvolle Orientierung f\u00fcr die weitere berufliche Karriere zu bekommen.\u201c<\/p>\n<p>Das genau tut Jacopo, ein Praktikant, der k\u00fcrzlich im Drucklabor von Errecom eingestellt wurde. Jacopo, der das letzte Jahr an einer Fachschule f\u00fcr Informatik besucht, geht nach dem Unterricht zu Errecom und verbringt dort seine Nachmittage. Lerne beizeiten, so kannst du\u2019s bei den Leuten. Jeder hat dieses Sprichwort mindestens einmal im Leben geh\u00f6rt, aber wie viele haben es tats\u00e4chlich in konkrete Lebensentscheidungen umgesetzt?<\/p>\n<p>Vier junge Erwachsene aus unterschiedlichen Altersgruppen, Kulturen und mit verschiedenen Nationalit\u00e4ten, aber alle mit derselben Erkenntnis, die wahrscheinlich zuk\u00fcnftige Generationen begleiten wird: Die Zusammenarbeit zwischen Schulen und Unternehmen muss gef\u00f6rdert werden, um jungen Talenten wie Darya, Glenda, Andrea und Jacopo exemplarische Einsichten in das Arbeits- und Berufsleben zu geben. Praxis-Erfahrung und die Erkundung des betrieblichen Umfeldes w\u00e4hrend der akademischen Laufbahn sind beides Faktoren, welche wichtige Erkenntnisse f\u00fcr die berufliche Orientierung von Sch\u00fclern und Studenten bringt. Dies erleichtert nicht nur den Einsatz handlungsorientierter Arbeitsformen, sondern f\u00f6rdert den erfolgreichen Einstieg in die Berufs- und Arbeitswelt, was brillante K\u00f6pfe wie unsere verdienen.<\/p>\n\t\t\t\t\t\t<\/div>\n\t\t\t\t<\/div>\n\t\t\t\t\t<\/div>\n\t\t<\/div>\n\t\t\t\t\t<\/div>\n\t\t<\/section>\n\t\t\t\t<\/div>\n\t\t","protected":false},"excerpt":{"rendered":"<p>Praktikum bei Errecom SPA: eine Chance f\u00fcr junge Talente und f\u00fcr das Unternehmen Oftmals ist es eine Gelegenheit, sich zu beweisen und seine Arbeitsbereitschaft unter Beweis zu stellen \u2013 ein Schritt, der oft notwendig ist, um in die Berufs- und Arbeitswelt einzusteigen: das Praktikum. Hochschulabsolventen, Sch\u00fcler und Studenten wissen: Der \u00dcbergang von der gelehrten Theorie [&hellip;]<\/p>\n <a href=\"https:\/\/www.errecom.com\/de\/praktikum-bei-errecom-spa-eine-chance-fuer-junge-talente-und-fuer-das-unternehmen\/\" class=\"more-link\" title=\"Read More\">Mehr lesen<\/a>","protected":false},"author":1,"featured_media":57872,"comment_status":"closed","ping_status":"closed","sticky":false,"template":"","format":"standard","meta":{"_acf_changed":false,"footnotes":""},"categories":[51],"tags":[],"yst_prominent_words":[],"class_list":["post-57928","post","type-post","status-publish","format-standard","has-post-thumbnail","hentry","category-dietro-le-quinte"],"acf":[],"_links":{"self":[{"href":"https:\/\/www.errecom.com\/de\/wp-json\/wp\/v2\/posts\/57928","targetHints":{"allow":["GET"]}}],"collection":[{"href":"https:\/\/www.errecom.com\/de\/wp-json\/wp\/v2\/posts"}],"about":[{"href":"https:\/\/www.errecom.com\/de\/wp-json\/wp\/v2\/types\/post"}],"author":[{"embeddable":true,"href":"https:\/\/www.errecom.com\/de\/wp-json\/wp\/v2\/users\/1"}],"replies":[{"embeddable":true,"href":"https:\/\/www.errecom.com\/de\/wp-json\/wp\/v2\/comments?post=57928"}],"version-history":[{"count":4,"href":"https:\/\/www.errecom.com\/de\/wp-json\/wp\/v2\/posts\/57928\/revisions"}],"predecessor-version":[{"id":72238,"href":"https:\/\/www.errecom.com\/de\/wp-json\/wp\/v2\/posts\/57928\/revisions\/72238"}],"wp:featuredmedia":[{"embeddable":true,"href":"https:\/\/www.errecom.com\/de\/wp-json\/wp\/v2\/media\/57872"}],"wp:attachment":[{"href":"https:\/\/www.errecom.com\/de\/wp-json\/wp\/v2\/media?parent=57928"}],"wp:term":[{"taxonomy":"category","embeddable":true,"href":"https:\/\/www.errecom.com\/de\/wp-json\/wp\/v2\/categories?post=57928"},{"taxonomy":"post_tag","embeddable":true,"href":"https:\/\/www.errecom.com\/de\/wp-json\/wp\/v2\/tags?post=57928"},{"taxonomy":"yst_prominent_words","embeddable":true,"href":"https:\/\/www.errecom.com\/de\/wp-json\/wp\/v2\/yst_prominent_words?post=57928"}],"curies":[{"name":"wp","href":"https:\/\/api.w.org\/{rel}","templated":true}]}}