{"id":57882,"date":"2021-09-26T15:31:29","date_gmt":"2021-09-26T13:31:29","guid":{"rendered":"https:\/\/www.errecom.com\/sprachen-und-kultur-das-erbe-von-europa-und-von-errecom\/"},"modified":"2021-11-15T16:31:57","modified_gmt":"2021-11-15T15:31:57","slug":"sprachen-und-kultur-das-erbe-von-europa-und-von-errecom","status":"publish","type":"post","link":"https:\/\/www.errecom.com\/de\/sprachen-und-kultur-das-erbe-von-europa-und-von-errecom\/","title":{"rendered":"Sprachen und Kultur: Das Erbe von Europa und \u2026 von Errecom!"},"content":{"rendered":"\t\t<div data-elementor-type=\"wp-post\" data-elementor-id=\"57882\" class=\"elementor elementor-57882 elementor-57789\" data-elementor-post-type=\"post\">\n\t\t\t\t\t\t<section class=\"elementor-section elementor-top-section elementor-element elementor-element-6575d6e3 elementor-section-boxed elementor-section-height-default elementor-section-height-default\" data-id=\"6575d6e3\" data-element_type=\"section\" id=\"article-head\">\n\t\t\t\t\t\t<div class=\"elementor-container elementor-column-gap-default\">\n\t\t\t\t\t<div class=\"elementor-column elementor-col-100 elementor-top-column elementor-element elementor-element-82fbec7\" data-id=\"82fbec7\" data-element_type=\"column\">\n\t\t\t<div class=\"elementor-widget-wrap elementor-element-populated\">\n\t\t\t\t\t\t<div class=\"elementor-element elementor-element-65172d4a elementor-widget elementor-widget-heading\" data-id=\"65172d4a\" data-element_type=\"widget\" data-widget_type=\"heading.default\">\n\t\t\t\t<div class=\"elementor-widget-container\">\n\t\t\t<h1 class=\"elementor-heading-title elementor-size-default\">Sprachen und Kultur: Das Erbe von Europa und \u2026 von Errecom!<\/h1>\t\t<\/div>\n\t\t\t\t<\/div>\n\t\t\t\t<section class=\"elementor-section elementor-inner-section elementor-element elementor-element-47c1e4e elementor-section-boxed elementor-section-height-default elementor-section-height-default\" data-id=\"47c1e4e\" data-element_type=\"section\">\n\t\t\t\t\t\t<div class=\"elementor-container elementor-column-gap-default\">\n\t\t\t\t\t<div class=\"elementor-column elementor-col-50 elementor-inner-column elementor-element elementor-element-91b89f3\" data-id=\"91b89f3\" data-element_type=\"column\">\n\t\t\t<div class=\"elementor-widget-wrap elementor-element-populated\">\n\t\t\t\t\t\t<div class=\"elementor-element elementor-element-6b6a77e elementor-widget elementor-widget-image\" data-id=\"6b6a77e\" data-element_type=\"widget\" data-widget_type=\"image.default\">\n\t\t\t\t<div class=\"elementor-widget-container\">\n\t\t\t\t\t\t\t\t\t\t\t\t\t\t<a href=\"https:\/\/www.errecom.com\/wp-content\/uploads\/2021\/11\/news-768x652-1.jpeg\" data-elementor-open-lightbox=\"yes\" data-elementor-lightbox-title=\"news-768x652\" data-e-action-hash=\"#elementor-action%3Aaction%3Dlightbox%26settings%3DeyJpZCI6NTc3OTcsInVybCI6Imh0dHBzOlwvXC93d3cuZXJyZWNvbS5jb21cL3dwLWNvbnRlbnRcL3VwbG9hZHNcLzIwMjFcLzExXC9uZXdzLTc2OHg2NTItMS5qcGVnIn0%3D\">\n\t\t\t\t\t\t\t<img fetchpriority=\"high\" decoding=\"async\" width=\"768\" height=\"652\" src=\"https:\/\/www.errecom.com\/wp-content\/uploads\/2021\/11\/news-768x652-1.jpeg\" class=\"attachment-full size-full wp-image-57797\" alt=\"\" srcset=\"https:\/\/www.errecom.com\/wp-content\/uploads\/2021\/11\/news-768x652-1.jpeg 768w, https:\/\/www.errecom.com\/wp-content\/uploads\/2021\/11\/news-768x652-1-300x255.jpeg 300w, https:\/\/www.errecom.com\/wp-content\/uploads\/2021\/11\/news-768x652-1-100x85.jpeg 100w\" sizes=\"(max-width: 768px) 100vw, 768px\" \/>\t\t\t\t\t\t\t\t<\/a>\n\t\t\t\t\t\t\t\t\t\t\t\t\t<\/div>\n\t\t\t\t<\/div>\n\t\t\t\t\t<\/div>\n\t\t<\/div>\n\t\t\t\t<div class=\"elementor-column elementor-col-50 elementor-inner-column elementor-element elementor-element-0a1edbb\" data-id=\"0a1edbb\" data-element_type=\"column\">\n\t\t\t<div class=\"elementor-widget-wrap elementor-element-populated\">\n\t\t\t\t\t\t<div class=\"elementor-element elementor-element-70f85cf elementor-widget elementor-widget-text-editor\" data-id=\"70f85cf\" data-element_type=\"widget\" data-widget_type=\"text-editor.default\">\n\t\t\t\t<div class=\"elementor-widget-container\">\n\t\t\t\t\t\t\t<p>Es existieren Etiketten in 24 Sprachen und Technische Datenbl\u00e4tter in 15 Sprachen. Gut 10 Sprachen werden auf dem Niveau der Mutter-sprache gesprochen und zwar von einem multiethnischen und internationalen Team, da die Mitarbeiter aus verschiedenen L\u00e4ndern der Welt kommen.<\/p>\n<p>Das Klima, dass man bei Errecom sp\u00fcrt ist ohne Zweifel international, weil die kulturelle Vielfalt seit jeher die St\u00e4rke ist, auf die das Unternehmen setzt, um die Partnerschaften mit den Kunden in mehr als 130 L\u00e4ndern zu festigen.<\/p>\n<p>Eine unternehmerische Intuition, die wusste, wie man die weltweite \u00d6ffnung der M\u00e4rkte und die damit verbundene Aufl\u00f6sung der Grenzen begleitet. Die Ausnutzung der offensichtlichen Gesch\u00e4ftsm\u00f6glichkeiten, die sich in einer Welt auftun, in der geografische Entfernungen keine Rolle mehr spielen und kein Limit mehr darstellen.<\/p>\n<p>Sprachliche und kulturelle Vielfalt: Ein unsch\u00e4tzbarer Wert, den Errecom Tag f\u00fcr Tag aber besonders heute, anl\u00e4sslich des Europ\u00e4ischen Tages der Sprachen, erkennt und w\u00fcrdigt.<\/p>\n\t\t\t\t\t\t<\/div>\n\t\t\t\t<\/div>\n\t\t\t\t\t<\/div>\n\t\t<\/div>\n\t\t\t\t\t<\/div>\n\t\t<\/section>\n\t\t\t\t<div class=\"elementor-element elementor-element-06c6e07 elementor-widget elementor-widget-spacer\" data-id=\"06c6e07\" data-element_type=\"widget\" data-widget_type=\"spacer.default\">\n\t\t\t\t<div class=\"elementor-widget-container\">\n\t\t\t\t\t<div class=\"elementor-spacer\">\n\t\t\t<div class=\"elementor-spacer-inner\"><\/div>\n\t\t<\/div>\n\t\t\t\t<\/div>\n\t\t\t\t<\/div>\n\t\t\t\t<div class=\"elementor-element elementor-element-1db81df1 elementor-widget elementor-widget-shortcode\" data-id=\"1db81df1\" data-element_type=\"widget\" data-widget_type=\"shortcode.default\">\n\t\t\t\t<div class=\"elementor-widget-container\">\n\t\t\t\t\t<div class=\"elementor-shortcode\"><span class=\"my-reading-time\"><span class=\"my-reading-time-label\">Lesezeit: <\/span><span class=\"my-reading-time-value\">3 min<\/span><\/span><\/div>\n\t\t\t\t<\/div>\n\t\t\t\t<\/div>\n\t\t\t\t\t<\/div>\n\t\t<\/div>\n\t\t\t\t\t<\/div>\n\t\t<\/section>\n\t\t\t\t<section class=\"elementor-section elementor-top-section elementor-element elementor-element-4ecc1fea elementor-section-boxed elementor-section-height-default elementor-section-height-default\" data-id=\"4ecc1fea\" data-element_type=\"section\">\n\t\t\t\t\t\t<div class=\"elementor-container elementor-column-gap-default\">\n\t\t\t\t\t<div class=\"elementor-column elementor-col-100 elementor-top-column elementor-element elementor-element-25c691c1\" data-id=\"25c691c1\" data-element_type=\"column\">\n\t\t\t<div class=\"elementor-widget-wrap elementor-element-populated\">\n\t\t\t\t\t\t<div class=\"elementor-element elementor-element-edfcb53 elementor-widget elementor-widget-spacer\" data-id=\"edfcb53\" data-element_type=\"widget\" data-widget_type=\"spacer.default\">\n\t\t\t\t<div class=\"elementor-widget-container\">\n\t\t\t\t\t<div class=\"elementor-spacer\">\n\t\t\t<div class=\"elementor-spacer-inner\"><\/div>\n\t\t<\/div>\n\t\t\t\t<\/div>\n\t\t\t\t<\/div>\n\t\t\t\t<div class=\"elementor-element elementor-element-bedfb11 elementor-widget elementor-widget-text-editor\" data-id=\"bedfb11\" data-element_type=\"widget\" data-widget_type=\"text-editor.default\">\n\t\t\t\t<div class=\"elementor-widget-container\">\n\t\t\t\t\t\t\t<p>Dieser vom Europarat unter der Schirmherrschaft der Europ\u00e4ischen Union ins Leben gerufene Jahrestag wurde 2001 mit dem Ziel ins Leben gerufen, die verschiedenen Mitgliedsstaaten f\u00fcr das interkulturelle Verst\u00e4ndnis und die Bedeutung der Bewahrung des sprachlichen Erbes, auf das der alte Kontinent stolz ist, zu sensibilisieren.<\/p>\n<p>Um einige Zahlen zu nennen: 24, die offiziell gesprochenen Sprachen; 60 hingegen, die einheimischen oder Minderheitensprachen (Katalanisch, Baskisch usw.), das Ganze auf ca. 40 Millionen Personen verteilt. Die Europ\u00e4ische Charta der Regionalen- oder Minderheitensprachen dient dem Schutz dieser Sprachen und ist weltweit der einzige Vertrag, der die traditionellen Sprachen bedrohter Minderheiten sch\u00fctzt und f\u00f6rdert.<\/p>\n\t\t\t\t\t\t<\/div>\n\t\t\t\t<\/div>\n\t\t\t\t<div class=\"elementor-element elementor-element-2c16fe12 elementor-widget elementor-widget-image\" data-id=\"2c16fe12\" data-element_type=\"widget\" data-widget_type=\"image.default\">\n\t\t\t\t<div class=\"elementor-widget-container\">\n\t\t\t\t\t\t\t\t\t\t\t\t\t<img decoding=\"async\" width=\"724\" height=\"1024\" src=\"https:\/\/www.errecom.com\/wp-content\/uploads\/2021\/11\/EDL-infographic-languages-EN-724x1024-1.jpeg\" class=\"attachment-full size-full wp-image-57811\" alt=\"\" srcset=\"https:\/\/www.errecom.com\/wp-content\/uploads\/2021\/11\/EDL-infographic-languages-EN-724x1024-1.jpeg 724w, https:\/\/www.errecom.com\/wp-content\/uploads\/2021\/11\/EDL-infographic-languages-EN-724x1024-1-212x300.jpeg 212w, https:\/\/www.errecom.com\/wp-content\/uploads\/2021\/11\/EDL-infographic-languages-EN-724x1024-1-71x100.jpeg 71w\" sizes=\"(max-width: 724px) 100vw, 724px\" \/>\t\t\t\t\t\t\t\t\t\t\t\t\t<\/div>\n\t\t\t\t<\/div>\n\t\t\t\t<div class=\"elementor-element elementor-element-b606205 elementor-widget elementor-widget-text-editor\" data-id=\"b606205\" data-element_type=\"widget\" data-widget_type=\"text-editor.default\">\n\t\t\t\t<div class=\"elementor-widget-container\">\n\t\t\t\t\t\t\t<p style=\"text-align: center;\"><i>(Quelle:\u00a0<a href=\"https:\/\/edl.ecml.at\/Portals\/33\/documents\/poster\/EDL-infographic-languages-EN.pdf\" target=\"_blank\" rel=\"noopener\">offizielle Seite des Europ\u00e4ischen Tages der Sprachen<\/a>)<\/i><\/p>\n\t\t\t\t\t\t<\/div>\n\t\t\t\t<\/div>\n\t\t\t\t\t<\/div>\n\t\t<\/div>\n\t\t\t\t\t<\/div>\n\t\t<\/section>\n\t\t\t\t<section class=\"elementor-section elementor-top-section elementor-element elementor-element-3569a15c dc-has-condition dc-condition-contains elementor-section-boxed elementor-section-height-default elementor-section-height-default\" data-id=\"3569a15c\" data-element_type=\"section\" id=\"article-body\">\n\t\t\t\t\t\t<div class=\"elementor-container elementor-column-gap-default\">\n\t\t\t\t\t<div class=\"elementor-column elementor-col-100 elementor-top-column elementor-element elementor-element-26bb906b\" data-id=\"26bb906b\" data-element_type=\"column\">\n\t\t\t<div class=\"elementor-widget-wrap elementor-element-populated\">\n\t\t\t\t\t\t<div class=\"elementor-element elementor-element-68272edc elementor-widget elementor-widget-text-editor\" data-id=\"68272edc\" data-element_type=\"widget\" data-widget_type=\"text-editor.default\">\n\t\t\t\t<div class=\"elementor-widget-container\">\n\t\t\t\t\t\t\t<p>Im Folgenden einige der interessantesten Daten, die in der Graphik aufgef\u00fchrt werden:<\/p>\n<ul>\n<li>Mehr als die H\u00e4lfte der europ\u00e4ischen Bev\u00f6lkerung ist zweisprachig, sprich im Alltag werden st\u00e4ndig zwei Sprachen gesprochen.<\/li>\n<\/ul>\n<p>&nbsp;<\/p>\n<ul>\n<li>Die, von der Mehrheit der Personen in Europa, am h\u00e4ufigsten gesprochenen f\u00fcnf Sprachen sind: russisch, deutsch, franz\u00f6sisch, englisch und t\u00fcrkisch. Italienisch reiht sich auf den sechsten Platz ein.<\/li>\n<\/ul>\n<p>&nbsp;<\/p>\n<ul>\n<li>Es wurde gesch\u00e4tzt, dass jede Sprache aus mindestens 50.000 W\u00f6rtern besteht, obwohl Muttersprachler in der Regel zwischen 15.000 und 20.000 W\u00f6rter kennen und normalerweise nur einige hundert W\u00f6rter verwenden.<\/li>\n<\/ul>\n<p>&nbsp;<\/p>\n<ul>\n<li>J\u00fcngste Studien haben gezeigt, dass das Erlernen einer zweiten Sprache die Krankheit Alzheimer um durchschnittlich 4-5 Jahre hinausschieben k\u00f6nnte.<\/li>\n<\/ul>\n<p>&nbsp;<\/p>\n<p>Die Koexistenz verschiedener Kulturen, Sprachen und Traditionen ist ein Schl\u00fcsselelement Europas, das seine politische und soziale Geschichte im Laufe der Jahre gepr\u00e4gt hat. Es sollte daher nicht \u00fcberraschen, dass dieser hartn\u00e4ckige Wille zum Schutz der Mehrsprachigkeit beitr\u00e4gt. Mit dem Erasmus-Programm, dem Projekt Leonardo da Vinci und vielen mehr, investiert von allen Weltm\u00e4chten am meisten Europa in die F\u00f6rderung des Sprachenlernens seiner B\u00fcrger der verschiedenen L\u00e4nder, um die Wirtschaft und die Mobilit\u00e4t der Arbeitnehmer zu f\u00f6rdern.<\/p>\n<p>Diese integrative und globale Ausrichtung hat unvermeidbar auch die strategische Ausrichtung von Errecom beeinflusst. Gegr\u00fcndet und gewachsen auf einem Kontinent, auf dem unterschiedliche Akzente, Mentalit\u00e4ten und Gesch\u00e4ftsmodelle aufeinandertreffen, die versuchen, einander zu verstehen und zu unterst\u00fctzen.<br \/>\nSo wie in Europa, gilt auch bei Errecom eine Regel. Die verschiedenen Kulturen beschr\u00e4nken sich nicht auf das blo\u00dfe \u201enebeneinander leben\u201c, sondern vermischen und unterst\u00fctzen sich gegenseitig in einem kontinuierlichen Austausch, der einen Mehrwert f\u00fcr den Markt und die Kunden darstellt, aber vor allem f\u00fcr die Zukunft.<\/p>\n\t\t\t\t\t\t<\/div>\n\t\t\t\t<\/div>\n\t\t\t\t\t<\/div>\n\t\t<\/div>\n\t\t\t\t\t<\/div>\n\t\t<\/section>\n\t\t\t\t<\/div>\n\t\t","protected":false},"excerpt":{"rendered":"<p>Sprachen und Kultur: Das Erbe von Europa und \u2026 von Errecom! Es existieren Etiketten in 24 Sprachen und Technische Datenbl\u00e4tter in 15 Sprachen. Gut 10 Sprachen werden auf dem Niveau der Mutter-sprache gesprochen und zwar von einem multiethnischen und internationalen Team, da die Mitarbeiter aus verschiedenen L\u00e4ndern der Welt kommen. Das Klima, dass man bei [&hellip;]<\/p>\n <a href=\"https:\/\/www.errecom.com\/de\/sprachen-und-kultur-das-erbe-von-europa-und-von-errecom\/\" class=\"more-link\" title=\"Read More\">Mehr lesen<\/a>","protected":false},"author":1,"featured_media":57845,"comment_status":"closed","ping_status":"open","sticky":false,"template":"","format":"standard","meta":{"_acf_changed":false,"footnotes":""},"categories":[52,144],"tags":[],"yst_prominent_words":[],"class_list":["post-57882","post","type-post","status-publish","format-standard","has-post-thumbnail","hentry","category-eventi","category-hygienische-reinigung-des-fahrgastraumes-und-der-kfz-klimaanlage"],"acf":[],"_links":{"self":[{"href":"https:\/\/www.errecom.com\/de\/wp-json\/wp\/v2\/posts\/57882","targetHints":{"allow":["GET"]}}],"collection":[{"href":"https:\/\/www.errecom.com\/de\/wp-json\/wp\/v2\/posts"}],"about":[{"href":"https:\/\/www.errecom.com\/de\/wp-json\/wp\/v2\/types\/post"}],"author":[{"embeddable":true,"href":"https:\/\/www.errecom.com\/de\/wp-json\/wp\/v2\/users\/1"}],"replies":[{"embeddable":true,"href":"https:\/\/www.errecom.com\/de\/wp-json\/wp\/v2\/comments?post=57882"}],"version-history":[{"count":10,"href":"https:\/\/www.errecom.com\/de\/wp-json\/wp\/v2\/posts\/57882\/revisions"}],"predecessor-version":[{"id":57895,"href":"https:\/\/www.errecom.com\/de\/wp-json\/wp\/v2\/posts\/57882\/revisions\/57895"}],"wp:featuredmedia":[{"embeddable":true,"href":"https:\/\/www.errecom.com\/de\/wp-json\/wp\/v2\/media\/57845"}],"wp:attachment":[{"href":"https:\/\/www.errecom.com\/de\/wp-json\/wp\/v2\/media?parent=57882"}],"wp:term":[{"taxonomy":"category","embeddable":true,"href":"https:\/\/www.errecom.com\/de\/wp-json\/wp\/v2\/categories?post=57882"},{"taxonomy":"post_tag","embeddable":true,"href":"https:\/\/www.errecom.com\/de\/wp-json\/wp\/v2\/tags?post=57882"},{"taxonomy":"yst_prominent_words","embeddable":true,"href":"https:\/\/www.errecom.com\/de\/wp-json\/wp\/v2\/yst_prominent_words?post=57882"}],"curies":[{"name":"wp","href":"https:\/\/api.w.org\/{rel}","templated":true}]}}