{"id":55194,"date":"2020-10-23T18:00:18","date_gmt":"2020-10-23T16:00:18","guid":{"rendered":"https:\/\/www.errecom.com\/?p=55194"},"modified":"2022-01-10T14:44:17","modified_gmt":"2022-01-10T13:44:17","slug":"luca-ronga-der-leitende-geschaeftsfuehrer-und-gruender-von-errecom%e2%80%afspa","status":"publish","type":"post","link":"https:\/\/www.errecom.com\/de\/luca-ronga-der-leitende-geschaeftsfuehrer-und-gruender-von-errecom%e2%80%afspa\/","title":{"rendered":"Luca Ronga: Der leitende Gesch\u00e4ftsf\u00fchrer und Gr\u00fcnder von Errecom\u202fSpa"},"content":{"rendered":"\t\t<div data-elementor-type=\"wp-post\" data-elementor-id=\"55194\" class=\"elementor elementor-55194 elementor-15699\" data-elementor-post-type=\"post\">\n\t\t\t\t\t\t<section class=\"elementor-section elementor-top-section elementor-element elementor-element-19f5eb80 elementor-section-boxed elementor-section-height-default elementor-section-height-default\" data-id=\"19f5eb80\" data-element_type=\"section\" id=\"article-head\">\n\t\t\t\t\t\t<div class=\"elementor-container elementor-column-gap-default\">\n\t\t\t\t\t<div class=\"elementor-column elementor-col-100 elementor-top-column elementor-element elementor-element-a4aacac\" data-id=\"a4aacac\" data-element_type=\"column\">\n\t\t\t<div class=\"elementor-widget-wrap elementor-element-populated\">\n\t\t\t\t\t\t<div class=\"elementor-element elementor-element-1f24d1af elementor-hidden-desktop elementor-hidden-tablet elementor-hidden-phone elementor-widget elementor-widget-html\" data-id=\"1f24d1af\" data-element_type=\"widget\" data-widget_type=\"html.default\">\n\t\t\t\t<div class=\"elementor-widget-container\">\n\t\t\tWir m\u00f6chten damit beginnen, Ihnen die Menschen vorzustellen, die hinter dem Namen Errecom stecken und die mit Leidenschaft und ... &nbsp; &nbsp; &nbsp;;\t\t<\/div>\n\t\t\t\t<\/div>\n\t\t\t\t<div class=\"elementor-element elementor-element-1bc76942 elementor-widget elementor-widget-heading\" data-id=\"1bc76942\" data-element_type=\"widget\" data-widget_type=\"heading.default\">\n\t\t\t\t<div class=\"elementor-widget-container\">\n\t\t\t<h1 class=\"elementor-heading-title elementor-size-default\">Luca Ronga: Der leitende Gesch\u00e4ftsf\u00fchrer und Gr\u00fcnder von Errecom\u202fSpa<\/h1>\t\t<\/div>\n\t\t\t\t<\/div>\n\t\t\t\t<div class=\"elementor-element elementor-element-2ecb7eba elementor-widget-divider--view-line elementor-widget elementor-widget-divider\" data-id=\"2ecb7eba\" data-element_type=\"widget\" data-widget_type=\"divider.default\">\n\t\t\t\t<div class=\"elementor-widget-container\">\n\t\t\t\t\t<div class=\"elementor-divider\">\n\t\t\t<span class=\"elementor-divider-separator\">\n\t\t\t\t\t\t<\/span>\n\t\t<\/div>\n\t\t\t\t<\/div>\n\t\t\t\t<\/div>\n\t\t\t\t<div class=\"elementor-element elementor-element-6f3d9a61 elementor-widget elementor-widget-text-editor\" data-id=\"6f3d9a61\" data-element_type=\"widget\" data-widget_type=\"text-editor.default\">\n\t\t\t\t<div class=\"elementor-widget-container\">\n\t\t\t\t\t\t\t<i><span data-contrast=\"auto\">Wir m\u00f6chten damit beginnen, Ihnen die Menschen vorzustellen, die hinter dem Namen Errecom stecken und die mit Leidenschaft und Professionalit\u00e4t ihrer t\u00e4glichen Arbeit nachgehen, um auf die Kundenbed\u00fcrfnisse zeitnah eingehen zu k\u00f6nnen, die sich aufgrund von neuen Marktanforderungen ergeben. Anhand von Interviews werden die unterschiedlichsten Personen vorgestellt, die Errecom zu dem machen was es ist \u2013 n\u00e4mlich ein Unternehmen, das italienische Spitzenleistung bringt und bereits \u00fcber die Landesgrenzen hinaus bekannt ist. Einige wenige Fragen, von denen sich einzelne auf den pers\u00f6nlichen Bereich und andere auf die berufliche Dimension beziehen, sollen zeigen, wer die Menschen sind, die t\u00e4glich bei Errecom mit Leidenschaft und Engagement arbeiten.<\/span><\/i>\t\t\t\t\t\t<\/div>\n\t\t\t\t<\/div>\n\t\t\t\t<div class=\"elementor-element elementor-element-461c6d9 elementor-widget elementor-widget-shortcode\" data-id=\"461c6d9\" data-element_type=\"widget\" data-widget_type=\"shortcode.default\">\n\t\t\t\t<div class=\"elementor-widget-container\">\n\t\t\t\t\t<div class=\"elementor-shortcode\"><span class=\"my-reading-time\"><span class=\"my-reading-time-label\">Lesezeit: <\/span><span class=\"my-reading-time-value\">17 min<\/span><\/span><\/div>\n\t\t\t\t<\/div>\n\t\t\t\t<\/div>\n\t\t\t\t\t<\/div>\n\t\t<\/div>\n\t\t\t\t\t<\/div>\n\t\t<\/section>\n\t\t\t\t<section class=\"elementor-section elementor-top-section elementor-element elementor-element-1c26ebb8 elementor-section-boxed elementor-section-height-default elementor-section-height-default\" data-id=\"1c26ebb8\" data-element_type=\"section\">\n\t\t\t\t\t\t<div class=\"elementor-container elementor-column-gap-default\">\n\t\t\t\t\t<div class=\"elementor-column elementor-col-100 elementor-top-column elementor-element elementor-element-55246db6\" data-id=\"55246db6\" data-element_type=\"column\">\n\t\t\t<div class=\"elementor-widget-wrap elementor-element-populated\">\n\t\t\t\t\t\t<div class=\"elementor-element elementor-element-62eeeb9d elementor-widget elementor-widget-image\" data-id=\"62eeeb9d\" data-element_type=\"widget\" data-widget_type=\"image.default\">\n\t\t\t\t<div class=\"elementor-widget-container\">\n\t\t\t\t\t\t\t\t\t\t\t\t\t<img fetchpriority=\"high\" decoding=\"async\" width=\"1152\" height=\"648\" src=\"https:\/\/www.errecom.com\/wp-content\/uploads\/2020\/10\/article-intervista-lr.jpg\" class=\"attachment-full size-full wp-image-15707\" alt=\"\" srcset=\"https:\/\/www.errecom.com\/wp-content\/uploads\/2020\/10\/article-intervista-lr.jpg 1152w, https:\/\/www.errecom.com\/wp-content\/uploads\/2020\/10\/article-intervista-lr-300x169.jpg 300w, https:\/\/www.errecom.com\/wp-content\/uploads\/2020\/10\/article-intervista-lr-1024x576.jpg 1024w, https:\/\/www.errecom.com\/wp-content\/uploads\/2020\/10\/article-intervista-lr-768x432.jpg 768w\" sizes=\"(max-width: 1152px) 100vw, 1152px\" \/>\t\t\t\t\t\t\t\t\t\t\t\t\t<\/div>\n\t\t\t\t<\/div>\n\t\t\t\t\t<\/div>\n\t\t<\/div>\n\t\t\t\t\t<\/div>\n\t\t<\/section>\n\t\t\t\t<section class=\"elementor-section elementor-top-section elementor-element elementor-element-69102093 elementor-section-boxed elementor-section-height-default elementor-section-height-default\" data-id=\"69102093\" data-element_type=\"section\" id=\"article-body\">\n\t\t\t\t\t\t<div class=\"elementor-container elementor-column-gap-default\">\n\t\t\t\t\t<div class=\"elementor-column elementor-col-100 elementor-top-column elementor-element elementor-element-5668bdbd\" data-id=\"5668bdbd\" data-element_type=\"column\">\n\t\t\t<div class=\"elementor-widget-wrap elementor-element-populated\">\n\t\t\t\t\t\t<div class=\"elementor-element elementor-element-3b495d97 elementor-widget elementor-widget-text-editor\" data-id=\"3b495d97\" data-element_type=\"widget\" data-widget_type=\"text-editor.default\">\n\t\t\t\t<div class=\"elementor-widget-container\">\n\t\t\t\t\t\t\t<p><i><span data-contrast=\"auto\">Einst sagte man, dass \u201cDie Ideen und Projekte von den Menschen herangetragen werden\u201c. Und wir sagen es noch heute! Es ist genau diese \u00dcberzeugung, die uns den Wunsch versp\u00fcren l\u00e4sst, uns erkenntlich zu machen, anhand eines Fotos von uns, einem Blick, unseren \u00dcberzeugungen und unseren W\u00fcnschen.<\/span><\/i><\/p><p>Wir beginnen heute mit dem ersten Interview das, wie h\u00e4tte es anders nicht sein k\u00f6nnen, mit Herrn Luca Ronga, dem leitenden Gech\u00e4ftsf\u00fchrer und Gr\u00fcnder von Errecom Spa, auch anl\u00e4sslich seines 50. Geburtstages, durchgef\u00fchrt wurde. Gibt es einen besseren Vorwand, um mitzuteilen, wer Errecom ist und wer die Leute sind, die f\u00fcr Errecom arbeiten?<\/p><p><strong>Wie Luciana Litizzetto (italienische Komikerin) sagen w\u00fcrde, ist es nicht allt\u00e4glich, 50 zu werden. Wie empfinden Sie das? Wie f\u00fchlt man sich, wenn man ein halbes Jahrhundert hinter sich hat und viele wichtige Ziele im Berufsleben erreicht hat?<\/strong><\/p><p>Zu aller Anfang m\u00f6chte ich betonen, dass ich noch keine 50 Jahre alt bin \u2026 es dauert noch ein paar Tage. Ich glaube, dass es im Leben keine echten Ziele, sondern nur Zwischenziele, sprich gemeisterte Etappen gibt. Neue Ausgangspunkte, immer ehrgeiziger, die einen anspornen, niemals aufzuh\u00f6ren, sondern weiterzumachen mit dem Wunsch und der Begeisterung, zu entdecken, wie es weitergeht. Im Grunde bin ich heute auch nur zuf\u00e4llig hier: Wenn ich dar\u00fcber nachdenke, dass ich als Reifenh\u00e4ndler angefangen habe, dann dieses Abenteuer mit dem Verkauf von O-Ringen begonnen hatte und heute mit Chemikern diskutiere, glaube ich wirklich, dass ich noch alles machen kann!<\/p><p><strong>Das f\u00fcnfzigste Lebensjahr ist ein wichtiger Abschnitt im Leben eines Mannes, auch wenn es in Ihrem Fall eher den Anschein macht, dass es sich nur um einen neuen Beginn handelt f\u00fcr neue Herausforderungen. Liegen wir mit unserer Annahme da richtig?<\/strong><\/p><p>Ja mit Sicherheit, Ihr habt richtig geraten. Jedes Mal, wenn ich das Unternehmen betrete, habe ich eine neue Idee, ein neues Projekt, ein neues Ziel im Kopf. Des Aberglaubens halber kann ich nichts vorwegnehmen, auch wenn Ihr einige Ideen bald verwirklicht sehen werdet.<\/p><p>Na gut, eine Sache kann ich vielleicht schon vorwegnehmen: Ab dem Jahr 2021 wird Errecom Middle East operativ sein, eine neue Filiale von Errecom, in der Freihandelszone Dubai, die es uns zusammen mit der von Miami erm\u00f6glicht, noch n\u00e4her an den M\u00e4rkten der s\u00fcdlichen Halbkugel zu sein. Wir werden unseren Partnern und Kunden aus Australien, Neuseeland, Malaysia, S\u00fcdafrika usw. einen noch besseren Service anbieten, der sich durch die verk\u00fcrzten Lieferzeiten unserer Produkte bemerkbar machen wird. Damit k\u00f6nnen diese ihr Gesch\u00e4ft weiter ausbauen, indem sie die M\u00f6glichkeiten nutzen, die wir heute mit l\u00e4ngeren Lieferzeiten nicht schaffen.\u202fZu diesem Projekt z\u00e4hlt auch die erst k\u00fcrzlich gemachte Neueinstellung eines neuen Vertriebsmitarbeiters mit der Muttersprache Arabisch.<\/p><p>Ich habe auch andere Herausforderungen im Kopf, die au\u00dferhalb des aktuellen Arbeitskontextes liegen, aber diese sind wirklich streng geheim. Ich werde mein Modell des unternehmerischen \u00dcbermuts auf andere Projekte \u00fcbertragen, weil es mir im Grunde genommen Spa\u00df macht und ich glaube, dass es nichts Sch\u00f6neres gibt, als jeden Tag aufs Neue in der Arbeit einen neuen Ansporn zu entdecken, den man mit Freude angeht. Ihr k\u00f6nnt sicher sein, dass es noch einige gute Sachen zu sehen geben wird!<\/p><p><strong>Auf was sind Sie in Ihrem Berufsleben am meisten stolz? Welches sind die wichtigsten Ergebnisse, die Sie Ihrer Meinung nach bis heute erzielt haben? Gibt es etwas, dass Sie aus Unternehmersicht noch nicht geschafft haben zu erreichen und das Sie f\u00fcr die Zukunft ins Auge gefasst haben?<\/strong><\/p><p>Das, was ich am meisten wollte, war, der Aufbau einer anerkannten Marke, denn f\u00fcr mich geht es im Gesch\u00e4ft ums Branding, nicht ums Geldverdienen. Wenn man in der Lage ist, ein gutes Gesch\u00e4ft zu f\u00fchren, wird Gewinn erwirtschaftet.\u202fAber eine eigene Marke aufzubauen ist nochmal schwieriger.\u202fHeute ist Errecom\u202feine weltweit anerkannte Marke und das dank der wichtigen Arbeit des Marketings, die wir in den letzten Jahren konstant und entschlossen verfolgt haben.\u202fMit Stolz kann ich euch versichern, dass wenn es weltweit um das Thema Dichtmittel zur Reparatur von K\u00e4ltemittelleckagen bei Klima- und K\u00e4lteanlagen geht, diese heute von Errecom hergestellt werden.<\/p><p>Errecom\u202fist das Vorbild, was nachgeahmt wird. Von uns erwartet sich der Markt die L\u00f6sung f\u00fcr ein bestehendes Problem und vor allem neue Ideen. Und wir arbeiten jeden Tag daran, immer einen Schritt (oder auch zwei oder drei) voraus zu sein!<\/p><p>Eine Sache kann ich Euch anvertrauen:\u202fDas, was ich jeden Tag tue, macht mir richtig viel Spa\u00df. Und ich glaube, dass es nichts Sch\u00f6neres und Stimulierendes gibt, da es auch als Energiequelle f\u00fcr Kreativit\u00e4t dient.<\/p><p>Die andere Sache, die mir sehr wichtig ist, ist das Thema Schulung und Training. Der Markt ist immer noch etwas skeptisch gegen\u00fcber der Anwendung einiger unserer Produkte. Sie werden nicht angewendet, weil man sie nicht kennt. Man kennt die Funktions- bzw. Wirkungsweise nicht. Einige sind auch \u201cgebrannte Kinder\u201d, da sie schlechte Erfahrungen mit anderen, aber \u00e4hnlichen Produkten am Markt gemacht haben und nun verunsichert sind solche in K\u00e4lte- bzw. Klimaanlagen einzugeben. Wir arbeiten sehr an diesem Aspekt anhand von Webinaren, Tutorials, Leitf\u00e4den, der Zusammenarbeit mit Herstellern von Kompressoren oder K\u00e4lte- und Klimaanlagen, die die Verwendung unserer Produkte in ihren Anlagen genehmigen und die Qualit\u00e4t und das Ergebnis ver\u00f6ffentlichen. Aber es ist ein langer Prozess, der Durchhalteverm\u00f6gen, Kompetenz und Geduld erfordert, um kleine Ergebnisse zu erzielen. Wir m\u00fcssen versuchen die Vorurteile und Klischees abzuschaffen.\u202fDeshalb wird es in K\u00fcrze ein neues Projekt geben, die sogennante\u202fErrecom\u202fAcademy. Anhand dieser k\u00f6nnen wir den K\u00e4ltetechnikern und unseren Gesch\u00e4ftspartnern anbieten, direkt zu uns ins Unternehmen zu kommen, an Schulungen zusammen mit unseren Experten teilzunehmen und alle Informationen aus erster Hand zu erhalten, die ben\u00f6tigt werden, um deren Professionalit\u00e4t zu st\u00e4rken und dann diese am Markt einzusetzen, um einen Mehrwert zu schaffen.<\/p><p>Es gibt aber immer noch viel zu tun. Es w\u00fcrde mir zum Beispiel gefallen, das Unternehmen noch menschenfreundlicher zu gestalten, damit meine Mitarbeiter in aller Ruhe arbeiten k\u00f6nnen. Ich denke an einen Kindergarten f\u00fcr die M\u00fctter und V\u00e4ter, die sich t\u00e4glich bez\u00fcglich der Unterbringung ihrer J\u00fcngsten k\u00fcmmern und dementsprechend organisieren m\u00fcssen. Des Weiteren an ein Fitnessstudio, in der man einen Gro\u00dfteil seiner Pause verbringen kann und auch an eine Kantine mit einer qualitativ hochwertigen K\u00fcche.\u202fBisher sind es nur Projekte aufgrund des Platzmangels, aber ich hoffe, diese bald konkretisieren zu k\u00f6nnen.<\/p><p><strong>Wir wissen, dass Sie einen bestimmten Satz gerne wiederholen: \u201cEs gibt keine zweite Gelegenheit, um einen guten ersten Eindruck zu machen\u201c. Das kommt daher, da Sie wollen, dass man Sie von Beginn an als glaub-w\u00fcrdig betrachtet. Ist es nicht so? All dies hat auch mit dem Grundsatz zu tun, von Anfang an die richtige Antwort auf die Bed\u00fcrfnisse des Kunden zu geben, richtig?<\/strong><\/p><p>F\u00fcr mich ist das ein wertvoller Satz.\u202fEs ist eine Art Mantra, das mir zu eigen geworden ist. Diesen Satz hatte ich zum ersten Mal von einer Person geh\u00f6rt, die bei Erreom ein Projekt pr\u00e4sentiert hatte, als ich 10 Jahre alt war. W\u00e4hrend dieses Treffens war ich so beeindruckt von dessen Charisma, dass ich ihn angesprochen habe, und er hat mir darauf geantwortet: \u201eWei\u00dft du, warum ich dich beeindruckt habe? Weil es keine zweite Chance gibt, um einen guten ersten Eindruck zu hinterlassen.\u201d\u202fEr hatte Recht. Oft unter-sch\u00e4tzen wir diesen Aspekt, obwohl wir tagt\u00e4glich damit konfrontiert werden, nicht nur im Gesch\u00e4ftlichen. Wenn man in ein Restaurant geht und nicht \u00fcberzeugt wurde vom Service oder vom Essen, geht man dort nicht mehr hin. Wenn man eine Person trifft, die nicht glaubw\u00fcrdig ist, wird man kaum etwas mit dieser zu tun haben wollen.<\/p><p>Und das gleiche gilt im Gesch\u00e4ftlichen. Wenn man sich zum ersten Mal bei einem Kunden vorstellt, muss man vom ersten Moment an glaubw\u00fcrdig auftreten, um dessen Aufmerksamkeit zu erhalten, denn dies beim n\u00e4chsten Mal zu probieren wird nicht klappen, weil es ein n\u00e4chstes Mal nicht geben wird.<\/p><p>Dies wiederhole ich oft auch bei den Vorstellungsgespr\u00e4chen, bei denen alles auf dem Spiel steht, hier und jetzt.\u202fUnd es \u00e4rgert mich, wenn ich sehe, dass bei den jungen Menschen oft dieses Bewusstsein fehlt, mit Entschlossenheit direkt zum Ziel zu kommen.<\/p><p>Zu Beginn meiner unternehmerischen Laufbahn, in den 97-er Jahren, hatte ich es geschafft, einen Termin beim Verantwortlichen von W\u00fcrth zu erhalten. Ich wollte ihm meine O-Ringe verkaufen. Ich wusste, dass ich mir keinen Fehler erlauben durfte, weil ich bei ihm keine 2. Chance erhalten h\u00e4tte.\u202fIch hatte sozusagen nur einen Schuss und musste ins Schwarze treffen. Als das Treffen zu Ende war, wusste ich nicht wirklich, wie es gelaufen war. Nach ein paar Monaten erhielt ich jedoch einen Anruf und es war dieser Herr von W\u00fcrth der seine erste Bestellung abgab. Ich hatte es also geschafft.<\/p><p><strong>Wir wissen um Ihre au\u00dferordentliche Liebe zum Detail, sowohl in Ihrem Privatleben als auch im Unternehmen. Vom Rasen vor dem Hauptsitz von Errecom, der stets gem\u00e4ht ist und wie ein Teppich wirkt, bis hin zur Produktverpackung, aber auch der Kleidung, die in der Produktion getragen wird, \u00fcber den wei\u00dfen Fu\u00dfbodenbelag im Lager und der Reinigungskraft, die mehrmals am Tag die B\u00fcros reinigt.\u202fEs geht nicht nur um \u00c4sthetik, oder?<\/strong><\/p><p>Ja richtig, es geht nicht nur um \u00c4sthetik. Ich \u00fcbertreibe in dieser Hinsicht, weil f\u00fcr mich Unordnung, Schmutz und unkoordiniert sein ein inneres Ungleichgewicht widerspiegeln, w\u00e4hrend Ordnung, Sauberkeit und das richtige Detail an seinem richtigen Platz Synonyme sind f\u00fcr Ausgewogenheit und Gleichgewicht. So bin ich eben. Auch zu Hause werden Sie mich nie ungepflegt oder zerzaust finden. Und wenn es so w\u00e4re, dann fangt an euch Gedanken zu machen, weil es bedeutet, dass ich ein Problem habe.<\/p><p>Auch f\u00fcr das Unternehmen gilt das gleiche. Wenn alles ordentlich ist, bedeutet das f\u00fcr mich, das alles gut ist, dass Ausgeglichenheit herrscht und diese f\u00fchrt zu Gelassenheit sowohl f\u00fcr diejenigen, die den gr\u00f6\u00dften Teil des Tages im Unternehmen verbringen, als auch f\u00fcr diejenigen, die nur f\u00fcr kurze Zeit bei uns willkommen sind. Ich bin auch in der Firma sehr \u00fcbertrieben und erwarte Sauberkeit, Ordnung und das alles sch\u00f6n aussieht, zu jeder Zeit.<\/p><p><strong>Wenn man zum ersten Mal ins Unternehmen Errecom\u202fkommt, gib es diverse Dinge, die den Besucher beeindrucken, zus\u00e4tzlich zu den Produkten und Dienstleistungen. Die Toiletten sind wirklich sehr elegant und sehr sauber. Das bestehende Soundsystem im Vorraum zum H\u00e4ndewaschen erinnert an eine Wellness-Center-Toilette. Sogar der Entspannungsbereich vor den Kaffeemaschinen&#8230; mit diesen sanften LED-Lichtern und den drei Bartischen &#8230; das alles ist kein Zufall, richtig?<\/strong><\/p><p>Hat Euch das wirklich beeindruckt? Das freut mich. Nichts habe ich dem Zufall \u00fcberlassen. Den Relax-Bereich zum Beispiel habe ich so geplant, weil es ein Bereich zum Entspannen sein soll, in dem meine Angestellten einen gem\u00fctlichen Bereich finden sollen, wo sie auch nur f\u00fcr ein paar Minuten von der hektischen Arbeit abschalten k\u00f6nnen. Das ged\u00e4mpfte Licht und die Musik sind daf\u00fcr ideal.<\/p><p>Meiner Meinung nach ist es auch richtig im Bereich der Toiletten aufs Detail zu achten, um die Aufmerksamkeit widerzuspiegeln, mit der wir unsere Mitarbeiter, unsere Kunden und Lieferanten \u00fcberallhin im Unternehmen begleiten und wahrnehmen.<\/p><p>Dies ist mein Lebensstil und ich finde es nur richtig, dass diejenigen, die mir nahestehen und mein Vertrauen haben, den gleichen Standard genie\u00dfen und sich willkommen f\u00fchlen. Ich hoffe, dass dies wertgesch\u00e4tzt wird.\u202fEs ist noch nicht genau so wie ich es m\u00f6chte, aber jetzt mit der Einf\u00fchrung des Parf\u00fcms haben wir den Komfort weiter erh\u00f6ht.<\/p><p><strong>Bez\u00fcglich des Wohlf\u00fchlens und der Gesundheit: Die Pandemie, die im Februar ausbrach, hat alle auf eine harte Probe gestellt, sowohl auf der menschlichen als auch auf der arbeitstechnischen Ebene.\u202fErrecom\u202fhatte nie die Produktion eingestellt, sondern immer weitergearbeitet. Dies war m\u00f6glich, da es ein chemisches Labor gibt und ein internes Forschungs- und Entwicklungszentrum. Errecom konnte weiterhin Desinfektionsmittel produzieren und den Markt mit diesen versorgen. Welchen Einfluss hatte der Coronavirus auf das Unternehmen? Was hat er an Ver\u00e4nderungen mit sich gebracht?<\/strong><\/p><p>Den Gesundheitsnotstand, den wir durchlebt haben und den wir zum Teil immer noch durchleben hat uns in die Lage versetzt, uns selbst und den Marktteilnehmern zu beweisen, was die Worte Flexibilit\u00e4t, Dynamik, Risikobereitschaft und Vorausschau bedeuten, die h\u00e4ufig in den Unternehmenspr\u00e4sentationen enthalten sind.<\/p><p>Wir formulieren und produzieren auch Produkte zur Desinfektion von Oberfl\u00e4chen und R\u00e4umlichkeiten. Als der Notstand ausgebrochen ist, habe ich die Gesch\u00e4ftsm\u00f6glichkeit erkannt und zur gleichen Zeit war ich gl\u00fccklich, das Unternehmen auf die steigende Anfrage nach solchen Produkten ausrichten zu k\u00f6nnen. Ich nahm das volle Risiko auf mich f\u00fcr die Strategie \u201cmit Volldampf voraus\u201c. Bis zum Lockdown war diese Produktion jedoch grenzwertig f\u00fcr uns.<\/p><p>Im Februar habe ich dann entschieden die Produktionslinie umzufunktionieren, um diese Produktion maximieren zu k\u00f6nnen. Es fehlten komplett allgemeine und klare Richtlinien \u201evon oben\u201c und so habe ich ein strenges internes Protokoll und die entsprechenden Verhaltensregeln definiert, um das Unternehmen und meine Mitarbeiter zu sch\u00fctzen. Ich stellte Gesichtsmasken, Desinfektionsmittel und vierzehnt\u00e4gige serologische Tests kostenlos zur Verf\u00fcgung. Ich verheimliche nicht, dass es zu Beginn eine gro\u00dfe Anspannung gab, weil die Leute Angst vor diesem Virus hatten und zudem bestimmte Informationen fehlten.<\/p><p>Die Mannschaft hatte sich dann aber wieder im Griff und dank meiner Dickk\u00f6pfigkeit und der Professionalit\u00e4t und Entschlossenheit jedes einzelnen, konnten wir weiterhin durcharbeiten und mussten nie schlie\u00dfen und haben auch unsere Nebenbetriebe weiterarbeiten lassen. Wir haben sogar h\u00f6here Ums\u00e4tze als erwartet erzielt und auch die Online-Ums\u00e4tze sind stark gestiegen.<\/p><p>Mit unseren Desinfektionsmitteln haben wir Krankenh\u00e4user und Kureinrichtungen versorgt. Damit wurden H\u00e4user und Klimaanlagen von tausenden von Menschen desinfiziert. Mit Hilfe unserer Mittel konnten Ladenbesitzer, Restaurant- und Barbetreiber wieder ihre T\u00fcren \u00f6ffnen. Wir teilten die Schwierigkeiten der lokalen Einrichtungen und spendeten unsere Produkte an Freiwillige Helfer, Freizeitst\u00e4tten, Kirchengemeinden und Gemeinden.<\/p><p>Wir haben mit Verzicht und hektischen Rhythmen gearbeitet, mit Zollschwierigkeiten und Transportstopps jongliert. Wir haben neue Produkte realisiert, unsere Kommunikation ver\u00e4ndert, unseren Online-Service angekurbelt.\u202fWir waren treue Partner und stets f\u00fcr unsere H\u00e4ndler verf\u00fcgbar.\u202fWir haben Webinars und Schulungen veranstaltet, um besser erkl\u00e4ren zu k\u00f6nnen, wie man unsere Produkte anwendet. Wir haben mit Verb\u00e4nden und Spezialisten zusammengearbeitet.\u202fEs war eine verr\u00fcckte Zeit, aber wir sind siegreich daraus hervorgegangen und wieder einmal wurde unser Modell kopiert.<\/p><p><strong>Wir wissen, dass Ihre Tochter Anna hei\u00dft und Sie ihr sehr nahestehen und dass sie am12.12.2012 geboren ist.\u202fSie haben ihr eine neue Raumduft-Linie gewidmet, die von Ihnen entworfen wurde. Diese bezieht sich auf das Duftmarketing und sie haben diese mit dem Namen \u201eAnnaTwelve\u201c getauft. Erz\u00e4hlen Sie uns mehr davon.\u202fEs ist nicht nur die Nummer 12 warum Sie diese Wahl vorgeschlagen haben, nicht wahr?<\/strong><\/p><p>Zu sagen, dass ich meiner Tochter nahestehe, ist nicht ganz richtig. Ich habe meine Tochter wahnsinnig lieb. Sie hat mir die reinste und unermessliche Form von Liebe gelehrt: die eines Elternteils.\u202fMein gr\u00f6\u00dfter Wunsch ist es, ein Teil ihres Lebens zu sein und zwar so lange wie m\u00f6glich. Daher habe ich mich gefragt: \u201cWie kann ich eine unvergessliche Erinnerung meiner Liebe hinterlassen, die \u00fcber meine Zeit, die ich mit ihr verbringe, hinausgeht?\u201d\u202fUnd die Antwort war ihr \u201cAnnaTwelve\u201d, die Marke f\u00fcr Raumd\u00fcfte, zu widmen. Diese habe ich entworfen und gedacht, dass wenn sie eines Tages auf meinem Platz sitzen wird (wenn sie es m\u00f6chte), k\u00f6nnte sie auf eine Frage zu dieser Brand antworten: \u201eMein Papa, Luca Ronga, hatte entschieden mir diese zu widmen\u2026\u201c<\/p><p>Ich glaube sehr an diese Marke und werde alles tun, um sie bekannter zu machen und sie in ein einzigartiges und kostbares Geschenk zu verwandeln, um es Anna bei ihrer Vollj\u00e4hrigkeit zu \u00fcbertragen. Danach liegt es an ihr was sie daraus macht.<\/p><p><strong>Ein anderes Thema, das Ihnen sehr wichtig ist, ist die Umwelt. Wir wissen, dass Sie ein Unterst\u00fctzer der Nachhaltigkeit f\u00fcr die Umwelt sind, des Recyclings, etc. Wie kann man dies in Ihrem Unternehmen wahrnehmen? K\u00f6nnen Sie Ihre Werte und Vorstellungen auch im Unternehmen Errecom umsetzen?<\/strong><\/p><p>Die \u00f6kologische Nachhaltigkeit ist einer der wichtigsten Werte von Errecom und man kann diesen bei kleinen Gesten in der t\u00e4glichen Arbeit, als auch in den strategischen Entscheidungen erkennen.\u202fIn den B\u00fcros zum Beispiel, wird ein Dokument nur ausgedruckt, wenn es wirklich nicht anders geht und es wird wiederverwendet. Wir trennen den Abfall.\u202fWir haben fast komplett die Kunststoffverpackung durch recycelten Karton ersetzt und alle neuen Produkte erhalten eine umweltfreundliche Verpackung. In der Formulierung unserer Produkte werden zunehmend biologisch abbaubare Rohstoffe oder solche mit einem geringen Umwelteinfluss verwendet. Auf unserem Parkplatz haben wir zwei Lades\u00e4ulen zum Aufladen von Elektroautos installiert.<\/p><p>Nicht zu vergessen, dass das \u201eNummer-eins-Produkt\u201c von Errecom, Extreme Ultra ist. Es handelt sich um ein Dichtmittel, zur Reparatur von K\u00e4ltemittel-Leckagen bei K\u00e4lte- und Klimaanlagen, eine der Hauptursachen f\u00fcr den Treibhauseffekt. Alle Produkte von Errecom stellen die urspr\u00fcngliche Effizienz von K\u00e4lte- und Klimaanlagensystemen wieder her und darunter versteht man eine verbesserte Leistung unter dem Gesichtspunkt eines geringeren Energieverbrauchs.<\/p><p><strong>Kommen wir auf Ihre Leidenschaften zu sprechen.\u202fSie sind ein gro\u00dfer Sportfan. Sie sind auch ein Fu\u00dfballfan von der Mannschaft aus Brescia und sie gehen auch hin- und wieder ins Stadion zu einem Spiel. Des Weiteren lieben Sie das Joggen, Sie spielen Golf und Sie haben eine gro\u00dfe Leidenschaft f\u00fcr Motoren. Nun: Kann man den Sport als Metapher f\u00fcr Ihr Leben und Ihre beruflichen Ziele betrachten? Wie wichtig ist es im t\u00e4glichen Leben, den Leidenschaften nachzugehen?<\/strong><\/p><p>Ich fange mal bei der letzten Frage an. Ich glaube, dass wenn ich keine Leidenschaft f\u00fcr das h\u00e4tte, was ich mache und auch keinen Spa\u00df daran h\u00e4tte, dann w\u00e4ren wir heute nicht hier. Also ja, ich bin fest davon \u00fcberzeugt, dass die Leidenschaft der Motor unserer Entscheidungen ist.<\/p><p>Hinsichtlich des Sports, vor allem dem individuellen den ich praktiziere, wie dem Joggen, kann man sagen, dass dieser sehr gut widerspiegelt wie ich bin. Wenn ich jogge, dann in Konkurrenz zu mir selbst. Man ist selbst sein eigenes Limit. Und man trainiert, gibt nicht auf, nimmt M\u00fcdigkeit und Schmerzen in Kauf, nur um die Ziellinie zu erreichen und sie zu \u00fcberwinden. Und einmal erreicht, wird die Messlatte h\u00f6her geh\u00e4ngt und man beginnt von vorne.\u202fDas bin ich, wie im Leben so auch auf der Arbeit. Ich bin nie zu 100% zufrieden. Ich denke, dass es immer noch etwas zu verbessern gibt, dass es noch besser sein kann. Das hei\u00dft nicht, dass ich ewig unzufrieden bin, sondern dass ich ein Mensch bin, der von Perfektion fasziniert ist &#8230;<\/p><p><strong>Eine letzte Frage an Sie. Kreativit\u00e4t, Wohlbefinden, Qualit\u00e4t. Welche dieser drei Begriffe bringt besser Ihre Gesch\u00e4ftsidee zum Ausdruck? Auf was kann man auf keinen Fall verzichten? M\u00f6chten Sie einen weiteren Begriff hinzuf\u00fcgen?<\/strong><\/p><p>Wohlbefinden im Sinne, dass mir gef\u00e4llt was ich tue und ich daher zufrieden und gl\u00fccklich bin.\u202fKreativit\u00e4t:\u202fMittlerweile kennt Ihr mich, ich bin ein kreativer Mensch und k\u00f6nnte gar nicht anders sein. Qualit\u00e4t:\u202fEs ist ein so grundlegendes Konzept, dass ich es als selbstverst\u00e4ndlich ansehe, es ist ein absolutes Muss. Ohne Qualit\u00e4t kann man nicht erwarten zu \u00fcberleben.\u202fIch w\u00fcrde mit Sicherheit die Leidenschaft erg\u00e4nzen, und habe Euch auch schon erkl\u00e4rt, warum.\u202fAuch die M\u00f6glichkeit die richtigen Mitarbeiter einzustellen: Denn es ist enorm wichtig, die richtigen Personen um sich herum zu haben, um ein gutes Betriebsklima zu schaffen, in denen sich alle wohl f\u00fchlen. Denn ganz alleine kommt man nicht weit.\u202fDeshalb ist es so wichtig, die richtigen Mitarbeiter zu finden.<\/p><p>Was ich aber nie aufgeben w\u00fcrde, ist die Tatsache, dass ich Spa\u00df bei der Arbeit habe. Wenn es daran mangeln w\u00fcrde, h\u00e4tte ich schon l\u00e4ngst etwas ge\u00e4ndert. Denn ich k\u00f6nnte nie etwas machen, das mir keine Freude bereitet.<\/p><p>Ich hoffe, dass ich auf all Eure Fragen ausf\u00fchrlich geantwortet habe und ich gebe Euch den Rat mit uns in Kontakt zu bleiben, wenn Ihr Teil von diesem faszinierenden Abenteuer sein wollt! Ich w\u00fcnsche Euch einen sch\u00f6nen Tag!<\/p>\t\t\t\t\t\t<\/div>\n\t\t\t\t<\/div>\n\t\t\t\t\t<\/div>\n\t\t<\/div>\n\t\t\t\t\t<\/div>\n\t\t<\/section>\n\t\t\t\t<\/div>\n\t\t","protected":false},"excerpt":{"rendered":"<p>Wir m\u00f6chten damit beginnen, Ihnen die Menschen vorzustellen, die hinter dem Namen Errecom stecken und die mit Leidenschaft und &#8230; &nbsp; &nbsp; &nbsp;; Luca Ronga: Der leitende Gesch\u00e4ftsf\u00fchrer und Gr\u00fcnder von Errecom\u202fSpa Wir m\u00f6chten damit beginnen, Ihnen die Menschen vorzustellen, die hinter dem Namen Errecom stecken und die mit Leidenschaft und Professionalit\u00e4t ihrer t\u00e4glichen Arbeit [&hellip;]<\/p>\n <a href=\"https:\/\/www.errecom.com\/de\/luca-ronga-der-leitende-geschaeftsfuehrer-und-gruender-von-errecom%e2%80%afspa\/\" class=\"more-link\" title=\"Read More\">Mehr lesen<\/a>","protected":false},"author":1,"featured_media":39119,"comment_status":"closed","ping_status":"closed","sticky":false,"template":"","format":"standard","meta":{"_acf_changed":false,"footnotes":""},"categories":[51,151,1],"tags":[],"yst_prominent_words":[],"class_list":["post-55194","post","type-post","status-publish","format-standard","has-post-thumbnail","hentry","category-dietro-le-quinte","category-hinter-den-kulissen","category-sanificazione-abitacoli-e-impianti-a-c-auto"],"acf":[],"_links":{"self":[{"href":"https:\/\/www.errecom.com\/de\/wp-json\/wp\/v2\/posts\/55194","targetHints":{"allow":["GET"]}}],"collection":[{"href":"https:\/\/www.errecom.com\/de\/wp-json\/wp\/v2\/posts"}],"about":[{"href":"https:\/\/www.errecom.com\/de\/wp-json\/wp\/v2\/types\/post"}],"author":[{"embeddable":true,"href":"https:\/\/www.errecom.com\/de\/wp-json\/wp\/v2\/users\/1"}],"replies":[{"embeddable":true,"href":"https:\/\/www.errecom.com\/de\/wp-json\/wp\/v2\/comments?post=55194"}],"version-history":[{"count":48,"href":"https:\/\/www.errecom.com\/de\/wp-json\/wp\/v2\/posts\/55194\/revisions"}],"predecessor-version":[{"id":60836,"href":"https:\/\/www.errecom.com\/de\/wp-json\/wp\/v2\/posts\/55194\/revisions\/60836"}],"wp:featuredmedia":[{"embeddable":true,"href":"https:\/\/www.errecom.com\/de\/wp-json\/wp\/v2\/media\/39119"}],"wp:attachment":[{"href":"https:\/\/www.errecom.com\/de\/wp-json\/wp\/v2\/media?parent=55194"}],"wp:term":[{"taxonomy":"category","embeddable":true,"href":"https:\/\/www.errecom.com\/de\/wp-json\/wp\/v2\/categories?post=55194"},{"taxonomy":"post_tag","embeddable":true,"href":"https:\/\/www.errecom.com\/de\/wp-json\/wp\/v2\/tags?post=55194"},{"taxonomy":"yst_prominent_words","embeddable":true,"href":"https:\/\/www.errecom.com\/de\/wp-json\/wp\/v2\/yst_prominent_words?post=55194"}],"curies":[{"name":"wp","href":"https:\/\/api.w.org\/{rel}","templated":true}]}}