{"id":54575,"date":"2021-06-26T08:00:00","date_gmt":"2021-06-26T06:00:00","guid":{"rendered":"https:\/\/www.errecom.com\/?p=54575"},"modified":"2022-03-25T12:35:23","modified_gmt":"2022-03-25T11:35:23","slug":"cool-young-greenerrecom-nimmt-am-welttag-der-kaeltetechnik-2021-teil","status":"publish","type":"post","link":"https:\/\/www.errecom.com\/de\/cool-young-greenerrecom-nimmt-am-welttag-der-kaeltetechnik-2021-teil\/","title":{"rendered":"Cool, young &#038; green:<br>Errecom nimmt am Welttag der K\u00e4ltetechnik 2021 teil"},"content":{"rendered":"\t\t<div data-elementor-type=\"wp-post\" data-elementor-id=\"54575\" class=\"elementor elementor-54575 elementor-54526\" data-elementor-post-type=\"post\">\n\t\t\t\t\t\t<section class=\"elementor-section elementor-top-section elementor-element elementor-element-1acec8c0 elementor-section-boxed elementor-section-height-default elementor-section-height-default\" data-id=\"1acec8c0\" data-element_type=\"section\" id=\"article-head\">\n\t\t\t\t\t\t<div class=\"elementor-container elementor-column-gap-default\">\n\t\t\t\t\t<div class=\"elementor-column elementor-col-100 elementor-top-column elementor-element elementor-element-33159d10\" data-id=\"33159d10\" data-element_type=\"column\">\n\t\t\t<div class=\"elementor-widget-wrap elementor-element-populated\">\n\t\t\t\t\t\t<div class=\"elementor-element elementor-element-3a407d82 elementor-hidden-desktop elementor-hidden-tablet elementor-hidden-phone elementor-widget elementor-widget-html\" data-id=\"3a407d82\" data-element_type=\"widget\" data-widget_type=\"html.default\">\n\t\t\t\t<div class=\"elementor-widget-container\">\n\t\t\tAuch dieses Jahr wird Errecom den Welttag der K\u00e4ltetechnik begehen, und zwar indem es zu Gast sein wird beim ... &nbsp;\t\t<\/div>\n\t\t\t\t<\/div>\n\t\t\t\t<div class=\"elementor-element elementor-element-49027fda elementor-widget elementor-widget-heading\" data-id=\"49027fda\" data-element_type=\"widget\" data-widget_type=\"heading.default\">\n\t\t\t\t<div class=\"elementor-widget-container\">\n\t\t\t<h1 class=\"elementor-heading-title elementor-size-default\">Cool, young & green:<br> Errecom nimmt am Welttag der K\u00e4ltetechnik 2021 teil <\/h1>\t\t<\/div>\n\t\t\t\t<\/div>\n\t\t\t\t<div class=\"elementor-element elementor-element-79f2cf4 elementor-widget elementor-widget-text-editor\" data-id=\"79f2cf4\" data-element_type=\"widget\" data-widget_type=\"text-editor.default\">\n\t\t\t\t<div class=\"elementor-widget-container\">\n\t\t\t\t\t\t\tAuch dieses Jahr wird Errecom den Welttag der K\u00e4ltetechnik begehen, und zwar indem es zu Gast sein wird beim Super-Webinar vom \u201eCentro Studi Galileo\u201c, dem wichtigsten Schulungszentrum Italiens. Dieses Webinar wurde organisiert, um die Aufmerksamkeit auf die jungen Leute zu ziehen, die mitten im Berufsleben gerade in diesem Sektor stehen.\t\t\t\t\t\t<\/div>\n\t\t\t\t<\/div>\n\t\t\t\t<div class=\"elementor-element elementor-element-47531da0 elementor-widget elementor-widget-shortcode\" data-id=\"47531da0\" data-element_type=\"widget\" data-widget_type=\"shortcode.default\">\n\t\t\t\t<div class=\"elementor-widget-container\">\n\t\t\t\t\t<div class=\"elementor-shortcode\"><span class=\"my-reading-time\"><span class=\"my-reading-time-label\">Lesezeit: <\/span><span class=\"my-reading-time-value\">3 min<\/span><\/span><\/div>\n\t\t\t\t<\/div>\n\t\t\t\t<\/div>\n\t\t\t\t\t<\/div>\n\t\t<\/div>\n\t\t\t\t\t<\/div>\n\t\t<\/section>\n\t\t\t\t<section class=\"elementor-section elementor-top-section elementor-element elementor-element-16ceb3eb elementor-section-boxed elementor-section-height-default elementor-section-height-default\" data-id=\"16ceb3eb\" data-element_type=\"section\">\n\t\t\t\t\t\t<div class=\"elementor-container elementor-column-gap-default\">\n\t\t\t\t\t<div class=\"elementor-column elementor-col-100 elementor-top-column elementor-element elementor-element-436f946c\" data-id=\"436f946c\" data-element_type=\"column\">\n\t\t\t<div class=\"elementor-widget-wrap elementor-element-populated\">\n\t\t\t\t\t\t<div class=\"elementor-element elementor-element-4fc0fa67 elementor-widget elementor-widget-image\" data-id=\"4fc0fa67\" data-element_type=\"widget\" data-widget_type=\"image.default\">\n\t\t\t\t<div class=\"elementor-widget-container\">\n\t\t\t\t\t\t\t\t\t\t\t\t\t<img fetchpriority=\"high\" decoding=\"async\" width=\"1152\" height=\"648\" src=\"https:\/\/www.errecom.com\/wp-content\/uploads\/2021\/06\/WRD-NEWS.jpg\" class=\"attachment-full size-full wp-image-54531\" alt=\"\" srcset=\"https:\/\/www.errecom.com\/wp-content\/uploads\/2021\/06\/WRD-NEWS.jpg 1152w, https:\/\/www.errecom.com\/wp-content\/uploads\/2021\/06\/WRD-NEWS-300x169.jpg 300w, https:\/\/www.errecom.com\/wp-content\/uploads\/2021\/06\/WRD-NEWS-1024x576.jpg 1024w, https:\/\/www.errecom.com\/wp-content\/uploads\/2021\/06\/WRD-NEWS-768x432.jpg 768w, https:\/\/www.errecom.com\/wp-content\/uploads\/2021\/06\/WRD-NEWS-100x56.jpg 100w\" sizes=\"(max-width: 1152px) 100vw, 1152px\" \/>\t\t\t\t\t\t\t\t\t\t\t\t\t<\/div>\n\t\t\t\t<\/div>\n\t\t\t\t\t<\/div>\n\t\t<\/div>\n\t\t\t\t\t<\/div>\n\t\t<\/section>\n\t\t\t\t<section class=\"elementor-section elementor-top-section elementor-element elementor-element-8ebddbb dc-has-condition dc-condition-contains elementor-section-boxed elementor-section-height-default elementor-section-height-default\" data-id=\"8ebddbb\" data-element_type=\"section\" id=\"article-body\">\n\t\t\t\t\t\t<div class=\"elementor-container elementor-column-gap-default\">\n\t\t\t\t\t<div class=\"elementor-column elementor-col-100 elementor-top-column elementor-element elementor-element-6d0f980a\" data-id=\"6d0f980a\" data-element_type=\"column\">\n\t\t\t<div class=\"elementor-widget-wrap elementor-element-populated\">\n\t\t\t\t\t\t<div class=\"elementor-element elementor-element-10b678db elementor-widget elementor-widget-text-editor\" data-id=\"10b678db\" data-element_type=\"widget\" data-widget_type=\"text-editor.default\">\n\t\t\t\t<div class=\"elementor-widget-container\">\n\t\t\t\t\t\t\t<p>Der Welttag der K\u00e4ltetechnik wurde erstmals 2019 ins Leben gerufen und wird seitdem immer am 26. Juni eines Jahres begangen, mit dem Hintergrund die \u00d6ffentlichkeit dahingehend zu sensibilisieren, welch zentrale Bedeutung die Industrie der K\u00e4lte- und Klimaanlagen sowie W\u00e4rmepumpen im allt\u00e4glichen Leben und der modernen Gesellschaft einnimmt.<\/p>\n<p>Wenn man nur daran denkt, was f\u00fcr eine wichtige Rolle die K\u00fchlkette bei der Lagerung von Lebensmitteln und pharmazeutischen Produkten spielt, wie es z.B. dieses Jahr hinsichtlich des Transports des Impfstoffes deutlich wurde. Als weitere Beispiele fallen einen die Operationss\u00e4le ein, in denen eine konstante und kontrollierte Temperatur herrschen muss, sowie Heizungsl\u00f6sungen mit W\u00e4rmepumpen, die unsere H\u00e4user auch in den k\u00e4ltesten Wintern warmhalten und gleichzeitig f\u00fcr Energieeinsparungen sorgen.<\/p>\n<p>Der Welttag der K\u00e4ltetechnik ist deshalb die beste Gelegenheit, um das Bewusstsein zu f\u00f6rdern, nicht nur hinsichtlich des grundlegenden Beitrags der K\u00e4lteindustrie zur Verbesserung der Lebensqualit\u00e4t von Millionen von Menschen, sondern auch hinsichtlich der Rolle die sie f\u00fcr die Nachhaltig-keit und Umwelt spielt.<\/p>\n<p>\u201cCooling Champions: Cool Careers for a Better World\u201d (auf deutsch: K\u00fchlende Champions: Coole Karrieren f\u00fcr eine bessere Welt): Das Thema der diesj\u00e4hrigen Ausgabe 2021, das darauf abzielt, junge Fachkr\u00e4fte aus aller Welt f\u00fcr eine Karriere in der K\u00e4ltebranche zu begeistern. Das Super-Webinar, an dem auch Errecom zusammen mit anderen f\u00fchrenden Unternehmen der Branche teilnehmen wird, findet am 1. Juli statt und wird vom \u201cCentro Studi Galileo\u201d in Zusammenarbeit mit dem \u201eATF\u201c (dem Italienischen Verband der K\u00e4ltetechniker) und der \u201eIndustria &amp; Formazione\u201c (dem ersten italienischen Blog f\u00fcr K\u00e4lte- und Klimatechnik) organisiert und ausgerichtet. Als Projekt, um sich am Thema der diesj\u00e4hrigen Ausgabe 2021 zu halten, ist der f\u00fcr die Veranstaltung vorgesehene Titel \u201cKarriere in der K\u00e4ltetechnik: Die Jugend der K\u00e4lte wird unsere Welt 2.0 retten\u201d.<\/p>\n<p>Die Teilnahme von Errecom sieht einen Beitrag von Frau Anna Paderno vor, die als Labortechnikerin und als j\u00fcngste Mitarbeiterin von Errecom, seit drei Jahren im Forschungs- und Entwicklungsteam arbeitet. Die 1999 geborene Anna wird ihre Rolle bei Errecom und eines der Forschungs- und Entwicklungsprojekte, an denen sie beteiligt war, vorstellen und anhand ihrer pers\u00f6nlichen Erfahrungen aufzeigen, was es heute bedeutet eine junge Frau zu sein, die in der Welt der Chemie in der K\u00e4ltetechnik arbeitet.<br>Cool, young &amp; green &#8211; die Chemie der K\u00e4ltetechnik investiert in junge Leute: So lautet der Titel des Berichts, mit dem Anna Errecom repr\u00e4sentieren wird, ein Unternehmen, das sich seit jeher dadurch auszeichnet, eine dynamische Realit\u00e4t zu sein, die mit viel Mut und \u00dcberzeugung auf junge Talente setzt.<\/p>\n<p>Nur zur Erinnerung: der Termin findet am Donnerstag, den 1. Juli um 10:45 Uhr statt \u2013 nicht verpassen!<\/p>\t\t\t\t\t\t<\/div>\n\t\t\t\t<\/div>\n\t\t\t\t\t<\/div>\n\t\t<\/div>\n\t\t\t\t\t<\/div>\n\t\t<\/section>\n\t\t\t\t<\/div>\n\t\t","protected":false},"excerpt":{"rendered":"<p>Auch dieses Jahr wird Errecom den Welttag der K\u00e4ltetechnik begehen, und zwar indem es zu Gast sein wird beim &#8230; &nbsp; Cool, young &#038; green: Errecom nimmt am Welttag der K\u00e4ltetechnik 2021 teil Auch dieses Jahr wird Errecom den Welttag der K\u00e4ltetechnik begehen, und zwar indem es zu Gast sein wird beim Super-Webinar vom \u201eCentro [&hellip;]<\/p>\n <a href=\"https:\/\/www.errecom.com\/de\/cool-young-greenerrecom-nimmt-am-welttag-der-kaeltetechnik-2021-teil\/\" class=\"more-link\" title=\"Read More\">Mehr lesen<\/a>","protected":false},"author":1,"featured_media":54535,"comment_status":"closed","ping_status":"closed","sticky":false,"template":"","format":"standard","meta":{"_acf_changed":false,"footnotes":""},"categories":[96],"tags":[],"yst_prominent_words":[],"class_list":["post-54575","post","type-post","status-publish","format-standard","has-post-thumbnail","hentry","category-eventos"],"acf":[],"_links":{"self":[{"href":"https:\/\/www.errecom.com\/de\/wp-json\/wp\/v2\/posts\/54575","targetHints":{"allow":["GET"]}}],"collection":[{"href":"https:\/\/www.errecom.com\/de\/wp-json\/wp\/v2\/posts"}],"about":[{"href":"https:\/\/www.errecom.com\/de\/wp-json\/wp\/v2\/types\/post"}],"author":[{"embeddable":true,"href":"https:\/\/www.errecom.com\/de\/wp-json\/wp\/v2\/users\/1"}],"replies":[{"embeddable":true,"href":"https:\/\/www.errecom.com\/de\/wp-json\/wp\/v2\/comments?post=54575"}],"version-history":[{"count":20,"href":"https:\/\/www.errecom.com\/de\/wp-json\/wp\/v2\/posts\/54575\/revisions"}],"predecessor-version":[{"id":64550,"href":"https:\/\/www.errecom.com\/de\/wp-json\/wp\/v2\/posts\/54575\/revisions\/64550"}],"wp:featuredmedia":[{"embeddable":true,"href":"https:\/\/www.errecom.com\/de\/wp-json\/wp\/v2\/media\/54535"}],"wp:attachment":[{"href":"https:\/\/www.errecom.com\/de\/wp-json\/wp\/v2\/media?parent=54575"}],"wp:term":[{"taxonomy":"category","embeddable":true,"href":"https:\/\/www.errecom.com\/de\/wp-json\/wp\/v2\/categories?post=54575"},{"taxonomy":"post_tag","embeddable":true,"href":"https:\/\/www.errecom.com\/de\/wp-json\/wp\/v2\/tags?post=54575"},{"taxonomy":"yst_prominent_words","embeddable":true,"href":"https:\/\/www.errecom.com\/de\/wp-json\/wp\/v2\/yst_prominent_words?post=54575"}],"curies":[{"name":"wp","href":"https:\/\/api.w.org\/{rel}","templated":true}]}}