{"id":53337,"date":"2021-06-10T07:30:00","date_gmt":"2021-06-10T05:30:00","guid":{"rendered":"https:\/\/www.errecom.com\/?p=53337"},"modified":"2022-03-25T12:35:47","modified_gmt":"2022-03-25T11:35:47","slug":"schmiermittel-kaeltemittel-mit-niedrigen-erderwaermungspotential-errecom-bei-der-19-europaeischen-konferenz","status":"publish","type":"post","link":"https:\/\/www.errecom.com\/de\/schmiermittel-kaeltemittel-mit-niedrigen-erderwaermungspotential-errecom-bei-der-19-europaeischen-konferenz\/","title":{"rendered":"Schmiermittel &#038; K\u00e4ltemittel mit niedrigen Erderw\u00e4rmungspotential: Errecom bei der 19. Europ\u00e4ischen Konferenz"},"content":{"rendered":"\t\t<div data-elementor-type=\"wp-post\" data-elementor-id=\"53337\" class=\"elementor elementor-53337 elementor-53306\" data-elementor-post-type=\"post\">\n\t\t\t\t\t\t<section class=\"elementor-section elementor-top-section elementor-element elementor-element-59368473 elementor-section-boxed elementor-section-height-default elementor-section-height-default\" data-id=\"59368473\" data-element_type=\"section\" id=\"article-head\">\n\t\t\t\t\t\t<div class=\"elementor-container elementor-column-gap-default\">\n\t\t\t\t\t<div class=\"elementor-column elementor-col-100 elementor-top-column elementor-element elementor-element-748f7256\" data-id=\"748f7256\" data-element_type=\"column\">\n\t\t\t<div class=\"elementor-widget-wrap elementor-element-populated\">\n\t\t\t\t\t\t<div class=\"elementor-element elementor-element-1b81a2c0 elementor-hidden-desktop elementor-hidden-tablet elementor-hidden-phone elementor-widget elementor-widget-html\" data-id=\"1b81a2c0\" data-element_type=\"widget\" data-widget_type=\"html.default\">\n\t\t\t\t<div class=\"elementor-widget-container\">\n\t\t\tAm Donnerstag, den 10. Juni, hatte unser Leiter der F&E-Abteilung von Errecom, Herr Paolo Mattavelli, live und mit weltweiter \u00dcbertragung seinen Vortrag bei der 19. Europ\u00e4ischen ... &nbsp;\t\t<\/div>\n\t\t\t\t<\/div>\n\t\t\t\t<div class=\"elementor-element elementor-element-5d729759 elementor-widget elementor-widget-heading\" data-id=\"5d729759\" data-element_type=\"widget\" data-widget_type=\"heading.default\">\n\t\t\t\t<div class=\"elementor-widget-container\">\n\t\t\t<h1 class=\"elementor-heading-title elementor-size-default\">Schmiermittel &amp; K\u00e4ltemittel mit niedrigen Erderw\u00e4rmungs-potential: Errecom bei der 19. Europ\u00e4ischen Konferenz<\/h1>\t\t<\/div>\n\t\t\t\t<\/div>\n\t\t\t\t<div class=\"elementor-element elementor-element-3c94edec elementor-widget elementor-widget-text-editor\" data-id=\"3c94edec\" data-element_type=\"widget\" data-widget_type=\"text-editor.default\">\n\t\t\t\t<div class=\"elementor-widget-container\">\n\t\t\t\t\t\t\t<div><span lang=\"DE\">Am Donnerstag, den 10. Juni, hatte unser Leiter der F&amp;E-Abteilung von Errecom, Herr Paolo Mattavelli, live und mit weltweiter \u00dcbertragung seinen Vortrag bei der 19. Europ\u00e4ischen Fachtagung an der Politechnischen Universit\u00e4t in Mailand gehalten.<\/span><\/div>\t\t\t\t\t\t<\/div>\n\t\t\t\t<\/div>\n\t\t\t\t<div class=\"elementor-element elementor-element-4e875c8c elementor-widget elementor-widget-shortcode\" data-id=\"4e875c8c\" data-element_type=\"widget\" data-widget_type=\"shortcode.default\">\n\t\t\t\t<div class=\"elementor-widget-container\">\n\t\t\t\t\t<div class=\"elementor-shortcode\"><span class=\"my-reading-time\"><span class=\"my-reading-time-label\">Lesezeit: <\/span><span class=\"my-reading-time-value\">3 min<\/span><\/span><\/div>\n\t\t\t\t<\/div>\n\t\t\t\t<\/div>\n\t\t\t\t\t<\/div>\n\t\t<\/div>\n\t\t\t\t\t<\/div>\n\t\t<\/section>\n\t\t\t\t<section class=\"elementor-section elementor-top-section elementor-element elementor-element-3963edf1 elementor-section-boxed elementor-section-height-default elementor-section-height-default\" data-id=\"3963edf1\" data-element_type=\"section\">\n\t\t\t\t\t\t<div class=\"elementor-container elementor-column-gap-default\">\n\t\t\t\t\t<div class=\"elementor-column elementor-col-100 elementor-top-column elementor-element elementor-element-8a22148\" data-id=\"8a22148\" data-element_type=\"column\">\n\t\t\t<div class=\"elementor-widget-wrap elementor-element-populated\">\n\t\t\t\t\t\t<div class=\"elementor-element elementor-element-7c5751d8 elementor-widget elementor-widget-image\" data-id=\"7c5751d8\" data-element_type=\"widget\" data-widget_type=\"image.default\">\n\t\t\t\t<div class=\"elementor-widget-container\">\n\t\t\t\t\t\t\t\t\t\t\t\t\t<img fetchpriority=\"high\" decoding=\"async\" width=\"1152\" height=\"648\" src=\"https:\/\/www.errecom.com\/wp-content\/uploads\/2021\/06\/Paolo-Mattavelli-news.jpg\" class=\"attachment-full size-full wp-image-53414\" alt=\"\" srcset=\"https:\/\/www.errecom.com\/wp-content\/uploads\/2021\/06\/Paolo-Mattavelli-news.jpg 1152w, https:\/\/www.errecom.com\/wp-content\/uploads\/2021\/06\/Paolo-Mattavelli-news-300x169.jpg 300w, https:\/\/www.errecom.com\/wp-content\/uploads\/2021\/06\/Paolo-Mattavelli-news-1024x576.jpg 1024w, https:\/\/www.errecom.com\/wp-content\/uploads\/2021\/06\/Paolo-Mattavelli-news-768x432.jpg 768w, https:\/\/www.errecom.com\/wp-content\/uploads\/2021\/06\/Paolo-Mattavelli-news-100x56.jpg 100w\" sizes=\"(max-width: 1152px) 100vw, 1152px\" \/>\t\t\t\t\t\t\t\t\t\t\t\t\t<\/div>\n\t\t\t\t<\/div>\n\t\t\t\t\t<\/div>\n\t\t<\/div>\n\t\t\t\t\t<\/div>\n\t\t<\/section>\n\t\t\t\t<section class=\"elementor-section elementor-top-section elementor-element elementor-element-167b4c4d dc-has-condition dc-condition-contains elementor-section-boxed elementor-section-height-default elementor-section-height-default\" data-id=\"167b4c4d\" data-element_type=\"section\" id=\"article-body\">\n\t\t\t\t\t\t<div class=\"elementor-container elementor-column-gap-default\">\n\t\t\t\t\t<div class=\"elementor-column elementor-col-100 elementor-top-column elementor-element elementor-element-45013a5d\" data-id=\"45013a5d\" data-element_type=\"column\">\n\t\t\t<div class=\"elementor-widget-wrap elementor-element-populated\">\n\t\t\t\t\t\t<div class=\"elementor-element elementor-element-75bf3478 elementor-widget elementor-widget-text-editor\" data-id=\"75bf3478\" data-element_type=\"widget\" data-widget_type=\"text-editor.default\">\n\t\t\t\t<div class=\"elementor-widget-container\">\n\t\t\t\t\t\t\t<p>\u201cDie neuesten Technologien in der K\u00e4lte- und Klimatechnik\u201d war das Leitthema der diesj\u00e4hrigen Veranstaltung, die zu den renommiertesten und exklusivsten in der Branche geh\u00f6rt.<\/p><p>In dieser Ausgabe, die aus f\u00fcnf Teilabschnitten bestand, hatten die wichtigsten Akteure der Welt in verschiedenen Reden und Berichten gemeinsam einen zuk\u00fcnftigen \u00dcberblick \u00fcber die Welt der K\u00e4ltetechnik aufgezeigt.<\/p><div><span lang=\"DE\">Die Rede von Herrn Dr. Paolo Mattavelli hatte sich auf das Thema \u201cSchmierung bei K\u00e4ltemitteln mit niedrigem Erderw\u00e4rmuns- bzw. Treibhauspotenzial (GWP = Global Warming Potential)\u201d konzentriert. In Zeiten wie diesen, in denen sich in den grunds\u00e4tzlichen Debatten stets die Umweltfrage mischt, ist es von au\u00dferordentlicher Wichtigkeit, auf detaillierte Art und Weise die Ursachen f\u00fcr die Umweltverschmutzung zu analysieren, die von den K\u00e4lte- und Klimaanlagen ausgehen.<\/span><\/div><div><span lang=\"DE\">Die \u00f6kologische Herausforderung mal aus einem anderen Blickwinkel betrachten: Diese Einladung kam von Errecom und dem verantwortlichen Leiter der F&amp;E-Abteilung, der im Spezifischen die Schmiermittel als wahre Hauptdarsteller der \u00f6kologischen Herausforderungen in seiner Rede hervorgehoben hatte.<\/span><\/div><div><p class=\"Default\"><span lang=\"DE\">Obwohl es keinen Zweifel darangibt, dass der zunehmende Anstieg der Nutzung von nat\u00fcrlichen K\u00e4ltemitteln oder solchen mit einem niedrigen oder fast keinem Erderw\u00e4rmungspotential (GWP) im Hinblick auf den Umweltschutz der beste Weg ist, sollten die Einschr\u00e4nkungen, die diese Alternativen manchmal mit sich bringen, hervorgehoben werden. Probleme mit den Druckeigenschaften, L\u00f6slichkeit und chemischer Stabilit\u00e4t der alternativen K\u00e4ltemittel k\u00f6nnen tats\u00e4chlich K\u00e4lte- und Klimaanlagen instabiler machen und leichter besch\u00e4digen und es kommt zum Risiko, die Effizienz der letzteren zu beeintr\u00e4chtigen und ihre durchschnittliche Lebensdauer zu reduzieren. Und genau hier kommen die Schmierstoffe ins Spiel, die Herr Dr. Mattavelli in seinem Vortrag als Bef\u00f6rderer bzw. Tr\u00e4ger vorstellte, die in der Lage sind, in der Anlage spezifische Additive zu transportieren, um chemische Reaktionen zu neutralisieren und Stabilit\u00e4t, Effizienz und Langlebigkeit der Anlagen zu gew\u00e4hrleisten.<\/span><\/p><\/div><p>Nat\u00fcrlich hatte der Vortrag von unserem verantwortlichen Leiter der F&amp;E-Abteilung dazu beigetragen, Experten und die \u00f6ffentliche Meinung f\u00fcr dieses Umweltthema weiterhin zu sensibilisieren und Errecom ist stolz darauf, dass es die Welt der Chemie, auch in diesem Jahr, bei einem der gr\u00f6\u00dften Konferenzen bzw. Fachtagungen der K\u00e4ltetechnik vertreten konnte.<\/p>\t\t\t\t\t\t<\/div>\n\t\t\t\t<\/div>\n\t\t\t\t\t<\/div>\n\t\t<\/div>\n\t\t\t\t\t<\/div>\n\t\t<\/section>\n\t\t\t\t<\/div>\n\t\t","protected":false},"excerpt":{"rendered":"<p>Am Donnerstag, den 10. Juni, hatte unser Leiter der F&#038;E-Abteilung von Errecom, Herr Paolo Mattavelli, live und mit weltweiter \u00dcbertragung seinen Vortrag bei der 19. Europ\u00e4ischen &#8230; &nbsp; Schmiermittel &amp; K\u00e4ltemittel mit niedrigen Erderw\u00e4rmungs-potential: Errecom bei der 19. Europ\u00e4ischen Konferenz Am Donnerstag, den 10. Juni, hatte unser Leiter der F&amp;E-Abteilung von Errecom, Herr Paolo Mattavelli, [&hellip;]<\/p>\n <a href=\"https:\/\/www.errecom.com\/de\/schmiermittel-kaeltemittel-mit-niedrigen-erderwaermungspotential-errecom-bei-der-19-europaeischen-konferenz\/\" class=\"more-link\" title=\"Read More\">Mehr lesen<\/a>","protected":false},"author":1,"featured_media":53414,"comment_status":"closed","ping_status":"closed","sticky":false,"template":"","format":"standard","meta":{"_acf_changed":false,"footnotes":""},"categories":[96,144,145],"tags":[],"yst_prominent_words":[],"class_list":["post-53337","post","type-post","status-publish","format-standard","has-post-thumbnail","hentry","category-eventos","category-hygienische-reinigung-des-fahrgastraumes-und-der-kfz-klimaanlage","category-sanificacion-cabinas-y-sistemas-a-a-vehiculos"],"acf":[],"_links":{"self":[{"href":"https:\/\/www.errecom.com\/de\/wp-json\/wp\/v2\/posts\/53337","targetHints":{"allow":["GET"]}}],"collection":[{"href":"https:\/\/www.errecom.com\/de\/wp-json\/wp\/v2\/posts"}],"about":[{"href":"https:\/\/www.errecom.com\/de\/wp-json\/wp\/v2\/types\/post"}],"author":[{"embeddable":true,"href":"https:\/\/www.errecom.com\/de\/wp-json\/wp\/v2\/users\/1"}],"replies":[{"embeddable":true,"href":"https:\/\/www.errecom.com\/de\/wp-json\/wp\/v2\/comments?post=53337"}],"version-history":[{"count":56,"href":"https:\/\/www.errecom.com\/de\/wp-json\/wp\/v2\/posts\/53337\/revisions"}],"predecessor-version":[{"id":64559,"href":"https:\/\/www.errecom.com\/de\/wp-json\/wp\/v2\/posts\/53337\/revisions\/64559"}],"wp:featuredmedia":[{"embeddable":true,"href":"https:\/\/www.errecom.com\/de\/wp-json\/wp\/v2\/media\/53414"}],"wp:attachment":[{"href":"https:\/\/www.errecom.com\/de\/wp-json\/wp\/v2\/media?parent=53337"}],"wp:term":[{"taxonomy":"category","embeddable":true,"href":"https:\/\/www.errecom.com\/de\/wp-json\/wp\/v2\/categories?post=53337"},{"taxonomy":"post_tag","embeddable":true,"href":"https:\/\/www.errecom.com\/de\/wp-json\/wp\/v2\/tags?post=53337"},{"taxonomy":"yst_prominent_words","embeddable":true,"href":"https:\/\/www.errecom.com\/de\/wp-json\/wp\/v2\/yst_prominent_words?post=53337"}],"curies":[{"name":"wp","href":"https:\/\/api.w.org\/{rel}","templated":true}]}}