{"id":45562,"date":"2021-05-11T16:29:42","date_gmt":"2021-05-11T14:29:42","guid":{"rendered":"https:\/\/www.errecom.com\/?p=45562"},"modified":"2022-03-25T12:39:44","modified_gmt":"2022-03-25T11:39:44","slug":"19-europaeische-konferenz-errecom-erneut-als-chemisches-referenzunternehmen-fuer-die-kaeltetechnik-bestaetigt","status":"publish","type":"post","link":"https:\/\/www.errecom.com\/de\/19-europaeische-konferenz-errecom-erneut-als-chemisches-referenzunternehmen-fuer-die-kaeltetechnik-bestaetigt\/","title":{"rendered":"19. Europ\u00e4ische Konferenz: Errecom erneut als chemisches Referenzunternehmen f\u00fcr die K\u00e4ltetechnik best\u00e4tigt"},"content":{"rendered":"\t\t<div data-elementor-type=\"wp-post\" data-elementor-id=\"45562\" class=\"elementor elementor-45562 elementor-45556\" data-elementor-post-type=\"post\">\n\t\t\t\t\t\t<section class=\"elementor-section elementor-top-section elementor-element elementor-element-7bccd4eb elementor-section-boxed elementor-section-height-default elementor-section-height-default\" data-id=\"7bccd4eb\" data-element_type=\"section\" id=\"article-head\">\n\t\t\t\t\t\t<div class=\"elementor-container elementor-column-gap-default\">\n\t\t\t\t\t<div class=\"elementor-column elementor-col-100 elementor-top-column elementor-element elementor-element-478fa30f\" data-id=\"478fa30f\" data-element_type=\"column\">\n\t\t\t<div class=\"elementor-widget-wrap elementor-element-populated\">\n\t\t\t\t\t\t<div class=\"elementor-element elementor-element-34c4653c elementor-hidden-desktop elementor-hidden-tablet elementor-hidden-phone elementor-widget elementor-widget-html\" data-id=\"34c4653c\" data-element_type=\"widget\" data-widget_type=\"html.default\">\n\t\t\t\t<div class=\"elementor-widget-container\">\n\t\t\tErrecom ist stolz darauf seine erneute Teilnahme an der 19. Ausgabe der Europ\u00e4ischen Konferenz in Mailand zu best\u00e4tigen ... &nbsp;\t\t<\/div>\n\t\t\t\t<\/div>\n\t\t\t\t<div class=\"elementor-element elementor-element-67070b34 elementor-widget elementor-widget-heading\" data-id=\"67070b34\" data-element_type=\"widget\" data-widget_type=\"heading.default\">\n\t\t\t\t<div class=\"elementor-widget-container\">\n\t\t\t<h1 class=\"elementor-heading-title elementor-size-default\">19. Europ\u00e4ische Konferenz: <br>Errecom erneut als chemisches Referenzunternehmen f\u00fcr die K\u00e4ltetechnik best\u00e4tigt <\/h1>\t\t<\/div>\n\t\t\t\t<\/div>\n\t\t\t\t<div class=\"elementor-element elementor-element-435f7941 elementor-widget elementor-widget-shortcode\" data-id=\"435f7941\" data-element_type=\"widget\" data-widget_type=\"shortcode.default\">\n\t\t\t\t<div class=\"elementor-widget-container\">\n\t\t\t\t\t<div class=\"elementor-shortcode\"><span class=\"my-reading-time\"><span class=\"my-reading-time-label\">Lesezeit: <\/span><span class=\"my-reading-time-value\">3 min<\/span><\/span><\/div>\n\t\t\t\t<\/div>\n\t\t\t\t<\/div>\n\t\t\t\t\t<\/div>\n\t\t<\/div>\n\t\t\t\t\t<\/div>\n\t\t<\/section>\n\t\t\t\t<section class=\"elementor-section elementor-top-section elementor-element elementor-element-5b71fecc elementor-section-boxed elementor-section-height-default elementor-section-height-default\" data-id=\"5b71fecc\" data-element_type=\"section\">\n\t\t\t\t\t\t<div class=\"elementor-container elementor-column-gap-default\">\n\t\t\t\t\t<div class=\"elementor-column elementor-col-100 elementor-top-column elementor-element elementor-element-45610324\" data-id=\"45610324\" data-element_type=\"column\">\n\t\t\t<div class=\"elementor-widget-wrap elementor-element-populated\">\n\t\t\t\t\t\t<div class=\"elementor-element elementor-element-e9b3617 elementor-widget elementor-widget-image\" data-id=\"e9b3617\" data-element_type=\"widget\" data-widget_type=\"image.default\">\n\t\t\t\t<div class=\"elementor-widget-container\">\n\t\t\t\t\t\t\t\t\t\t\t\t\t<img fetchpriority=\"high\" decoding=\"async\" width=\"1152\" height=\"648\" src=\"https:\/\/www.errecom.com\/wp-content\/uploads\/2021\/05\/Paolo-Mattavelli-copia.jpg\" class=\"attachment-full size-full wp-image-45496\" alt=\"\" srcset=\"https:\/\/www.errecom.com\/wp-content\/uploads\/2021\/05\/Paolo-Mattavelli-copia.jpg 1152w, https:\/\/www.errecom.com\/wp-content\/uploads\/2021\/05\/Paolo-Mattavelli-copia-300x169.jpg 300w, https:\/\/www.errecom.com\/wp-content\/uploads\/2021\/05\/Paolo-Mattavelli-copia-1024x576.jpg 1024w, https:\/\/www.errecom.com\/wp-content\/uploads\/2021\/05\/Paolo-Mattavelli-copia-768x432.jpg 768w, https:\/\/www.errecom.com\/wp-content\/uploads\/2021\/05\/Paolo-Mattavelli-copia-100x56.jpg 100w\" sizes=\"(max-width: 1152px) 100vw, 1152px\" \/>\t\t\t\t\t\t\t\t\t\t\t\t\t<\/div>\n\t\t\t\t<\/div>\n\t\t\t\t\t<\/div>\n\t\t<\/div>\n\t\t\t\t\t<\/div>\n\t\t<\/section>\n\t\t\t\t<section class=\"elementor-section elementor-top-section elementor-element elementor-element-452ac83 dc-has-condition dc-condition-contains elementor-section-boxed elementor-section-height-default elementor-section-height-default\" data-id=\"452ac83\" data-element_type=\"section\" id=\"article-body\">\n\t\t\t\t\t\t<div class=\"elementor-container elementor-column-gap-default\">\n\t\t\t\t\t<div class=\"elementor-column elementor-col-100 elementor-top-column elementor-element elementor-element-32747bf3\" data-id=\"32747bf3\" data-element_type=\"column\">\n\t\t\t<div class=\"elementor-widget-wrap elementor-element-populated\">\n\t\t\t\t\t\t<div class=\"elementor-element elementor-element-18afad2b elementor-widget elementor-widget-text-editor\" data-id=\"18afad2b\" data-element_type=\"widget\" data-widget_type=\"text-editor.default\">\n\t\t\t\t<div class=\"elementor-widget-container\">\n\t\t\t\t\t\t\t<p>Errecom ist stolz darauf seine erneute Teilnahme an der 19. Ausgabe der Europ\u00e4ischen Konferenz in Mailand zu best\u00e4tigen, die vom Centro Studi Galileo organisiert und von der Polytechnischen Universit\u00e4t Mailand vom 10. bis 11. Juni 2021 ausgerichtet wird. \u201cDie neuesten Technologien in der K\u00e4lte- und Klimatechnik\u201d, ist der diesj\u00e4hrige Titel der Konferenz, an dem zahlreiche Experten und Verb\u00e4nde der Branche aus der ganzen Welt teilnehmen werden. Zudem wird unser Leiter der Forschungs- und Entwicklungsabteilung, Herr Dr. Paolo Mattavelli, einen Fachbeitrag zum Thema Schmiermittel halten.<\/p><p>Dieses Ereignis, das alle zwei Jahre in Zusammenarbeit mit der UNEP (UN-Sonderorganisation, auch bekannt als Umweltprogramm der Vereinten Nationen) und dem International Institute of Refrigeration (IIF-IIR) stattfindet, wird in diesem Jahr ausnahmsweise sowohl als Pr\u00e4senzveranstaltung als auch in digitaler Version durchgef\u00fchrt.<\/p><p>Die Europ\u00e4ische Konferenz, die zu den renommiertesten Konferenzen der Branche z\u00e4hlt, vereint die wichtigsten K\u00e4lteexperten weltweit in Zusammenarbeit mit der AREA (European\u202fassociation of refrigeration, air conditioning and heat pump (RACHP) contractors) und wird unter der Schirmherrschaft des italienischen Umweltministeriums abgehalten.<\/p><p>Zu den zahlreichen Rednern und eingeladenen G\u00e4sten geh\u00f6ren die Hauptakteure des K\u00e4lte- und Klimaanlagen-Marktes, internationale Aussteller von FAO, bis UNPE und UNIDO (Unterorganisationen der Vereinten Nationen) sowie Forscher und Professoren von Universit\u00e4ten wie dem Imperial College London, das auch im Jahr 2021 seine Klassifikation als eine der besten Universit\u00e4ten unter den TOP 15 weltweit erneut best\u00e4tigt hat.<\/p><p>Aufgrund der internationalen Ausrichtung wird ein zweisprachiger Simultan\u00fcbersetzungsdienst, auf Italienisch und Englisch, genutzt. Es wird sich mit den neuesten technologischen Fortschritten befasst, die im K\u00e4lte- und Klimaanlagensektor eingef\u00fchrt wurden, um dem Klimawandel zu begegnen. Der Schwerpunkt der Konferenz wird n\u00e4mlich auf der Energieeffizienz und der \u00f6kologischen Nachhaltigkeit liegen, ein Schl\u00fcsselthema f\u00fcr die Entwicklung eines Schl\u00fcsselsektors bei der Erreichung der globalen Ziele.<\/p><p>Errecom, das als einziges Chemieunternehmen auf der Konferenz zu Gast ist, wird die Ergebnisse seiner Forschungsarbeiten vorstellen, die das interne Labor und die F&amp;E-Abteilung in den letzten zwei Jahren durchgef\u00fchrt haben. Sie belegen die wichtige Rolle, die die Chemie bei der Sicherstellung der Energieeffizienz spielt, und zwar bei K\u00e4lte- und Klimaanlagen, die mit K\u00e4ltemitteln mit einem niedrigen GWP-Wert betrieben werden, sprich ein geringes Treibhauspotenzial aufweisen.<\/p><p>Herr Dr. Paolo Mattavelli wird mit seinem Vortrag die Aufmerksamkeit auf neue Schmiermittel lenken. Diese sind echte Protagonisten der \u00f6kologischen Herausforderung, weil sie in der Lage sind, in der Anlage die notwendigen Zusatzstoffe zu transportieren, um ihre Stabilit\u00e4t, Effizienz und Langlebigkeit zu gew\u00e4hrleisten.<\/p><p>Weitere Informationen zur Konferenz sind auf der Internetseite vom <a href=\"https:\/\/www.centrogalileo.it\/convegni-2\/\" target=\"_blank\" rel=\"noopener\">Centro Studi Galileo<\/a>\u00a0auf Englisch verf\u00fcgbar.<\/p>\t\t\t\t\t\t<\/div>\n\t\t\t\t<\/div>\n\t\t\t\t\t<\/div>\n\t\t<\/div>\n\t\t\t\t\t<\/div>\n\t\t<\/section>\n\t\t\t\t<\/div>\n\t\t","protected":false},"excerpt":{"rendered":"<p>Errecom ist stolz darauf seine erneute Teilnahme an der 19. Ausgabe der Europ\u00e4ischen Konferenz in Mailand zu best\u00e4tigen &#8230; &nbsp; 19. Europ\u00e4ische Konferenz: Errecom erneut als chemisches Referenzunternehmen f\u00fcr die K\u00e4ltetechnik best\u00e4tigt Errecom ist stolz darauf seine erneute Teilnahme an der 19. Ausgabe der Europ\u00e4ischen Konferenz in Mailand zu best\u00e4tigen, die vom Centro Studi Galileo [&hellip;]<\/p>\n <a href=\"https:\/\/www.errecom.com\/de\/19-europaeische-konferenz-errecom-erneut-als-chemisches-referenzunternehmen-fuer-die-kaeltetechnik-bestaetigt\/\" class=\"more-link\" title=\"Read More\">Mehr lesen<\/a>","protected":false},"author":1,"featured_media":45500,"comment_status":"closed","ping_status":"closed","sticky":false,"template":"","format":"standard","meta":{"_acf_changed":false,"footnotes":""},"categories":[52,144,1],"tags":[],"yst_prominent_words":[],"class_list":["post-45562","post","type-post","status-publish","format-standard","has-post-thumbnail","hentry","category-eventi","category-hygienische-reinigung-des-fahrgastraumes-und-der-kfz-klimaanlage","category-sanificazione-abitacoli-e-impianti-a-c-auto"],"acf":[],"_links":{"self":[{"href":"https:\/\/www.errecom.com\/de\/wp-json\/wp\/v2\/posts\/45562","targetHints":{"allow":["GET"]}}],"collection":[{"href":"https:\/\/www.errecom.com\/de\/wp-json\/wp\/v2\/posts"}],"about":[{"href":"https:\/\/www.errecom.com\/de\/wp-json\/wp\/v2\/types\/post"}],"author":[{"embeddable":true,"href":"https:\/\/www.errecom.com\/de\/wp-json\/wp\/v2\/users\/1"}],"replies":[{"embeddable":true,"href":"https:\/\/www.errecom.com\/de\/wp-json\/wp\/v2\/comments?post=45562"}],"version-history":[{"count":39,"href":"https:\/\/www.errecom.com\/de\/wp-json\/wp\/v2\/posts\/45562\/revisions"}],"predecessor-version":[{"id":64601,"href":"https:\/\/www.errecom.com\/de\/wp-json\/wp\/v2\/posts\/45562\/revisions\/64601"}],"wp:featuredmedia":[{"embeddable":true,"href":"https:\/\/www.errecom.com\/de\/wp-json\/wp\/v2\/media\/45500"}],"wp:attachment":[{"href":"https:\/\/www.errecom.com\/de\/wp-json\/wp\/v2\/media?parent=45562"}],"wp:term":[{"taxonomy":"category","embeddable":true,"href":"https:\/\/www.errecom.com\/de\/wp-json\/wp\/v2\/categories?post=45562"},{"taxonomy":"post_tag","embeddable":true,"href":"https:\/\/www.errecom.com\/de\/wp-json\/wp\/v2\/tags?post=45562"},{"taxonomy":"yst_prominent_words","embeddable":true,"href":"https:\/\/www.errecom.com\/de\/wp-json\/wp\/v2\/yst_prominent_words?post=45562"}],"curies":[{"name":"wp","href":"https:\/\/api.w.org\/{rel}","templated":true}]}}