{"id":33429,"date":"2021-03-12T14:00:43","date_gmt":"2021-03-12T13:00:43","guid":{"rendered":"https:\/\/www.errecom.com\/?p=33429"},"modified":"2022-01-10T14:30:40","modified_gmt":"2022-01-10T13:30:40","slug":"sky-interview-geschaeftsfuehrers-errecom","status":"publish","type":"post","link":"https:\/\/www.errecom.com\/de\/sky-interview-geschaeftsfuehrers-errecom\/","title":{"rendered":"Das Sky Interview des Gesch\u00e4ftsf\u00fchrers von Errecom"},"content":{"rendered":"\t\t<div data-elementor-type=\"wp-post\" data-elementor-id=\"33429\" class=\"elementor elementor-33429\" data-elementor-post-type=\"post\">\n\t\t\t\t\t\t<section class=\"elementor-section elementor-top-section elementor-element elementor-element-6273962 elementor-section-boxed elementor-section-height-default elementor-section-height-default\" data-id=\"6273962\" data-element_type=\"section\" id=\"article-head\">\n\t\t\t\t\t\t<div class=\"elementor-container elementor-column-gap-default\">\n\t\t\t\t\t<div class=\"elementor-column elementor-col-100 elementor-top-column elementor-element elementor-element-26947ca7\" data-id=\"26947ca7\" data-element_type=\"column\">\n\t\t\t<div class=\"elementor-widget-wrap elementor-element-populated\">\n\t\t\t\t\t\t<div class=\"elementor-element elementor-element-5c8891f1 elementor-hidden-desktop elementor-hidden-tablet elementor-hidden-phone elementor-widget elementor-widget-html\" data-id=\"5c8891f1\" data-element_type=\"widget\" data-widget_type=\"html.default\">\n\t\t\t\t<div class=\"elementor-widget-container\">\n\t\t\tDie Eco Mission von Errecom in drei Konzepten zusammengefa\u00dft: die Auswahl von noch umweltfreundlicheren Rohstoffen, die Neuprojektierung der Verpackungsvorgaben ... &nbsp;\t\t<\/div>\n\t\t\t\t<\/div>\n\t\t\t\t<div class=\"elementor-element elementor-element-6fc5b7a elementor-widget elementor-widget-heading\" data-id=\"6fc5b7a\" data-element_type=\"widget\" data-widget_type=\"heading.default\">\n\t\t\t\t<div class=\"elementor-widget-container\">\n\t\t\t<h1 class=\"elementor-heading-title elementor-size-default\">Das Sky Interview des Gesch\u00e4ftsf\u00fchrers von Errecom<\/h1>\t\t<\/div>\n\t\t\t\t<\/div>\n\t\t\t\t<div class=\"elementor-element elementor-element-42848818 elementor-widget-divider--view-line elementor-widget elementor-widget-divider\" data-id=\"42848818\" data-element_type=\"widget\" data-widget_type=\"divider.default\">\n\t\t\t\t<div class=\"elementor-widget-container\">\n\t\t\t\t\t<div class=\"elementor-divider\">\n\t\t\t<span class=\"elementor-divider-separator\">\n\t\t\t\t\t\t<\/span>\n\t\t<\/div>\n\t\t\t\t<\/div>\n\t\t\t\t<\/div>\n\t\t\t\t<div class=\"elementor-element elementor-element-106d8c41 elementor-widget elementor-widget-text-editor\" data-id=\"106d8c41\" data-element_type=\"widget\" data-widget_type=\"text-editor.default\">\n\t\t\t\t<div class=\"elementor-widget-container\">\n\t\t\t\t\t\t\tAm Freitag, den 26. Februar 2021, wurde das Interview mit Luca Ronga auf dem italienischen Fernsehkanal Business24 und auf dem Sky Italia-Kanal 821 ausgestrahlt.\t\t\t\t\t\t<\/div>\n\t\t\t\t<\/div>\n\t\t\t\t<div class=\"elementor-element elementor-element-2d221268 elementor-widget elementor-widget-shortcode\" data-id=\"2d221268\" data-element_type=\"widget\" data-widget_type=\"shortcode.default\">\n\t\t\t\t<div class=\"elementor-widget-container\">\n\t\t\t\t\t<div class=\"elementor-shortcode\"><span class=\"my-reading-time\"><span class=\"my-reading-time-label\">Lesezeit: <\/span><span class=\"my-reading-time-value\">1 minute<\/span><\/span><\/div>\n\t\t\t\t<\/div>\n\t\t\t\t<\/div>\n\t\t\t\t\t<\/div>\n\t\t<\/div>\n\t\t\t\t\t<\/div>\n\t\t<\/section>\n\t\t<!-- hidden section -->\t\t<section class=\"elementor-section elementor-top-section elementor-element elementor-element-efa8e95 dc-has-condition dc-condition-contains elementor-section-boxed elementor-section-height-default elementor-section-height-default\" data-id=\"efa8e95\" data-element_type=\"section\" id=\"article-body\">\n\t\t\t\t\t\t<div class=\"elementor-container elementor-column-gap-default\">\n\t\t\t\t\t<div class=\"elementor-column elementor-col-100 elementor-top-column elementor-element elementor-element-dfb6a02\" data-id=\"dfb6a02\" data-element_type=\"column\">\n\t\t\t<div class=\"elementor-widget-wrap elementor-element-populated\">\n\t\t\t\t\t\t<div class=\"elementor-element elementor-element-eb5d93b elementor-widget elementor-widget-text-editor\" data-id=\"eb5d93b\" data-element_type=\"widget\" data-widget_type=\"text-editor.default\">\n\t\t\t\t<div class=\"elementor-widget-container\">\n\t\t\t\t\t\t\t<p>Als Gast beim Fernsehprogramm \u201ePole Position\u201c hat der Gesch\u00e4ftsf\u00fchrer von ERRECOM SPA von den wichtigsten Etappen des Unternehmenserfolgs erz\u00e4hlt, sowie die geplanten Vorhaben und Herausforderungen f\u00fcr die nahe Zukunft verraten. Zudem wurde \u00fcber das weitere weltweite Marktwachstum, \u00fcber Branding-Projekte zum Thema Geruchssinn und vieles mehr berichtet. Hier unten das Interview in seiner vollst\u00e4ndigen Version.<br \/>Viel Spa\u00df beim Ansehen!<\/p>\t\t\t\t\t\t<\/div>\n\t\t\t\t<\/div>\n\t\t\t\t<div class=\"elementor-element elementor-element-5954b2d elementor-widget elementor-widget-video\" data-id=\"5954b2d\" data-element_type=\"widget\" data-settings=\"{&quot;youtube_url&quot;:&quot;https:\\\/\\\/youtu.be\\\/8IxCB5VoUvo&quot;,&quot;show_image_overlay&quot;:&quot;yes&quot;,&quot;image_overlay&quot;:{&quot;url&quot;:&quot;https:\\\/\\\/www.errecom.com\\\/wp-content\\\/uploads\\\/2021\\\/03\\\/cover-video-intervista.jpg&quot;,&quot;id&quot;:33528,&quot;size&quot;:&quot;&quot;},&quot;video_type&quot;:&quot;youtube&quot;,&quot;controls&quot;:&quot;yes&quot;}\" data-widget_type=\"video.default\">\n\t\t\t\t<div class=\"elementor-widget-container\">\n\t\t\t\t\t<div class=\"elementor-wrapper elementor-open-inline\">\n\t\t\t<div class=\"elementor-video\"><\/div>\t\t\t\t<div class=\"elementor-custom-embed-image-overlay\" style=\"background-image: url(https:\/\/www.errecom.com\/wp-content\/uploads\/2021\/03\/cover-video-intervista.jpg);\">\n\t\t\t\t\t\t\t\t\t\t\t\t\t\t\t\t<div class=\"elementor-custom-embed-play\" role=\"button\" aria-label=\"Video abspielen\" tabindex=\"0\">\n\t\t\t\t\t\t\t<i aria-hidden=\"true\" class=\"eicon-play\"><\/i>\t\t\t\t\t\t\t<span class=\"elementor-screen-only\">Video abspielen<\/span>\n\t\t\t\t\t\t<\/div>\n\t\t\t\t\t\t\t\t\t<\/div>\n\t\t\t\t\t<\/div>\n\t\t\t\t<\/div>\n\t\t\t\t<\/div>\n\t\t\t\t<div class=\"elementor-element elementor-element-bc8ce81 elementor-widget elementor-widget-text-editor\" data-id=\"bc8ce81\" data-element_type=\"widget\" data-widget_type=\"text-editor.default\">\n\t\t\t\t<div class=\"elementor-widget-container\">\n\t\t\t\t\t\t\t<p>Der Leitartikel ist in englischer Sprache auf der Website von <a href=\"https:\/\/business24tv.it\/2021\/03\/02\/errecom-the-made-in-italy-label-that-leads-the-air-conditioning-and-refrigeration-market\/\" target=\"_blank\" rel=\"noopener\">Business 24<\/a> verf\u00fcgbar.<\/p>\t\t\t\t\t\t<\/div>\n\t\t\t\t<\/div>\n\t\t\t\t\t<\/div>\n\t\t<\/div>\n\t\t\t\t\t<\/div>\n\t\t<\/section>\n\t\t\t\t<\/div>\n\t\t","protected":false},"excerpt":{"rendered":"<p>Die Eco Mission von Errecom in drei Konzepten zusammengefa\u00dft: die Auswahl von noch umweltfreundlicheren Rohstoffen, die Neuprojektierung der Verpackungsvorgaben &#8230; &nbsp; Das Sky Interview des Gesch\u00e4ftsf\u00fchrers von Errecom Am Freitag, den 26. Februar 2021, wurde das Interview mit Luca Ronga auf dem italienischen Fernsehkanal Business24 und auf dem Sky Italia-Kanal 821 ausgestrahlt. Als Gast beim [&hellip;]<\/p>\n <a href=\"https:\/\/www.errecom.com\/de\/sky-interview-geschaeftsfuehrers-errecom\/\" class=\"more-link\" title=\"Read More\">Mehr lesen<\/a>","protected":false},"author":1,"featured_media":33366,"comment_status":"closed","ping_status":"closed","sticky":false,"template":"","format":"standard","meta":{"_acf_changed":false,"footnotes":""},"categories":[52],"tags":[],"yst_prominent_words":[],"class_list":["post-33429","post","type-post","status-publish","format-standard","has-post-thumbnail","hentry","category-eventi"],"acf":[],"_links":{"self":[{"href":"https:\/\/www.errecom.com\/de\/wp-json\/wp\/v2\/posts\/33429","targetHints":{"allow":["GET"]}}],"collection":[{"href":"https:\/\/www.errecom.com\/de\/wp-json\/wp\/v2\/posts"}],"about":[{"href":"https:\/\/www.errecom.com\/de\/wp-json\/wp\/v2\/types\/post"}],"author":[{"embeddable":true,"href":"https:\/\/www.errecom.com\/de\/wp-json\/wp\/v2\/users\/1"}],"replies":[{"embeddable":true,"href":"https:\/\/www.errecom.com\/de\/wp-json\/wp\/v2\/comments?post=33429"}],"version-history":[{"count":6,"href":"https:\/\/www.errecom.com\/de\/wp-json\/wp\/v2\/posts\/33429\/revisions"}],"predecessor-version":[{"id":60770,"href":"https:\/\/www.errecom.com\/de\/wp-json\/wp\/v2\/posts\/33429\/revisions\/60770"}],"wp:featuredmedia":[{"embeddable":true,"href":"https:\/\/www.errecom.com\/de\/wp-json\/wp\/v2\/media\/33366"}],"wp:attachment":[{"href":"https:\/\/www.errecom.com\/de\/wp-json\/wp\/v2\/media?parent=33429"}],"wp:term":[{"taxonomy":"category","embeddable":true,"href":"https:\/\/www.errecom.com\/de\/wp-json\/wp\/v2\/categories?post=33429"},{"taxonomy":"post_tag","embeddable":true,"href":"https:\/\/www.errecom.com\/de\/wp-json\/wp\/v2\/tags?post=33429"},{"taxonomy":"yst_prominent_words","embeddable":true,"href":"https:\/\/www.errecom.com\/de\/wp-json\/wp\/v2\/yst_prominent_words?post=33429"}],"curies":[{"name":"wp","href":"https:\/\/api.w.org\/{rel}","templated":true}]}}