{"id":33121,"date":"2021-03-11T16:37:14","date_gmt":"2021-03-11T15:37:14","guid":{"rendered":"https:\/\/www.errecom.com\/?p=33121"},"modified":"2022-01-10T14:31:23","modified_gmt":"2022-01-10T13:31:23","slug":"errecom-spa-mitglied-vdkf-verband-deutscher-kaelte-klima-fachbetriebe","status":"publish","type":"post","link":"https:\/\/www.errecom.com\/de\/errecom-spa-mitglied-vdkf-verband-deutscher-kaelte-klima-fachbetriebe\/","title":{"rendered":"ERRECOM SPA ist nun Mitglied im VDKF &#8211; Verband Deutscher K\u00e4lte-Klima-Fachbetriebe e.V."},"content":{"rendered":"\t\t<div data-elementor-type=\"wp-post\" data-elementor-id=\"33121\" class=\"elementor elementor-33121\" data-elementor-post-type=\"post\">\n\t\t\t\t\t\t<section class=\"elementor-section elementor-top-section elementor-element elementor-element-22533a8 elementor-section-boxed elementor-section-height-default elementor-section-height-default\" data-id=\"22533a8\" data-element_type=\"section\" id=\"article-head\">\n\t\t\t\t\t\t<div class=\"elementor-container elementor-column-gap-default\">\n\t\t\t\t\t<div class=\"elementor-column elementor-col-100 elementor-top-column elementor-element elementor-element-5d2d4893\" data-id=\"5d2d4893\" data-element_type=\"column\">\n\t\t\t<div class=\"elementor-widget-wrap elementor-element-populated\">\n\t\t\t\t\t\t<div class=\"elementor-element elementor-element-104f4acd elementor-hidden-desktop elementor-hidden-tablet elementor-hidden-phone elementor-widget elementor-widget-html\" data-id=\"104f4acd\" data-element_type=\"widget\" data-widget_type=\"html.default\">\n\t\t\t\t<div class=\"elementor-widget-container\">\n\t\t\tErrecom SPA ist erfreut \u00fcber die Aufnahme als F\u00f6rdermitglied im VDKF - Verband Deutscher K\u00e4lte-Klima-Fachbetriebe e.V. ... &nbsp; &nbsp; &nbsp;\t\t<\/div>\n\t\t\t\t<\/div>\n\t\t\t\t<div class=\"elementor-element elementor-element-7e16b76c elementor-widget elementor-widget-heading\" data-id=\"7e16b76c\" data-element_type=\"widget\" data-widget_type=\"heading.default\">\n\t\t\t\t<div class=\"elementor-widget-container\">\n\t\t\t<h1 class=\"elementor-heading-title elementor-size-default\">Errecom SPA ist nun Mitglied im VDKF - Verband Deutscher K\u00e4lte-Klima-Fachbetriebe e.V.<\/h1>\t\t<\/div>\n\t\t\t\t<\/div>\n\t\t\t\t<div class=\"elementor-element elementor-element-2ece5936 elementor-widget-divider--view-line elementor-widget elementor-widget-divider\" data-id=\"2ece5936\" data-element_type=\"widget\" data-widget_type=\"divider.default\">\n\t\t\t\t<div class=\"elementor-widget-container\">\n\t\t\t\t\t<div class=\"elementor-divider\">\n\t\t\t<span class=\"elementor-divider-separator\">\n\t\t\t\t\t\t<\/span>\n\t\t<\/div>\n\t\t\t\t<\/div>\n\t\t\t\t<\/div>\n\t\t\t\t<div class=\"elementor-element elementor-element-a662b84 elementor-widget elementor-widget-text-editor\" data-id=\"a662b84\" data-element_type=\"widget\" data-widget_type=\"text-editor.default\">\n\t\t\t\t<div class=\"elementor-widget-container\">\n\t\t\t\t\t\t\t<p>Errecom SPA ist erfreut \u00fcber die Aufnahme als F\u00f6rdermitglied im VDKF &#8211; Verband Deutscher K\u00e4lte-Klima-Fachbetriebe e.V.<\/p><p>\u00a0<\/p>\t\t\t\t\t\t<\/div>\n\t\t\t\t<\/div>\n\t\t\t\t<div class=\"elementor-element elementor-element-4b26a5e9 elementor-widget elementor-widget-shortcode\" data-id=\"4b26a5e9\" data-element_type=\"widget\" data-widget_type=\"shortcode.default\">\n\t\t\t\t<div class=\"elementor-widget-container\">\n\t\t\t\t\t<div class=\"elementor-shortcode\"><span class=\"my-reading-time\"><span class=\"my-reading-time-label\">Lesezeit: <\/span><span class=\"my-reading-time-value\">2 min<\/span><\/span><\/div>\n\t\t\t\t<\/div>\n\t\t\t\t<\/div>\n\t\t\t\t\t<\/div>\n\t\t<\/div>\n\t\t\t\t\t<\/div>\n\t\t<\/section>\n\t\t\t\t<section class=\"elementor-section elementor-top-section elementor-element elementor-element-709603d6 elementor-section-boxed elementor-section-height-default elementor-section-height-default\" data-id=\"709603d6\" data-element_type=\"section\">\n\t\t\t\t\t\t<div class=\"elementor-container elementor-column-gap-default\">\n\t\t\t\t\t<div class=\"elementor-column elementor-col-100 elementor-top-column elementor-element elementor-element-980d4ab\" data-id=\"980d4ab\" data-element_type=\"column\">\n\t\t\t<div class=\"elementor-widget-wrap elementor-element-populated\">\n\t\t\t\t\t\t<div class=\"elementor-element elementor-element-14a04e19 elementor-widget elementor-widget-image\" data-id=\"14a04e19\" data-element_type=\"widget\" data-widget_type=\"image.default\">\n\t\t\t\t<div class=\"elementor-widget-container\">\n\t\t\t\t\t\t\t\t\t\t\t\t\t<img fetchpriority=\"high\" decoding=\"async\" width=\"1152\" height=\"648\" src=\"https:\/\/www.errecom.com\/wp-content\/uploads\/2021\/03\/article-VDKF-de.jpg\" class=\"attachment-full size-full wp-image-33124\" alt=\"\" srcset=\"https:\/\/www.errecom.com\/wp-content\/uploads\/2021\/03\/article-VDKF-de.jpg 1152w, https:\/\/www.errecom.com\/wp-content\/uploads\/2021\/03\/article-VDKF-de-300x169.jpg 300w, https:\/\/www.errecom.com\/wp-content\/uploads\/2021\/03\/article-VDKF-de-1024x576.jpg 1024w, https:\/\/www.errecom.com\/wp-content\/uploads\/2021\/03\/article-VDKF-de-768x432.jpg 768w, https:\/\/www.errecom.com\/wp-content\/uploads\/2021\/03\/article-VDKF-de-100x56.jpg 100w\" sizes=\"(max-width: 1152px) 100vw, 1152px\" \/>\t\t\t\t\t\t\t\t\t\t\t\t\t<\/div>\n\t\t\t\t<\/div>\n\t\t\t\t\t<\/div>\n\t\t<\/div>\n\t\t\t\t\t<\/div>\n\t\t<\/section>\n\t\t\t\t<section class=\"elementor-section elementor-top-section elementor-element elementor-element-167a8476 elementor-section-boxed elementor-section-height-default elementor-section-height-default\" data-id=\"167a8476\" data-element_type=\"section\" id=\"article-body\">\n\t\t\t\t\t\t<div class=\"elementor-container elementor-column-gap-default\">\n\t\t\t\t\t<div class=\"elementor-column elementor-col-100 elementor-top-column elementor-element elementor-element-2fb43346\" data-id=\"2fb43346\" data-element_type=\"column\">\n\t\t\t<div class=\"elementor-widget-wrap elementor-element-populated\">\n\t\t\t\t\t\t<div class=\"elementor-element elementor-element-5e510278 elementor-widget elementor-widget-text-editor\" data-id=\"5e510278\" data-element_type=\"widget\" data-widget_type=\"text-editor.default\">\n\t\t\t\t<div class=\"elementor-widget-container\">\n\t\t\t\t\t\t\t<p>Der Verband ist seit 1962 der f\u00fchrende deutsche Wirtschaftsverband der K\u00e4lte-Klima- und W\u00e4rmepumpen Branche. Seit mehr als 50 Jahren ist der VDKF e. V. der starke und verl\u00e4ssliche Partner des K\u00e4lteanlagenbauerhandwerks (Mechatroniker\/-in f\u00fcr K\u00e4ltetechnik).<br \/>\u00dcber 1.000 Mitgliedsbetriebe aus Handwerk, Industrie und Handel sind im VDKF organisiert und repr\u00e4sentieren mit mehr als 20.000 Mitarbeitern ein Umsatzvolumen von \u00fcber 3,5 Mrd. Euro pro Jahr.<\/p><p>Durch die Zusammenarbeit mit bedeutenden Organisationen und Institutionen der Branche ist der VDKF sowohl auf nationaler als auch auf internationaler Ebene im Interesse des K\u00e4lteanlagenbauhandwerks vernetzt.<\/p><p>National<\/p><ul><li>Bundesfachschule K\u00e4lte-Klima-Technik (BFS)<\/li><li>Bundesinnungsverband des Deutschen K\u00e4lteanlagenbauerhandwerks (BIV)<\/li><li>Deutscher K\u00e4lte- und Klimatechnischer Verein e. V. (DKV)<\/li><li>Fachverband Geb\u00e4ude-Klima e.V. (FGK) Forschungsrat K\u00e4ltetechnik e.V. (FKT)<\/li><li>Historische K\u00e4lte- und Klimatechnik e. V. (HKK)<\/li><li>Informationszentrum f\u00fcr K\u00e4lte-, Klima- und Energietechnik gGmbH (IKKE)<\/li><li>Institut f\u00fcr Luft- und K\u00e4ltetechnik Gemeinn\u00fctzige Gesellschaft mbH (ILK)<\/li><li>\u00dcberwachungsgemeinschaft K\u00e4lte- und Klimatechnik e.V. (\u00dcWG)<\/li><li>Zentrum f\u00fcr integrierten Umweltschutz GmbH (ZiU)<\/li><\/ul><p>\u00a0<\/p><p>International<\/p><ul><li>Air Conditioning and Refrigeration European Association (AREA)<\/li><li>Association of European Refrigeration Component Manufacturers (ASERCOM)<\/li><li>\u00d6sterreichischer K\u00e4lte- und Klimatechnischer Verein (\u00d6KKV)<\/li><li>Schweizerischer Verband f\u00fcr K\u00e4ltetechnik (SVK)<\/li><\/ul><p>\u00a0<\/p><p>Der VDKF ist kurzum ein Treffpunkt f\u00fcr Unternehmen und Organisationen der K\u00e4lte- und Klima-Branche und mit der eigenen Verbandszeitschrift VDKF-Information sind alle Beteiligten der Branche stets auf dem aktuellen Wissenstand.<\/p>\t\t\t\t\t\t<\/div>\n\t\t\t\t<\/div>\n\t\t\t\t\t<\/div>\n\t\t<\/div>\n\t\t\t\t\t<\/div>\n\t\t<\/section>\n\t\t\t\t<\/div>\n\t\t","protected":false},"excerpt":{"rendered":"<p>Errecom SPA ist erfreut \u00fcber die Aufnahme als F\u00f6rdermitglied im VDKF &#8211; Verband Deutscher K\u00e4lte-Klima-Fachbetriebe e.V. &#8230; &nbsp; &nbsp; &nbsp; Errecom SPA ist nun Mitglied im VDKF &#8211; Verband Deutscher K\u00e4lte-Klima-Fachbetriebe e.V. Errecom SPA ist erfreut \u00fcber die Aufnahme als F\u00f6rdermitglied im VDKF &#8211; Verband Deutscher K\u00e4lte-Klima-Fachbetriebe e.V. \u00a0 Der Verband ist seit 1962 der [&hellip;]<\/p>\n <a href=\"https:\/\/www.errecom.com\/de\/errecom-spa-mitglied-vdkf-verband-deutscher-kaelte-klima-fachbetriebe\/\" class=\"more-link\" title=\"Read More\">Mehr lesen<\/a>","protected":false},"author":1,"featured_media":33124,"comment_status":"closed","ping_status":"closed","sticky":false,"template":"","format":"standard","meta":{"_acf_changed":false,"footnotes":""},"categories":[52],"tags":[],"yst_prominent_words":[],"class_list":["post-33121","post","type-post","status-publish","format-standard","has-post-thumbnail","hentry","category-eventi"],"acf":[],"_links":{"self":[{"href":"https:\/\/www.errecom.com\/de\/wp-json\/wp\/v2\/posts\/33121","targetHints":{"allow":["GET"]}}],"collection":[{"href":"https:\/\/www.errecom.com\/de\/wp-json\/wp\/v2\/posts"}],"about":[{"href":"https:\/\/www.errecom.com\/de\/wp-json\/wp\/v2\/types\/post"}],"author":[{"embeddable":true,"href":"https:\/\/www.errecom.com\/de\/wp-json\/wp\/v2\/users\/1"}],"replies":[{"embeddable":true,"href":"https:\/\/www.errecom.com\/de\/wp-json\/wp\/v2\/comments?post=33121"}],"version-history":[{"count":6,"href":"https:\/\/www.errecom.com\/de\/wp-json\/wp\/v2\/posts\/33121\/revisions"}],"predecessor-version":[{"id":60773,"href":"https:\/\/www.errecom.com\/de\/wp-json\/wp\/v2\/posts\/33121\/revisions\/60773"}],"wp:featuredmedia":[{"embeddable":true,"href":"https:\/\/www.errecom.com\/de\/wp-json\/wp\/v2\/media\/33124"}],"wp:attachment":[{"href":"https:\/\/www.errecom.com\/de\/wp-json\/wp\/v2\/media?parent=33121"}],"wp:term":[{"taxonomy":"category","embeddable":true,"href":"https:\/\/www.errecom.com\/de\/wp-json\/wp\/v2\/categories?post=33121"},{"taxonomy":"post_tag","embeddable":true,"href":"https:\/\/www.errecom.com\/de\/wp-json\/wp\/v2\/tags?post=33121"},{"taxonomy":"yst_prominent_words","embeddable":true,"href":"https:\/\/www.errecom.com\/de\/wp-json\/wp\/v2\/yst_prominent_words?post=33121"}],"curies":[{"name":"wp","href":"https:\/\/api.w.org\/{rel}","templated":true}]}}