{"id":31575,"date":"2021-03-12T16:42:33","date_gmt":"2021-03-12T15:42:33","guid":{"rendered":"https:\/\/www.errecom.com\/?p=31575"},"modified":"2022-01-10T14:29:57","modified_gmt":"2022-01-10T13:29:57","slug":"maurizio-zani-produktionsleiter-errecom","status":"publish","type":"post","link":"https:\/\/www.errecom.com\/de\/maurizio-zani-produktionsleiter-errecom\/","title":{"rendered":"Maurizio Zani: Der Produktionsleiter von Errecom"},"content":{"rendered":"\t\t<div data-elementor-type=\"wp-post\" data-elementor-id=\"31575\" class=\"elementor elementor-31575\" data-elementor-post-type=\"post\">\n\t\t\t\t\t\t<section class=\"elementor-section elementor-top-section elementor-element elementor-element-6111ab82 elementor-section-boxed elementor-section-height-default elementor-section-height-default\" data-id=\"6111ab82\" data-element_type=\"section\" id=\"article-head\">\n\t\t\t\t\t\t<div class=\"elementor-container elementor-column-gap-default\">\n\t\t\t\t\t<div class=\"elementor-column elementor-col-100 elementor-top-column elementor-element elementor-element-6110d981\" data-id=\"6110d981\" data-element_type=\"column\">\n\t\t\t<div class=\"elementor-widget-wrap elementor-element-populated\">\n\t\t\t\t\t\t<div class=\"elementor-element elementor-element-72ff0a34 elementor-hidden-desktop elementor-hidden-tablet elementor-hidden-phone elementor-widget elementor-widget-html\" data-id=\"72ff0a34\" data-element_type=\"widget\" data-widget_type=\"html.default\">\n\t\t\t\t<div class=\"elementor-widget-container\">\n\t\t\tKonkret und zielstrebig: mit seiner Einsatzbereitschaft und seinem Pragmatismus leitet und koordiniert Herr Maurizio Zani die Produktionsabteilung von Errecom ... &nbsp;\t\t<\/div>\n\t\t\t\t<\/div>\n\t\t\t\t<div class=\"elementor-element elementor-element-748bd67c elementor-widget elementor-widget-heading\" data-id=\"748bd67c\" data-element_type=\"widget\" data-widget_type=\"heading.default\">\n\t\t\t\t<div class=\"elementor-widget-container\">\n\t\t\t<h1 class=\"elementor-heading-title elementor-size-default\">Maurizio Zani: Der Produktionsleiter von Errecom Spa<\/h1>\t\t<\/div>\n\t\t\t\t<\/div>\n\t\t\t\t<div class=\"elementor-element elementor-element-67018585 elementor-widget-divider--view-line elementor-widget elementor-widget-divider\" data-id=\"67018585\" data-element_type=\"widget\" data-widget_type=\"divider.default\">\n\t\t\t\t<div class=\"elementor-widget-container\">\n\t\t\t\t\t<div class=\"elementor-divider\">\n\t\t\t<span class=\"elementor-divider-separator\">\n\t\t\t\t\t\t<\/span>\n\t\t<\/div>\n\t\t\t\t<\/div>\n\t\t\t\t<\/div>\n\t\t\t\t<div class=\"elementor-element elementor-element-3310e9c5 elementor-widget elementor-widget-text-editor\" data-id=\"3310e9c5\" data-element_type=\"widget\" data-widget_type=\"text-editor.default\">\n\t\t\t\t<div class=\"elementor-widget-container\">\n\t\t\t\t\t\t\tKonkret und zielstrebig: mit seiner Einsatzbereitschaft und seinem Pragmatismus leitet und koordiniert Herr Maurizio Zani die Produktionsabteilung von Errecom seit drei Jahren. In diesem Interview wird er uns verraten, was das Unternehmen Errecom von anderen Produktionsunternehmen unterscheidet, \u00fcber die Momente in der Arbeit, die ihn zufrieden stellen und er wird von den Herausforderungen berichten, denen sich das Unternehmen in naher Zukunft stellen muss, um weiterhin die Qualit\u00e4t und Vortrefflichkeit am Markt der K\u00e4lte- und Klimaanlagensysteme garantieren zu k\u00f6nnen.\t\t\t\t\t\t<\/div>\n\t\t\t\t<\/div>\n\t\t\t\t\t<\/div>\n\t\t<\/div>\n\t\t\t\t\t<\/div>\n\t\t<\/section>\n\t\t\t\t<section class=\"elementor-section elementor-top-section elementor-element elementor-element-1b8f0f7d elementor-section-boxed elementor-section-height-default elementor-section-height-default\" data-id=\"1b8f0f7d\" data-element_type=\"section\">\n\t\t\t\t\t\t<div class=\"elementor-container elementor-column-gap-default\">\n\t\t\t\t\t<div class=\"elementor-column elementor-col-100 elementor-top-column elementor-element elementor-element-6bc880f8\" data-id=\"6bc880f8\" data-element_type=\"column\">\n\t\t\t<div class=\"elementor-widget-wrap elementor-element-populated\">\n\t\t\t\t\t\t<div class=\"elementor-element elementor-element-e5cbd84 elementor-widget elementor-widget-image\" data-id=\"e5cbd84\" data-element_type=\"widget\" data-widget_type=\"image.default\">\n\t\t\t\t<div class=\"elementor-widget-container\">\n\t\t\t\t\t\t\t\t\t\t\t\t\t<img fetchpriority=\"high\" decoding=\"async\" width=\"1152\" height=\"648\" src=\"https:\/\/www.errecom.com\/wp-content\/uploads\/2021\/02\/article-intervista-maurizio.jpg\" class=\"attachment-full size-full wp-image-31341\" alt=\"\" srcset=\"https:\/\/www.errecom.com\/wp-content\/uploads\/2021\/02\/article-intervista-maurizio.jpg 1152w, https:\/\/www.errecom.com\/wp-content\/uploads\/2021\/02\/article-intervista-maurizio-300x169.jpg 300w, https:\/\/www.errecom.com\/wp-content\/uploads\/2021\/02\/article-intervista-maurizio-1024x576.jpg 1024w, https:\/\/www.errecom.com\/wp-content\/uploads\/2021\/02\/article-intervista-maurizio-768x432.jpg 768w, https:\/\/www.errecom.com\/wp-content\/uploads\/2021\/02\/article-intervista-maurizio-100x56.jpg 100w\" sizes=\"(max-width: 1152px) 100vw, 1152px\" \/>\t\t\t\t\t\t\t\t\t\t\t\t\t<\/div>\n\t\t\t\t<\/div>\n\t\t\t\t\t<\/div>\n\t\t<\/div>\n\t\t\t\t\t<\/div>\n\t\t<\/section>\n\t\t\t\t<section class=\"elementor-section elementor-top-section elementor-element elementor-element-78da2ccc elementor-section-boxed elementor-section-height-default elementor-section-height-default\" data-id=\"78da2ccc\" data-element_type=\"section\" id=\"article-body\">\n\t\t\t\t\t\t<div class=\"elementor-container elementor-column-gap-default\">\n\t\t\t\t\t<div class=\"elementor-column elementor-col-100 elementor-top-column elementor-element elementor-element-7ceabbc4\" data-id=\"7ceabbc4\" data-element_type=\"column\">\n\t\t\t<div class=\"elementor-widget-wrap elementor-element-populated\">\n\t\t\t\t<!-- hidden widget -->\t\t<div class=\"elementor-element elementor-element-26cf484c dc-has-condition dc-condition-contains elementor-widget elementor-widget-text-editor\" data-id=\"26cf484c\" data-element_type=\"widget\" data-widget_type=\"text-editor.default\">\n\t\t\t\t<div class=\"elementor-widget-container\">\n\t\t\t\t\t\t\t<h2><strong>1) Wir wissen, dass Sie Luca, den Firmengr\u00fcnder, Inhaber und Gesch\u00e4ftsf\u00fchrer, seit vielen Jahren kennen, und doch hat Ihr Abenteuer im Unternehmen erst seit relativ kurzer Zeit begonnen. M\u00f6chten Sie uns vielleicht diesbez\u00fcglich ein paar Einzelheiten schildern? Was hat Sie dazu bewogen, nach Jahren der gefestigten Erfahrung als Produktionsleiter im Sektor des Metall- und Maschinenbau, bei Errecom anzufangen?<\/strong><\/h2><p>Wie Sie bereits angemerkt haben sind Luca und ich Freunde aus alten Zeiten. Wir haben uns als Jugendliche kennengelernt, waren f\u00fcr viele Jahre Schulkollegen in derselben Klasse im Institut f\u00fcr Technik und hatten auch lange Zeit denselben Freundeskreis. Dann, mit der Zeit, haben wir unterschiedliche Wege eingeschlagen. Ich habe geheiratet und wir beide haben uns auf die Karriere, sprich unseren professionellen Werdegang, konzentriert. Irgendwie sind wir immer in Kontakt geblieben und haben uns nie aus den Augen verloren. Und so ist es dann auch vor ein paar Jahren, in einem unserer gelegentlichen Telefonate, von einem zum anderen Argument wechselnd, passiert, dass ich ihm von meinem Wunsch, mich neu ausrichten zu wollen, in einem Unternehmen was besser zu mir passt, erz\u00e4hlt hatte. Ich wollte mich ver\u00e4ndern, deshalb hatte ich Ihn um den Gefallen gebeten mich zu informieren, sobald er von offenen Stellen bei uns in der Gegend erfahren h\u00e4tte. Wie es der Zufall wollte, suchte er gerade selbst einen Verantwortlichen f\u00fcr die Produktionsabteilung von Errecom, jemanden mit Erfahrung und Kompetenz, eine vertrauensw\u00fcrdige Person. Beide hatten wir die Antwort gefunden, die wir suchten, n\u00e4mlich, dass wir jeweils einander brauchten: So begann mein Abenteuer bei Errecom.<\/p><p>\u00a0<\/p><h2><strong>2) Bez\u00fcglich ihrer vorherigen beruflichen Erfahrung, was haben Sie bei Errecom gefunden, was sie wirklich beeindruckt hat?<\/strong><\/h2><p>Abgesehen von dem unendlichen Augenmerk auf die Qualit\u00e4t, der Genauigkeit und der P\u00fcnktlichkeit (alles Pluspunkte, die meine Kollegen der anderen Abteilungen bereits mehrmals hervorgehoben haben), m\u00f6chte ich die Bedeutung erw\u00e4hnen, die dem Komfort der Arbeitskr\u00e4fte beigemessen wird. \u00dcberall bei Errecom sp\u00fcrt man die behagliche und einladende Atmosph\u00e4re, was die Arbeit viel angenehmer macht. Das ist kein unbedeutender Faktor, vor allem in der Produktion! Zum Beispiel ist bei Errecom auch die Produktion klimatisiert, was unseren Mitarbeitern im Sommer ein k\u00fchles und im Winter ein warmes Arbeitsklima garantiert und ihnen so die Erledigung ihrer t\u00e4glichen Arbeiten erleichtert. Um nicht von der Sauberkeit zu sprechen: ich muss zugeben, dass ich bisher noch nie so saubere und gl\u00e4nzende Fu\u00dfb\u00f6den in Produktionsabteilungen gesehen habe. Und bedenken Sie, dass diese wei\u00df lackiert sind! Einen weiteren Aspekt, den ich sehr sch\u00e4tze, ist die Musik, die uns in der Produktion t\u00e4glich begleitet: es scheint eine Banalit\u00e4t zu sein, aber auch das tr\u00e4gt dazu bei, dass die Arbeit stressfreier wird und beg\u00fcnstigt die Konzentration und Motivation von uns allen!<\/p><p>\u00a0<\/p><h2><strong>3) Was sind Ihrer Meinung nach die grundlegenden Eigenschaften, die man braucht, um eine Produktionsabteilung f\u00fchren zu k\u00f6nnen?<\/strong><\/h2><p>Mit Sicherheit bedarf es der Organisation, Genauigkeit und Entschiedenheit. Methode und Planung sind von grundlegender Bedeutung, um die von den modernen Automatisierungstechnologien diktierten Zeiten und Muster zu managen und sicherzustellen, dass diese im Hinblick auf absolute Effizienz und zu unserer vollen Unterst\u00fctzung ausgenutzt werden. Des Weiteren bedarf es f\u00fcr diese Rolle auch das nicht zu untersch\u00e4tzende Gewisse \u201eEtwas\u201c, sprich eine menschliche und einf\u00fchlsame Art. Als verantwortlicher Produktionsleiter ist es extrem wichtig, zu wissen, wie man ein Team schafft, das aus Personen besteht, die sich gegenseitig respektieren und gut zusammenarbeiten, um das gemeinsame Ziel zu erreichen.<\/p><p>\u00a0<\/p><h2><strong>4) Was macht Sie gl\u00fccklich und zufrieden in der Arbeit?<\/strong><\/h2><p>Die gr\u00f6\u00dfte Befriedigung ist, dass ich den Job machen kann, den ich liebe. Jeden Tag kann ich die Kompetenzen in die Praxis umsetzen, die ich mir im Laufe der Jahre durch Erfahrung und harte Arbeit angeeignet habe. Zur\u00fcckblickend auf den bereits gemeisterten Weg und das Bewusstsein, dass meine Leidenschaft mich bis hierher gebracht hat: Nun, das ist wirklich eine unbezahlbares Gef\u00fchl!<\/p><p>\u00a0<\/p><h2><strong>5) Welchen Rat m\u00f6chten Sie der jungen Generation geben, die eine Karriere in der Produktion beginnt?<\/strong><\/h2><p>Das was ich aus meiner Sicht raten kann, ist, immer mit dem Ziel zu arbeiten, sich st\u00e4ndig verbessern zu wollen und Probleme als eine Art Herausforderung anzugehen. Sie m\u00fcssen bereit sein, sich die H\u00e4nde schmutzig zu machen, wie es sich f\u00fcr die Produktion geh\u00f6rt, aber auch wissen, wie man den Kopf benutzt. Heutzutage ist die Vorstellung, einfach nur am Flie\u00dfband zu arbeiten, nicht mehr denkbar. Wir k\u00f6nnen und m\u00fcssen einen Mehrwert in den Produktionsprozess einbringen, aber dazu brauchen wir Motivation, Lust am Tun und vor allem Einfallsreichtum.<\/p><p>\u00a0<\/p><h2><strong>6) Errecom ist in den letzten Jahren exponentiell gewachsen. Was hat diese Erweiterung in Bezug auf die Produktion bedeutet?<\/strong><\/h2><p>Ich arbeite erst seit drei Jahren bei Errecom, aber dank meiner Freundschaft zu Luca kenne ich die Entwicklung, die das Unternehmen seit 2001 durchlaufen hat, sehr gut. Die Innovation ist die beste Visitenkarte f\u00fcr eine Marke, deshalb verwundert es nicht, wenn man an die Qualit\u00e4tsspr\u00fcnge von Errecom zur\u00fcck-denkt. Der Export in mehr als 130 L\u00e4nder hat es notwendig gemacht, weitere Filialen im Ausland zu er\u00f6ffnen. Die Unternehmensleitung hat aber beschlossen, an der Entscheidung festzuhalten, die Produktion in Italien zu belassen, um eine strenge Kontrolle \u00fcber den gesamten Produktionsprozess zu garantieren, um h\u00f6chste Qualit\u00e4t sicherzustellen und den \u00dcbergang von der Idee hin zur Markteinf\u00fchrung so schnell wie m\u00f6glich zu gestalten. Dies erforderte zwangsl\u00e4ufig die Einf\u00fchrung von zunehmenden hochmodernen und integrierten Technologien, wie z. B. Industrie 4.0, um die Zeit und die Kosten eines boomenden Unternehmens zu verwalten. Es liegt noch ein langer Weg vor uns, aber wir sind auf dem Richtigen und vor allem ist uns bewusst, dass die besten Ergebnisse aus einer kontinuierlichen Weiterentwicklung resultieren.<\/p><p>\u00a0<\/p><h2><strong>7) M\u00f6chten Sie uns einen kurzen Ausblick auf die Herausforderungen geben, denen sich die Produktionsabteilung von Errecom in naher Zukunft stellen wird?<\/strong><\/h2><p>Das Unternehmen, dass sich st\u00e4ndig weiter ausbreitet und w\u00e4chst, hat den zunehmenden Bedarf an qualifiziertem Personal, um die Belegschaft zu vergr\u00f6\u00dfern. Zuallererst besteht die Notwendigkeit darin, weitere qualifizierte Personen einzustellen, sprich Mitarbeiter zu gewinnen, die wissen, wie man den immer h\u00f6heren Automatisierungsgrad der Produktionslinien handhabt. Diese werden dann im zweiten Schritt eine spezifische interne Schulung durchlaufen. Ein Beweis daf\u00fcr, dass f\u00fcr Errecom Innovation und Qualit\u00e4t die Grundlage eines jeden Prozesses sind.<\/p>\t\t\t\t\t\t<\/div>\n\t\t\t\t<\/div>\n\t\t\t\t\t<\/div>\n\t\t<\/div>\n\t\t\t\t\t<\/div>\n\t\t<\/section>\n\t\t\t\t<section class=\"elementor-section elementor-top-section elementor-element elementor-element-6540a820 elementor-section-boxed elementor-section-height-default elementor-section-height-default\" data-id=\"6540a820\" data-element_type=\"section\">\n\t\t\t\t\t\t<div class=\"elementor-container elementor-column-gap-default\">\n\t\t\t\t\t<div class=\"elementor-column elementor-col-100 elementor-top-column elementor-element elementor-element-e25b0a1\" data-id=\"e25b0a1\" data-element_type=\"column\">\n\t\t\t<div class=\"elementor-widget-wrap\">\n\t\t\t\t\t\t\t<\/div>\n\t\t<\/div>\n\t\t\t\t\t<\/div>\n\t\t<\/section>\n\t\t\t\t<\/div>\n\t\t","protected":false},"excerpt":{"rendered":"<p>Konkret und zielstrebig: mit seiner Einsatzbereitschaft und seinem Pragmatismus leitet und koordiniert Herr Maurizio Zani die Produktionsabteilung von Errecom &#8230; &nbsp; Maurizio Zani: Der Produktionsleiter von Errecom Spa Konkret und zielstrebig: mit seiner Einsatzbereitschaft und seinem Pragmatismus leitet und koordiniert Herr Maurizio Zani die Produktionsabteilung von Errecom seit drei Jahren. In diesem Interview wird er [&hellip;]<\/p>\n <a href=\"https:\/\/www.errecom.com\/de\/maurizio-zani-produktionsleiter-errecom\/\" class=\"more-link\" title=\"Read More\">Mehr lesen<\/a>","protected":false},"author":1,"featured_media":31341,"comment_status":"closed","ping_status":"closed","sticky":false,"template":"","format":"standard","meta":{"_acf_changed":false,"footnotes":""},"categories":[51],"tags":[],"yst_prominent_words":[],"class_list":["post-31575","post","type-post","status-publish","format-standard","has-post-thumbnail","hentry","category-dietro-le-quinte"],"acf":[],"_links":{"self":[{"href":"https:\/\/www.errecom.com\/de\/wp-json\/wp\/v2\/posts\/31575","targetHints":{"allow":["GET"]}}],"collection":[{"href":"https:\/\/www.errecom.com\/de\/wp-json\/wp\/v2\/posts"}],"about":[{"href":"https:\/\/www.errecom.com\/de\/wp-json\/wp\/v2\/types\/post"}],"author":[{"embeddable":true,"href":"https:\/\/www.errecom.com\/de\/wp-json\/wp\/v2\/users\/1"}],"replies":[{"embeddable":true,"href":"https:\/\/www.errecom.com\/de\/wp-json\/wp\/v2\/comments?post=31575"}],"version-history":[{"count":6,"href":"https:\/\/www.errecom.com\/de\/wp-json\/wp\/v2\/posts\/31575\/revisions"}],"predecessor-version":[{"id":60767,"href":"https:\/\/www.errecom.com\/de\/wp-json\/wp\/v2\/posts\/31575\/revisions\/60767"}],"wp:featuredmedia":[{"embeddable":true,"href":"https:\/\/www.errecom.com\/de\/wp-json\/wp\/v2\/media\/31341"}],"wp:attachment":[{"href":"https:\/\/www.errecom.com\/de\/wp-json\/wp\/v2\/media?parent=31575"}],"wp:term":[{"taxonomy":"category","embeddable":true,"href":"https:\/\/www.errecom.com\/de\/wp-json\/wp\/v2\/categories?post=31575"},{"taxonomy":"post_tag","embeddable":true,"href":"https:\/\/www.errecom.com\/de\/wp-json\/wp\/v2\/tags?post=31575"},{"taxonomy":"yst_prominent_words","embeddable":true,"href":"https:\/\/www.errecom.com\/de\/wp-json\/wp\/v2\/yst_prominent_words?post=31575"}],"curies":[{"name":"wp","href":"https:\/\/api.w.org\/{rel}","templated":true}]}}