{"id":17904,"date":"2020-11-16T15:30:49","date_gmt":"2020-11-16T14:30:49","guid":{"rendered":"https:\/\/www.errecom.com\/?p=17904"},"modified":"2022-01-10T14:42:40","modified_gmt":"2022-01-10T13:42:40","slug":"nicola-ronga-ceo-errecom","status":"publish","type":"post","link":"https:\/\/www.errecom.com\/de\/nicola-ronga-ceo-errecom\/","title":{"rendered":"Nicola Ronga: CEO Errecom"},"content":{"rendered":"\t\t<div data-elementor-type=\"wp-post\" data-elementor-id=\"17904\" class=\"elementor elementor-17904\" data-elementor-post-type=\"post\">\n\t\t\t\t\t\t<section class=\"elementor-section elementor-top-section elementor-element elementor-element-2b440cbc elementor-section-boxed elementor-section-height-default elementor-section-height-default\" data-id=\"2b440cbc\" data-element_type=\"section\" id=\"article-head\">\n\t\t\t\t\t\t<div class=\"elementor-container elementor-column-gap-default\">\n\t\t\t\t\t<div class=\"elementor-column elementor-col-100 elementor-top-column elementor-element elementor-element-37ee69f7\" data-id=\"37ee69f7\" data-element_type=\"column\">\n\t\t\t<div class=\"elementor-widget-wrap elementor-element-populated\">\n\t\t\t\t\t\t<div class=\"elementor-element elementor-element-72da0451 elementor-hidden-desktop elementor-hidden-tablet elementor-hidden-phone elementor-widget elementor-widget-html\" data-id=\"72da0451\" data-element_type=\"widget\" data-widget_type=\"html.default\">\n\t\t\t\t<div class=\"elementor-widget-container\">\n\t\t\tHerausforderungen, Innovationen, zuk\u00fcnftige Projekte. Der Gesch\u00e4ftsf\u00fchrer und Technische Direktor von Errecom SPA entpuppt sich aufgrund seines Werdegangs f\u00fcr unser ... &nbsp;\t\t<\/div>\n\t\t\t\t<\/div>\n\t\t\t\t<div class=\"elementor-element elementor-element-2bd16834 elementor-widget elementor-widget-heading\" data-id=\"2bd16834\" data-element_type=\"widget\" data-widget_type=\"heading.default\">\n\t\t\t\t<div class=\"elementor-widget-container\">\n\t\t\t<h2 class=\"elementor-heading-title elementor-size-default\">Nicola Ronga: CEO Errecom Spa<\/h2>\t\t<\/div>\n\t\t\t\t<\/div>\n\t\t\t\t<div class=\"elementor-element elementor-element-54268de1 elementor-widget-divider--view-line elementor-widget elementor-widget-divider\" data-id=\"54268de1\" data-element_type=\"widget\" data-widget_type=\"divider.default\">\n\t\t\t\t<div class=\"elementor-widget-container\">\n\t\t\t\t\t<div class=\"elementor-divider\">\n\t\t\t<span class=\"elementor-divider-separator\">\n\t\t\t\t\t\t<\/span>\n\t\t<\/div>\n\t\t\t\t<\/div>\n\t\t\t\t<\/div>\n\t\t\t\t<div class=\"elementor-element elementor-element-2d792009 elementor-widget elementor-widget-text-editor\" data-id=\"2d792009\" data-element_type=\"widget\" data-widget_type=\"text-editor.default\">\n\t\t\t\t<div class=\"elementor-widget-container\">\n\t\t\t\t\t\t\t<p>Herausforderungen, Innovationen, zuk\u00fcnftige Projekte. Der Gesch\u00e4ftsf\u00fchrer und Technische Direktor von Errecom SPA entpuppt sich aufgrund seines Werdegangs f\u00fcr unser Unternehmen als \u201eDer Mann hinter den Kulissen\u201c.<\/p>\t\t\t\t\t\t<\/div>\n\t\t\t\t<\/div>\n\t\t\t\t<div class=\"elementor-element elementor-element-56555a8 elementor-widget elementor-widget-shortcode\" data-id=\"56555a8\" data-element_type=\"widget\" data-widget_type=\"shortcode.default\">\n\t\t\t\t<div class=\"elementor-widget-container\">\n\t\t\t\t\t<div class=\"elementor-shortcode\"><span class=\"my-reading-time\"><span class=\"my-reading-time-label\">Lesezeit: <\/span><span class=\"my-reading-time-value\">9 min<\/span><\/span><\/div>\n\t\t\t\t<\/div>\n\t\t\t\t<\/div>\n\t\t\t\t\t<\/div>\n\t\t<\/div>\n\t\t\t\t\t<\/div>\n\t\t<\/section>\n\t\t\t\t<section class=\"elementor-section elementor-top-section elementor-element elementor-element-4b2e2b24 elementor-section-boxed elementor-section-height-default elementor-section-height-default\" data-id=\"4b2e2b24\" data-element_type=\"section\">\n\t\t\t\t\t\t<div class=\"elementor-container elementor-column-gap-default\">\n\t\t\t\t\t<div class=\"elementor-column elementor-col-100 elementor-top-column elementor-element elementor-element-551be877\" data-id=\"551be877\" data-element_type=\"column\">\n\t\t\t<div class=\"elementor-widget-wrap elementor-element-populated\">\n\t\t\t\t\t\t<div class=\"elementor-element elementor-element-16609bcb elementor-widget elementor-widget-image\" data-id=\"16609bcb\" data-element_type=\"widget\" data-widget_type=\"image.default\">\n\t\t\t\t<div class=\"elementor-widget-container\">\n\t\t\t\t\t\t\t\t\t\t\t\t\t<img fetchpriority=\"high\" decoding=\"async\" width=\"1152\" height=\"648\" src=\"https:\/\/www.errecom.com\/wp-content\/uploads\/2020\/11\/article_intervista-nicola-ronga-1.jpg\" class=\"attachment-full size-full wp-image-17534\" alt=\"\" srcset=\"https:\/\/www.errecom.com\/wp-content\/uploads\/2020\/11\/article_intervista-nicola-ronga-1.jpg 1152w, https:\/\/www.errecom.com\/wp-content\/uploads\/2020\/11\/article_intervista-nicola-ronga-1-300x169.jpg 300w, https:\/\/www.errecom.com\/wp-content\/uploads\/2020\/11\/article_intervista-nicola-ronga-1-1024x576.jpg 1024w, https:\/\/www.errecom.com\/wp-content\/uploads\/2020\/11\/article_intervista-nicola-ronga-1-768x432.jpg 768w\" sizes=\"(max-width: 1152px) 100vw, 1152px\" \/>\t\t\t\t\t\t\t\t\t\t\t\t\t<\/div>\n\t\t\t\t<\/div>\n\t\t\t\t\t<\/div>\n\t\t<\/div>\n\t\t\t\t\t<\/div>\n\t\t<\/section>\n\t\t\t\t<section class=\"elementor-section elementor-top-section elementor-element elementor-element-42aee443 elementor-section-boxed elementor-section-height-default elementor-section-height-default\" data-id=\"42aee443\" data-element_type=\"section\" id=\"article-body\">\n\t\t\t\t\t\t<div class=\"elementor-container elementor-column-gap-default\">\n\t\t\t\t\t<div class=\"elementor-column elementor-col-100 elementor-top-column elementor-element elementor-element-7855a614\" data-id=\"7855a614\" data-element_type=\"column\">\n\t\t\t<div class=\"elementor-widget-wrap elementor-element-populated\">\n\t\t\t\t\t\t<div class=\"elementor-element elementor-element-7aa9c258 elementor-widget elementor-widget-text-editor\" data-id=\"7aa9c258\" data-element_type=\"widget\" data-widget_type=\"text-editor.default\">\n\t\t\t\t<div class=\"elementor-widget-container\">\n\t\t\t\t\t\t\t<p><strong>Trotz Ihres jungen Alters sind Sie bereits seit 19 Jahren ein \u00e4u\u00dferst wichtiges Mitglied des Unternehmens. Wie kam es dazu, da\u00df Sie Gesch\u00e4ftsf\u00fchrer von Errecom SPA geworden sind?<\/strong><\/p>\n<p>Meine Karriere, die es mir erm\u00f6glichte, heute der Gesch\u00e4ftsf\u00fchrer von Errecom SPA zu sein, begann bereits vor vielen Jahren: Als 18-j\u00e4hriger habe ich diese Firma gemeinsam mit meinem Bruder gegr\u00fcndet. Dadurch konnte ich die Entwicklung des Unternehmens von Anfang an, und zwar seit 2001, mitverfolgen: ich war bei der Verwirklichung der ersten Produkte dabei und nun bin ich auch an Bord bei den Produkten, die wir derzeit in unseren Labors erforschen und entwickeln und im Jahr 2022 auf dem Markt pr\u00e4sentieren werden. W\u00e4hrend dieser ganzen Zeit gab es viele Herausforderungen zu bew\u00e4ltigen, die ich mit Bestimmtheit und Voraussicht gemeistert habe. Zum Beispiel die st\u00e4ndige Notwendigkeit, die Produktionskette weiter zu automatisieren und zwar gem\u00e4\u00df den Anforderungen des Weltmarktes. Nicht zuletzt aber die Aufgabe zu bew\u00e4ltigen, die Jahr f\u00fcr Jahr st\u00e4ndig wachsende Mannschaft zu f\u00fchren und zu organisieren.<\/p>\n<p>In den letzten 19 Jahren habe ich beinahe die ganze Welt bereist, um den direkten Kontakt zu unseren Kunden zu suchen und an Ausstellungen und Messen auf unserem Gebiet teilzunehmen, aber auch, um die Produktionsst\u00e4tten unserer wichtigsten Zulieferer zu besichtigen. Letzteres war mir besonders wichtig, um Produktionsprozesse zu \u00fcberpr\u00fcfen und um dabei erlerntes Know-How in Errecom integrieren zu k\u00f6nnen. Die Basis meiner Laufbahn bilden sowohl meine praktischen Erfahrungen in unserem Unternehmen als auch der st\u00e4ndige Austausch mit unseren ausl\u00e4ndischen Partnern. Ein Weg, der unserem Unternehmen Innovation und st\u00e4ndige Verbesserung garantiert und es mir erm\u00f6glicht hat, heute der Gesch\u00e4ftsf\u00fchrer von Errecom zu sein.<\/p>\n<p><\/p>\n<p><strong>Die Rolle des technischen Direktors eines so vielf\u00e4ltigen Unternehmens wie Errecom verlangt neben organisatorischen F\u00e4higkeiten und der F\u00e4higkeit des Problem Solving auch Leadership, Flexibilit\u00e4t und Visionskraft. Welche dieser Eigenschaften sind Ihnen angeboren und welche haben Sie w\u00e4hrend Ihres Werdegangs erworben?<\/strong><\/p>\n<p>Sicherlich sind alle diese Eigenschaften unbedingt erforderlich, um meine Rolle in diesem Unternehmen zufriedenstellend bew\u00e4ltigen zu k\u00f6nnen. Nachdem ich dieses Abenteuer bereits in sehr jungen Jahren begann, habe ich im Laufe der Jahre festgestellt, dass mir einige dieser Eigenschaften angeboren wurden, andere hingegen konnte ich erst durch den Einsatz vor Ort entwickeln.<\/p>\n<p>Ich bin \u00fcberzeugt davon, dass die Kapazit\u00e4t des Problem Solving zu meinem Grundcharakter geh\u00f6rt. Eine Eigenschaft, die mich von jeher unterscheidet, sowohl im privaten als auch im beruflichen Bereich. Ich glaube daran, dass man niemals ein Problem als un\u00fcberwindbar betrachten soll: Es gib f\u00fcr alles eine L\u00f6sung.<\/p>\n<p><\/p>\n<p><strong>Welche Innovationen haben Sie in das Unternehmen eingebracht? Auf welche erreichten Ziele sind Sie hierbei besonders stolz?<\/strong><\/p>\n<p>Die durchgef\u00fchrten Innovationen im Produktionsbereich innerhalb von Errecom sind tats\u00e4chlich sehr zahlreich und wertvoll und ich bin stolz behaupten zu k\u00f6nnen, ihr Erfinder zu sein. Jede einzelne meiner realisierten Ideen haben ma\u00dfgeblich zum Erfolg des Unternehmens beigetragen und geholfen, die Qualit\u00e4t unserer Produkte und die Fristeinhaltung unserer Lieferungen zu garantieren.<\/p>\n<p>Dazu einige Beispiele: Die erste im Jahr 2001 erworbene Produktionsanlage, die Verwirklichung unseres Labors in Forschung und Entwicklung, aber auch die neue vollautomatische Produktionslinie, die im Jahr 2021 installiert werden soll.<\/p>\n<p><strong style=\"letter-spacing: 0.8px;\">Haben Sie noch andere Ideen in der Schublade, die Sie uns mitteilen m\u00f6chten?<\/strong><\/p>\n<p>Seit 2017 haben wir das Projekt \u201eIndustrie 4.0\u201c begonnen, das wir st\u00e4ndig weiterentwickeln. Hierbei haben wir allerdings noch einen langen Weg vor uns. Ich glaube fest daran, dass wir es in den n\u00e4chsten Jahren schaffen werden, unsere Produktionsprozesse zu optimieren und die Verbesserung unserer Unternehmenssoftware auf ein extrem hohes Level an Automatisierung bringen werden, ohne dadurch unsere Flexibilit\u00e4t zu beeintr\u00e4chtigen.<\/p>\n<p>Diese Tatsache wird es uns erm\u00f6glichen, unsere Auslandsfilialen von der Mutterfirma aus zu leiten, und zwar sowohl die im Jahr 2018 in den USA gegr\u00fcndete als auch die in 2021 in den Arabischen Emiraten zu er\u00f6ffnende Filiale.<\/p>\n<p><\/p>\n<p><strong>Wir haben in Erfahrung gebracht, dass Errecom w\u00e4hrend der Pandemie die Produktion von Desinfektionsmitteln enorm erh\u00f6ht hat, um die steigende Nachfrage auf dem Markt befriedigen zu k\u00f6nnen. Inwiefern war es schwierig, die erforderliche Erh\u00f6hung der Produktion mit der unbestritten erforderlichen Notwendigkeit, die Gesundheit der Mitarbeiter zu sch\u00fctzen, unter einen Hut zu bekommen?<\/strong><\/p>\n<p>Nachdem es sich hierbei um ein nie vorher stattgefundenes Ereignis gehandelt hat, war es \u00e4u\u00dferst schwierig, die Entscheidung bez\u00fcglich der einzuschlagenden Richtung aber auch der erforderlichen Sicherheitsma\u00dfnahmen zu treffen. In allen Arbeitsbereichen mu\u00dften Arbeitsprozeduren eingef\u00fchrt werden, die bis dahin v\u00f6llig undenkbar schienen. Die von den supranationalen Ministerien und Beh\u00f6rden vorgegebenen Richtlinien waren nicht eindeutig klar und die Informationen seitens der Medien sehr widerspr\u00fcchlich.<\/p>\n<p>Es gab eine gro\u00dfe Verwirrung hinsichtlich der zu verwendenden Produkte, um eine korrekte Desinfizierung des Unternehmens, die den Anforderungen des gesundheitlichen Ausnahmezustandes, der unser Land f\u00f6rmlich \u00fcberschwemmt hat, durchzuf\u00fchren.<\/p>\n<p>Gl\u00fccklicherweise ist Errecom dank seiner hausinternen hochqualifizierten Chemiker auch auf dem Gebiet der Entwicklung von Desinfektionsmitteln ein Chemieunternehmen mit extrem viel Kompetenz. Wir haben es dem Know-How unseres eigenen Labors zu verdanken, dass wir, was die Desinfektion des Unternehmens betrifft, die richtige verantwortungsbewusste Wahl treffen konnten und zwar sowohl hinsichtlich der Prozess-Gestaltung als auch der zu verwendenden Produkte.<\/p>\n<p>Das hat es uns erm\u00f6glicht, im Hinblick auf die Gesundheit das gesamte Unternehmen sicher zu gestalten und gleichzeitig durch die Neuorganisation der Produktionsst\u00e4tten und -rhythmen die st\u00e4ndig wachsende Nachfrage auf dem Markt zu befriedigen. Wir haben 24 Stunden am Tag und 6 Tage pro Woche in v\u00f6lliger Sicherheit gearbeitet und dabei den Schutz unserer Mitarbeiter in den Fokus gestellt.<\/p>\n<p><\/p>\n<p><strong>Wodurch dr\u00fcckt sich der Schwerpunkt von Errecom hinsichtlich der Nachhaltigkeit in Ihrer T\u00e4tigkeit als Gesch\u00e4ftsf\u00fchrer und Technischer Direktor aus? Welche Strategien haben Sie sich angeeignet und welche Entscheidungen haben Ihre Forschungs- und Entwicklungsarbeit diesbez\u00fcglich betroffen?<\/strong><\/p>\n<p>Im Hinblick auf die Nachhaltigkeit haben wir unternehmensweit mehrere verschiedene Aktivit\u00e4ten verwirklicht. Als Technischer Direktor von Errecom bin ich stolz darauf, best\u00e4tigen zu k\u00f6nnen, dass die fortlaufende Neugestaltung und Verbesserung unserer Produkte es m\u00f6glich gemacht hat, \u00fcberholte Rohstoffe durch viel nachhaltigere und einem noch h\u00f6heren Potential an biologischer Abbaubarkeit zu ersetzen.<br>Zus\u00e4tzlich haben wir in der Entwicklungsphase seit einigen Jahren eine essentielle Anforderung festgelegt: Alle Produkte von Errecom m\u00fcssen mit dem Ziel dahingehend erforscht und realisiert werden, ihre Gef\u00e4hrlichkeit auf das absolut m\u00f6gliche Minimum zu reduzieren, und zwar nicht nur mit Hinblick auf die Umwelt, sondern auch die Sicherheit von Mensch und Tier.<\/p>\n<p>Ein zus\u00e4tzlicher Schwerpunkt unseres Unternehmens besteht darin, den Anteil an Plastik bei unseren Verpackungsmaterialien fortlaufend zu reduzieren und dieses, wo immer m\u00f6glich, mit umweltfreundlichen Materialien zu ersetzen. Hierbei m\u00f6chte ich noch unterstreichen, dass es sich bei den von uns momentan noch verwendeten Verpackungsmaterialien aus Kunststoff, um 98% aus recyceltem Kunststoff handelt.<\/p>\n<p>Letztendlich m\u00f6chte ich noch darauf hinweisen, dass sich der Fokus von Errecom bez\u00fcglich der Nachhaltigkeit nicht nur auf seine Produkte beschr\u00e4nkt: Dank zielgerichteter Investitionen hinsichtlich Automatisierung und Digitalisierung werden wir es bis Anfang 2022 schaffen, bei unseren Produktionsprozessen und der Leitung vollst\u00e4ndig auf den Einsatz von Papier zu verzichten.<\/p>\n<p><\/p>\n<p><strong>Inwiefern tragen Ihre Leidenschaft f\u00fcr Neuerungen und Ihre st\u00e4ndige Neugier f\u00fcr innovative Trends zum Erfolg von Errecom bei?<\/strong><\/p>\n<p>Mein Hauptaugenmerk auf neue Trends und mein konstantes Interesse f\u00fcr Neuerungen spiegeln sich unvermeidlich in den innovativen und strategischen Entscheidungen, die das Unternehmen betreffen, wider. Errecom ist der Marktf\u00fchrer und der Beweis hierf\u00fcr sind die unz\u00e4hligen Versuche seitens der Konkurrenz, fortlaufend unsere Innovationen zu kopieren.<\/p>\n<p>Unsere Produkte wurden entwickelt, um allumfassend, sprich um 360-grad an der Spitze zu sein. Unser Ziel ist es, nicht nur wirksame und innovative Formeln zu kreieren, um die Probleme f\u00fcr die sie entwickelt wurden zu beheben und vorzubeugen. Die Produkte von Errecom sind nicht nur funktionell und einfach in der Anwendung, sondern ein besonderes Augenmerk wird hierbei auch auf ihre Pr\u00e4sentation gelegt: Dieser Erfolg wird dank der Anstrengungen unseres Marketings und unserer Graphikabteilung, die fortw\u00e4hrend f\u00fcr die attraktive und moderne Aufmachung unserer Produkte aber auch f\u00fcr die Aus\u00fcbung internationaler Kommunikation im Einsatz sind, garantiert. Dadurch werden zus\u00e4tzlich Kundenn\u00e4he und -bindung erzeugt.<\/p>\n<p>Die Welt ist in einem st\u00e4ndigen Umbruch und es w\u00e4re undenkbar, ein Produkt auf die gleiche Art wie vor 5 Jahren zu entwickeln oder zu verkaufen. Dies w\u00fcrde bedeuten, veraltet zu sein und \u00fcberholt zu werden. Errecom ist seit Anfang an darauf ausgerichtet, ein Vorbild zu sein und ich bin mir sicher, dass das auch in Zukunft der Fall sein wird.<\/p>\n<p><\/p>\n<p><strong>Wir haben erfahren, dass Sie auch der zust\u00e4ndige Ansprechpartner f\u00fcr den amerikanischen Markt sind. Ist der Grund daf\u00fcr Ihre Leidenschaft f\u00fcr Amerika oder weil es unbedingt erforderlich ist, eine Figur mit Ihrer technischen Kompetenz auf einen derma\u00dfen konkurrenzstarken Markt zu haben?<\/strong><\/p>\n<p>Mit 18 Jahren war ich das erste Mal in den USA und dank meiner Arbeit hatte ich noch sehr oft die Gelegenheit, dahin zur\u00fcckzukehren. Au\u00dfer Frage handelt es sich um ein Land, das mich sehr stark fasziniert und es mir erm\u00f6glicht hat, sowohl pers\u00f6nlich als auch beruflich zu wachsen. Meine Rolle als Kontaktperson f\u00fcr unsere amerikanische Filiale ergibt sich aus der Notwendigkeit, diese Position mit einer Person mit gro\u00dfer technischer Kompetenz zu besetzen. Mehr denn je ist der amerikanische Markt heute von einem fundamental einschneidenden Umbauprozess betroffen, und zwar nicht zuletzt wegen der absoluten Notwendigkeit, den Treibhauseffekt aufgrund von Umweltbeeintr\u00e4chtigungen zu reduzieren.<\/p>\n<p>Es ist erforderlich, dass wir auch in \u00dcbersee eine kompetente und hochqualifizierte Mannschaft bilden, die es schnell schafft, sich das notwendige Know-How anzueignen, um den Erfolg und das Wachstum weiter vorantreiben zu k\u00f6nnen. Und wir haben es geschafft: Wenn man bedenkt, dass ERRECOM USA LLC es in einem so au\u00dfergew\u00f6hnlich schwierigen Jahr wie 2020 erm\u00f6glicht hat, seinen Umsatz im Vergleich zu 2019 sogar zu verdoppeln. Diese Tatsache ist enorm wichtig, denn sie gibt uns die Best\u00e4tigung daf\u00fcr, dass wir die korrekte Richtung eingeschlagen haben, stellt f\u00fcr uns aber gleichzeitig noch gr\u00f6\u00dfere Erwartungen an die Zukunft dar.<\/p>\n<p><\/p>\n<p><strong>Sprechen wir noch von der Zukunft. Wo sehen Sie sich in 10 Jahren? Und wie wird Errecom in 10 Jahren sein?<\/strong><\/p>\n<p>Ich pers\u00f6nlich bin davon \u00fcberzeugt, dass der Prozess der Internationalisierung, der in Errecom bereits seit einigen Jahren angelaufen ist, in Zukunft noch weiter ausgebaut werden wird. Wir werden zus\u00e4tzliche Firmensitze im Ausland gr\u00fcnden, was einen noch effektiveren Service f\u00fcr unsere weiter entfernten Kunden gew\u00e4hrleisten wird. Was die Produktion anbetrifft, glaube ich, dass sich Errecom durch seinen bisher erworbenen Qualit\u00e4tsstandard auch weiterhin auf dem Markt unterscheiden wird und gleichzeitig ein stolzes Beispiel an Zuverl\u00e4ssigkeit basierend auf seinem Made in Italy darstellen kann. Was mich anbetrifft so werde ich, sollte es mir meine Gesundheit weiterhin erlauben, in zehn Jahren exakt das gleiche machen wie heute. Der einzige Unterschied wird sein, dass ich auf eine gr\u00f6\u00dfere Bandbreite an Ressourcen zur\u00fcckgreifen werden kann. Das Ziel ist es, in vielen verschiedenen L\u00e4ndern der Welt noch mehr Menschen und Technologien vor Ort zur Verf\u00fcgung zu haben, um unsere Produkte und Produktionsprozesse weiterhin innovativer und besser gestalten zu k\u00f6nnen.<\/p>\t\t\t\t\t\t<\/div>\n\t\t\t\t<\/div>\n\t\t\t\t\t<\/div>\n\t\t<\/div>\n\t\t\t\t\t<\/div>\n\t\t<\/section>\n\t\t\t\t<\/div>\n\t\t","protected":false},"excerpt":{"rendered":"<p>Herausforderungen, Innovationen, zuk\u00fcnftige Projekte. Der Gesch\u00e4ftsf\u00fchrer und Technische Direktor von Errecom SPA entpuppt sich aufgrund seines Werdegangs f\u00fcr unser &#8230; &nbsp; Nicola Ronga: CEO Errecom Spa Herausforderungen, Innovationen, zuk\u00fcnftige Projekte. Der Gesch\u00e4ftsf\u00fchrer und Technische Direktor von Errecom SPA entpuppt sich aufgrund seines Werdegangs f\u00fcr unser Unternehmen als \u201eDer Mann hinter den Kulissen\u201c. Trotz Ihres jungen [&hellip;]<\/p>\n <a href=\"https:\/\/www.errecom.com\/de\/nicola-ronga-ceo-errecom\/\" class=\"more-link\" title=\"Read More\">Mehr lesen<\/a>","protected":false},"author":1,"featured_media":17534,"comment_status":"closed","ping_status":"closed","sticky":false,"template":"","format":"standard","meta":{"_acf_changed":false,"footnotes":""},"categories":[51],"tags":[],"yst_prominent_words":[],"class_list":["post-17904","post","type-post","status-publish","format-standard","has-post-thumbnail","hentry","category-dietro-le-quinte"],"acf":[],"_links":{"self":[{"href":"https:\/\/www.errecom.com\/de\/wp-json\/wp\/v2\/posts\/17904","targetHints":{"allow":["GET"]}}],"collection":[{"href":"https:\/\/www.errecom.com\/de\/wp-json\/wp\/v2\/posts"}],"about":[{"href":"https:\/\/www.errecom.com\/de\/wp-json\/wp\/v2\/types\/post"}],"author":[{"embeddable":true,"href":"https:\/\/www.errecom.com\/de\/wp-json\/wp\/v2\/users\/1"}],"replies":[{"embeddable":true,"href":"https:\/\/www.errecom.com\/de\/wp-json\/wp\/v2\/comments?post=17904"}],"version-history":[{"count":11,"href":"https:\/\/www.errecom.com\/de\/wp-json\/wp\/v2\/posts\/17904\/revisions"}],"predecessor-version":[{"id":60827,"href":"https:\/\/www.errecom.com\/de\/wp-json\/wp\/v2\/posts\/17904\/revisions\/60827"}],"wp:featuredmedia":[{"embeddable":true,"href":"https:\/\/www.errecom.com\/de\/wp-json\/wp\/v2\/media\/17534"}],"wp:attachment":[{"href":"https:\/\/www.errecom.com\/de\/wp-json\/wp\/v2\/media?parent=17904"}],"wp:term":[{"taxonomy":"category","embeddable":true,"href":"https:\/\/www.errecom.com\/de\/wp-json\/wp\/v2\/categories?post=17904"},{"taxonomy":"post_tag","embeddable":true,"href":"https:\/\/www.errecom.com\/de\/wp-json\/wp\/v2\/tags?post=17904"},{"taxonomy":"yst_prominent_words","embeddable":true,"href":"https:\/\/www.errecom.com\/de\/wp-json\/wp\/v2\/yst_prominent_words?post=17904"}],"curies":[{"name":"wp","href":"https:\/\/api.w.org\/{rel}","templated":true}]}}